{"id":683656,"date":"2024-01-25T19:59:21","date_gmt":"2024-01-25T15:59:21","guid":{"rendered":"https:\/\/arantv.az\/?p=683656"},"modified":"2024-01-25T19:59:21","modified_gmt":"2024-01-25T15:59:21","slug":"nikol-pasinyanin-%c9%99l-qolunu-baglayanlar-sulh%c9%99-mane-olan-quvv%c9%99l%c9%99r-s%c9%99rh-foto","status":"publish","type":"post","link":"https:\/\/arantv.az\/?p=683656","title":{"rendered":"Nikol Pa\u015finyan\u0131n \u201c\u0259l-qolunu ba\u011flayanlar\u201d: S\u00fclh\u0259 mane olan q\u00fcvv\u0259l\u0259r &#8211; \u015e\u018fRH + FOTO"},"content":{"rendered":"<p>Bu g\u00fcn C\u0259nubi Qafqaz regionunun \u0259sas g\u00fcnd\u0259liyi Erm\u0259nistanla Az\u0259rbaycan aras\u0131nda s\u00fclh prosesi il\u0259 ba\u011fl\u0131d\u0131r. 2020-ci ild\u0259 \u0130kinci Qaraba\u011f m\u00fcharib\u0259sind\u0259n v\u0259 2023-c\u00fc ild\u0259 ke\u00e7irilmi\u015f birg\u00fcnl\u00fck antiterror \u0259m\u0259liyyatlar\u0131ndan sonra regionda s\u00fclh \u00fc\u00e7\u00fcn yeni imkan yarand\u0131. Bunu r\u0259smi \u0130r\u0259van da, \u00fc\u00e7\u00fcnc\u00fc t\u0259r\u0259fl\u0259r d\u0259 etiraf edirl\u0259r. Regional \u0259m\u0259kda\u015fl\u0131q v\u0259 s\u00fclh he\u00e7 vaxt indiki kimi real olmay\u0131b. X\u00fcsusil\u0259 n\u0259z\u0259r\u0259 almaq laz\u0131md\u0131r ki, Qaraba\u011fdak\u0131 xunta rejiminin l\u0259\u011fvi il\u0259 s\u00fclh\u0259 ged\u0259n \u0259sas baryerl\u0259rd\u0259n biri aradan qald\u0131r\u0131ld\u0131.<\/p>\n<p>Az\u0259rbaycan\u0131n b\u00fct\u00fcn s\u0259yl\u0259rin\u0259 baxmayaraq, h\u0259l\u0259 d\u0259 s\u00fclh sazi\u015fi imzalanmay\u0131b. Erm\u0259nistan r\u0259smil\u0259ri, o c\u00fcml\u0259d\u0259n ba\u015f nazir Nikol Pa\u015finyan, xarici i\u015fl\u0259r naziri Ararat Mirzoyan, t\u0259hl\u00fck\u0259sizlik \u015furas\u0131n\u0131n katibi Armen Qriqoryan v\u0259 dig\u0259rl\u0259ri, dem\u0259k olar ki, b\u00fct\u00fcn \u00e7\u0131x\u0131\u015flar\u0131nda s\u00fclhd\u0259 s\u0259mimi olduqlar\u0131n\u0131 deyirl\u0259r. Amma i\u015f oras\u0131ndad\u0131r ki, \u0130r\u0259van s\u00f6zd\u0259 dedikl\u0259rini \u0259m\u0259ld\u0259 g\u00f6st\u0259r\u0259 bilmir.<\/p>\n<p>Beyn\u0259lxalq institutlar da bu m\u0259zmunlu proqnozlar, hesabatlar haz\u0131rlay\u0131rlar. M\u0259s\u0259l\u0259n, AB\u015e-nin M\u00fcharib\u0259 Ara\u015fd\u0131rmalar\u0131 \u0130nstitutu yanvar\u0131n 23-d\u0259 haz\u0131rlad\u0131\u011f\u0131 hesabatda bildirib ki, Nikol Pa\u015finyan \u00f6z\u00fcn\u00fc s\u00fclhp\u0259rv\u0259r kimi g\u00f6st\u0259rs\u0259 d\u0259, \u0259slind\u0259, az g\u00fcc\u0259 malikdir. Qeyd edilib ki, Pa\u015finyan \u00f6z\u00fcn\u00fc s\u00fclh namin\u0259 f\u0259dakar kimi t\u0259qdim etm\u0259y\u0259 \u00e7al\u0131\u015f\u0131r, amma bu iqtidarda deyil.<\/p>\n<p>\u018fslind\u0259, Erm\u0259nistan h\u00f6kum\u0259t ba\u015f\u00e7\u0131s\u0131 reall\u0131qlar\u0131 qiym\u0259tl\u0259ndirm\u0259yi bacaran siyas\u0259t\u00e7idir. Onun atd\u0131\u011f\u0131 b\u0259zi add\u0131mlar, o c\u00fcml\u0259d\u0259n Erm\u0259nistanda Az\u0259rbaycan v\u0259 T\u00fcrkiy\u0259y\u0259 qar\u015f\u0131 \u0259razi iddialar\u0131n\u0131 n\u0259z\u0259rd\u0259 tutan konstitusiyan\u0131n d\u0259yi\u015fdirilm\u0259si m\u0259s\u0259l\u0259sinin g\u00fcnd\u0259m\u0259 g\u0259lm\u0259si bel\u0259 q\u0259na\u0259t\u0259 g\u0259lm\u0259y\u0259 \u0259sas verir. Amma s\u00fclh sazi\u015finin l\u0259ngim\u0259si m\u0259hz Erm\u0259nistanla ba\u011fl\u0131d\u0131r. Ba\u015fl\u0131ca s\u0259b\u0259b odur ki, Erm\u0259nistan hakimiyy\u0259ti laz\u0131mi siyasi irad\u0259y\u0259 sahib deyil. Bu g\u00fcn Pa\u015finyan hakimiyy\u0259tin\u0259 h\u0259m xaricd\u0259n, h\u0259m d\u0259 daxild\u0259n t\u0259zyiql\u0259r g\u00f6st\u0259rilir.<\/p>\n<p><img src=\"https:\/\/cdn.oxu.az\/uploads\/W1siZiIsIjIwMjQvMDEvMjUvMTcvMzYvNTkvNzllZTlmZDctNmRmZS00ZGM0LWI3NmMtZjRiYWQ1MjQ1OTg5LzhlMjE4ODk5LWI2ZWYtMzhiNC1iOTU5LTQzYTBlNWFkZDA5Ny5qcGciXSxbInAiLCJlbmNvZGUiLCJqcGciLCItcXVhbGl0eSA4MCJdLFsicCIsInRodW1iIiwiNTkweDU5MFx1MDAzZSJdXQ?sha=395da9b52689a3c8\" alt=\"\" \/><\/p>\n<p>M\u00fcxt\u0259lif beyn\u0259lxalq oyun\u00e7ular\u0131n, o c\u00fcml\u0259d\u0259n Rusiyan\u0131n, AB\u015e-nin, Fransan\u0131n, \u0130ran\u0131n, Hindistan\u0131n C\u0259nubi Qafqazla ba\u011fl\u0131 maraqlar\u0131 var. Bu aktorlar \u00f6z maraqlar\u0131n\u0131 t\u0259min etm\u0259k \u00fc\u00e7\u00fcn m\u0259hz Erm\u0259nistandan istifad\u0259 edirl\u0259r. Onlar b\u0259z\u0259n \u0130r\u0259vana t\u0259zyiq g\u00f6st\u0259rir, b\u0259z\u0259n d\u0259 \u015firnikl\u0259ndirm\u0259 yolu il\u0259 t\u0259hrik edirl\u0259r. M\u0259s\u0259l\u0259n, Erm\u0259nistandak\u0131 Rusiya h\u0259rbi bazas\u0131n\u0131n m\u00f6vcudlu\u011fu r\u0259smi \u0130r\u0259van \u00fc\u00e7\u00fcn s\u00f6z\u00fcn \u0259sl m\u0259nas\u0131nda \u201cDomokl q\u0131l\u0131nc\u0131\u201dd\u0131r. Fransa v\u0259 Hindistan kimi d\u00f6vl\u0259tl\u0259r Erm\u0259nistan\u0131 m\u00fcnt\u0259z\u0259m olaraq silahland\u0131rmaqla revan\u015fist istiqam\u0259t\u0259 meyill\u0259ndirirl\u0259r.<\/p>\n<p>Yeri g\u0259lmi\u015fk\u0259n, Erm\u0259nistan K\u0130V-i bu g\u00fcn &#8211; yanvar\u0131n 25-d\u0259 m\u0259lumat yayd\u0131 ki, Erm\u0259nistanda AB\u015e-nin 13-c\u00fc h\u0259rbi-bioloji laboratoriyas\u0131n\u0131n yarad\u0131lmas\u0131na haz\u0131rl\u0131q gedir. Bu da Va\u015finqtonun \u0130r\u0259vana t\u0259zyiqinin artmas\u0131n\u0131n g\u00f6st\u0259ricisidir. Ad\u0131n\u0131 \u00e7\u0259kdiyimiz d\u00f6vl\u0259tl\u0259rin Erm\u0259nistanla ba\u011fl\u0131 siyas\u0259ti t\u0259xmin\u0259n \u201cpulu \u00f6d\u0259y\u0259n sifari\u015fi ver\u0259r\u201d prinsipini xat\u0131rlad\u0131r. B\u00fct\u00fcn bunlar azm\u0131\u015f kimi, Erm\u0259nistan daxilind\u0259ki radikallar, ayr\u0131-ayr\u0131 \u00f6lk\u0259l\u0259rd\u0259ki erm\u0259ni lobbisi v\u0259 diasporu da Pa\u015finyan\u0131n \u0259l-qolunu ba\u011flay\u0131r. M\u0259hz buna g\u00f6r\u0259 d\u0259 AB\u015e institutu deyir ki, Pa\u015finyan s\u00fclh ist\u0259m\u0259sin\u0259 baxmayaraq, bunun \u00fc\u00e7\u00fcn laz\u0131mi g\u00fcc\u0259 malik deyil.<\/p>\n<p><img src=\"https:\/\/cdn.oxu.az\/uploads\/W1siZiIsIjIwMjQvMDEvMjUvMTcvMzYvNTkvYjY4MWQyNWYtZGI5NS00ZDllLTkyNjItYmU0MDZkODA4NDRkL2ZjMDU0ZTg0LTY4YjktMzJjZi05MThkLWViZGMwMjI5MDUxNS5qcGciXSxbInAiLCJlbmNvZGUiLCJqcGciLCItcXVhbGl0eSA4MCJdLFsicCIsInRodW1iIiwiNTkweDU5MFx1MDAzZSJdXQ?sha=94bbd03c9781d21a\" alt=\"\" \/><\/p>\n<p>Pa\u015finyan\u0131n reall\u0131qlar\u0131 qism\u0259n d\u0259 olsa anlamas\u0131 m\u0259hz Az\u0259rbaycan\u0131n q\u0259tiyy\u0259ti, habel\u0259 \u201cd\u0259mir yumruq\u201d say\u0259sind\u0259 m\u00fcmk\u00fcn olub. \u00dc\u00e7\u00fcnc\u00fc aktorlar\u0131n b\u0259yanatlar v\u0259 add\u0131mlar\u0131 h\u0259m d\u0259 m\u00fc\u0259yy\u0259n q\u0259d\u0259r Erm\u0259nistan\u0131n \u201cba\u015f\u0131n\u0131n alt\u0131na yast\u0131q qoymaqd\u0131r\u201d. \u0130r\u0259van \u00f6z\u00fcn\u00fc t\u0259hl\u00fck\u0259siz hiss edir v\u0259 el\u0259 bilir ki, bu g\u00fccl\u0259r ona \u0259b\u0259di havadarl\u0131q ed\u0259c\u0259kl\u0259r. Halbuki AB\u015e-nin, Rusiyan\u0131n, Fransan\u0131n ayr\u0131-ayr\u0131 b\u00f6lg\u0259l\u0259rd\u0259ki siyas\u0259tl\u0259ri Erm\u0259nistan hakimiyy\u0259ti \u00fc\u00e7\u00fcn d\u0259rs olmal\u0131d\u0131r. A\u011f Evin \u015e\u0259rqi Avropa, Yax\u0131n \u015e\u0259rq siyas\u0259ti, h\u0259m\u00e7inin Fransan\u0131n neokolonializm siyas\u0259ti, ayr\u0131-ayr\u0131 Afrika \u00f6lk\u0259l\u0259rind\u0259 h\u0259yata ke\u00e7irdiyi m\u00fcst\u0259ml\u0259k\u0259\u00e7ilikd\u0259n \u0130r\u0259van n\u0259tic\u0259 \u00e7\u0131xarmal\u0131d\u0131r. Bu, Erm\u0259nistan\u0131n \u00f6z d\u00f6vl\u0259t\u00e7iliyi \u00fc\u00e7\u00fcnd\u00fcr.<\/p>\n<p>Pa\u015finyan hakimiyy\u0259ti ona t\u0259sir imkan\u0131 olan b\u00fct\u00fcn t\u0259r\u0259fl\u0259ri qane etm\u0259y\u0259 \u00e7al\u0131\u015f\u0131r. Bu is\u0259 \u0259slind\u0259 bumeranq effekti verir &#8211; Erm\u0259nistanda k\u0259nar g\u00fccl\u0259rin r\u0259qab\u0259ti g\u00fccl\u0259nir, s\u00fclh prosesi uzan\u0131r. Bu g\u00fcn Erm\u0259nistanda Q\u0259rbl\u0259 Rusiya aras\u0131nda davam ed\u0259n diplomatik m\u00fcbariz\u0259nin g\u0259l\u0259c\u0259kd\u0259 h\u0259rbi m\u00fcst\u0259viy\u0259 ke\u00e7m\u0259si q\u0259tiyy\u0259n istisna deyil. Bel\u0259 olan halda \u0130r\u0259van \u00fc\u00e7\u00fcn \u0259n yax\u015f\u0131 variant regional \u0259m\u0259kda\u015fl\u0131q m\u00fchitinin t\u0259min edilm\u0259si, Ankara v\u0259 Bak\u0131 il\u0259 m\u00fcnasib\u0259tl\u0259rin normalla\u015fmas\u0131d\u0131r. Bu, b\u00f6lg\u0259d\u0259 yeni t\u0259hl\u00fck\u0259sizlik \u00e7\u0259tirinin formala\u015fmas\u0131 v\u0259 dolay\u0131s\u0131 il\u0259 Erm\u0259nistan\u0131n t\u0259hl\u00fck\u0259sizliyinin t\u0259min olunmas\u0131 dem\u0259kdir. N\u0259tic\u0259 etibaril\u0259 \u0130r\u0259vana k\u0259nar g\u00fccl\u0259rin t\u0259zyiq v\u0259 t\u0259sirl\u0259ri xeyli azalacaq, Erm\u0259nistan d\u00f6vl\u0259t\u00e7iliyinin g\u0259l\u0259c\u0259yi \u00fc\u00e7\u00fcn yeni perspektivl\u0259r formala\u015facaq. Bel\u0259likl\u0259, bu, ilkin m\u0259rh\u0259l\u0259d\u0259 m\u00fc\u0259yy\u0259n q\u0259d\u0259r riskli olsa da, Pa\u015finyan siyasi irad\u0259 n\u00fcmayi\u015f etdirm\u0259li, s\u00fcr\u0259tl\u0259 onun \u00fcz\u0259rin\u0259 g\u0259l\u0259n n\u0259h\u0259ng \u201cdal\u011fa\u201dlar\u0131n alt\u0131ndan \u00e7\u0131xmal\u0131d\u0131r.<\/p>\n<p><strong>\u201cReport\u201d \u0130nformasiya Agentliyi<\/strong><\/p>\n","protected":false},"excerpt":{"rendered":"<p>Bu g\u00fcn C\u0259nubi Qafqaz regionunun \u0259sas g\u00fcnd\u0259liyi Erm\u0259nistanla Az\u0259rbaycan aras\u0131nda s\u00fclh prosesi il\u0259 ba\u011fl\u0131d\u0131r. 2020-ci ild\u0259 \u0130kinci Qaraba\u011f m\u00fcharib\u0259sind\u0259n v\u0259 2023-c\u00fc ild\u0259 ke\u00e7irilmi\u015f birg\u00fcnl\u00fck antiterror \u0259m\u0259liyyatlar\u0131ndan sonra regionda s\u00fclh \u00fc\u00e7\u00fcn yeni imkan yarand\u0131. Bunu r\u0259smi \u0130r\u0259van da, \u00fc\u00e7\u00fcnc\u00fc t\u0259r\u0259fl\u0259r d\u0259 etiraf edirl\u0259r. Regional \u0259m\u0259kda\u015fl\u0131q v\u0259 s\u00fclh he\u00e7 vaxt indiki kimi real olmay\u0131b. X\u00fcsusil\u0259 n\u0259z\u0259r\u0259 almaq laz\u0131md\u0131r ki, Qaraba\u011fdak\u0131 xunta rejiminin l\u0259\u011fvi il\u0259 s\u00fclh\u0259 ged\u0259n \u0259sas baryerl\u0259rd\u0259n biri aradan qald\u0131r\u0131ld\u0131. Az\u0259rbaycan\u0131n b\u00fct\u00fcn s\u0259yl\u0259rin\u0259 baxmayaraq, h\u0259l\u0259 d\u0259 s\u00fclh sazi\u015fi imzalanmay\u0131b. Erm\u0259nistan r\u0259smil\u0259ri, o c\u00fcml\u0259d\u0259n ba\u015f nazir Nikol Pa\u015finyan, xarici i\u015fl\u0259r naziri Ararat&hellip;<\/p>\n","protected":false},"author":2,"featured_media":683657,"comment_status":"closed","ping_status":"closed","sticky":false,"template":"","format":"standard","meta":{"om_disable_all_campaigns":false,"_monsterinsights_skip_tracking":false,"_monsterinsights_sitenote_active":false,"_monsterinsights_sitenote_note":"","_monsterinsights_sitenote_category":0},"categories":[4],"tags":[],"aioseo_notices":[],"gutentor_comment":0,"rttpg_featured_image_url":{"full":["https:\/\/arantv.az\/wp-content\/uploads\/2024\/01\/07bbcddb-7bfc-3643-bf7c-1c707e8b198b_850-1.jpg",620,413,false],"landscape":["https:\/\/arantv.az\/wp-content\/uploads\/2024\/01\/07bbcddb-7bfc-3643-bf7c-1c707e8b198b_850-1.jpg",620,413,false],"portraits":["https:\/\/arantv.az\/wp-content\/uploads\/2024\/01\/07bbcddb-7bfc-3643-bf7c-1c707e8b198b_850-1.jpg",620,413,false],"thumbnail":["https:\/\/arantv.az\/wp-content\/uploads\/2024\/01\/07bbcddb-7bfc-3643-bf7c-1c707e8b198b_850-1-500x280.jpg",500,280,true],"medium":["https:\/\/arantv.az\/wp-content\/uploads\/2024\/01\/07bbcddb-7bfc-3643-bf7c-1c707e8b198b_850-1-548x365.jpg",548,365,true],"large":["https:\/\/arantv.az\/wp-content\/uploads\/2024\/01\/07bbcddb-7bfc-3643-bf7c-1c707e8b198b_850-1.jpg",620,413,false],"1536x1536":["https:\/\/arantv.az\/wp-content\/uploads\/2024\/01\/07bbcddb-7bfc-3643-bf7c-1c707e8b198b_850-1.jpg",620,413,false],"2048x2048":["https:\/\/arantv.az\/wp-content\/uploads\/2024\/01\/07bbcddb-7bfc-3643-bf7c-1c707e8b198b_850-1.jpg",620,413,false],"post-thumbnail":["https:\/\/arantv.az\/wp-content\/uploads\/2024\/01\/07bbcddb-7bfc-3643-bf7c-1c707e8b198b_850-1-240x172.jpg",240,172,true],"advps-thumb-one":["https:\/\/arantv.az\/wp-content\/uploads\/2024\/01\/07bbcddb-7bfc-3643-bf7c-1c707e8b198b_850-1.jpg",620,413,false]},"rttpg_author":{"display_name":"V\u00fcsal Rafiqo\u011flu","author_link":"https:\/\/arantv.az\/?author=2"},"rttpg_comment":0,"rttpg_category":"<a href=\"https:\/\/arantv.az\/?cat=4\" rel=\"category\">Siyas\u0259t<\/a>","rttpg_excerpt":"Bu g\u00fcn C\u0259nubi Qafqaz regionunun \u0259sas g\u00fcnd\u0259liyi Erm\u0259nistanla Az\u0259rbaycan aras\u0131nda s\u00fclh prosesi il\u0259 ba\u011fl\u0131d\u0131r. 2020-ci ild\u0259 \u0130kinci Qaraba\u011f m\u00fcharib\u0259sind\u0259n v\u0259 2023-c\u00fc ild\u0259 ke\u00e7irilmi\u015f birg\u00fcnl\u00fck antiterror \u0259m\u0259liyyatlar\u0131ndan sonra regionda s\u00fclh \u00fc\u00e7\u00fcn yeni imkan yarand\u0131. Bunu r\u0259smi \u0130r\u0259van da, \u00fc\u00e7\u00fcnc\u00fc t\u0259r\u0259fl\u0259r d\u0259 etiraf edirl\u0259r. Regional \u0259m\u0259kda\u015fl\u0131q v\u0259 s\u00fclh he\u00e7 vaxt indiki kimi real olmay\u0131b. X\u00fcsusil\u0259 n\u0259z\u0259r\u0259 almaq&hellip;","_links":{"self":[{"href":"https:\/\/arantv.az\/index.php?rest_route=\/wp\/v2\/posts\/683656"}],"collection":[{"href":"https:\/\/arantv.az\/index.php?rest_route=\/wp\/v2\/posts"}],"about":[{"href":"https:\/\/arantv.az\/index.php?rest_route=\/wp\/v2\/types\/post"}],"author":[{"embeddable":true,"href":"https:\/\/arantv.az\/index.php?rest_route=\/wp\/v2\/users\/2"}],"replies":[{"embeddable":true,"href":"https:\/\/arantv.az\/index.php?rest_route=%2Fwp%2Fv2%2Fcomments&post=683656"}],"version-history":[{"count":0,"href":"https:\/\/arantv.az\/index.php?rest_route=\/wp\/v2\/posts\/683656\/revisions"}],"wp:featuredmedia":[{"embeddable":true,"href":"https:\/\/arantv.az\/index.php?rest_route=\/wp\/v2\/media\/683657"}],"wp:attachment":[{"href":"https:\/\/arantv.az\/index.php?rest_route=%2Fwp%2Fv2%2Fmedia&parent=683656"}],"wp:term":[{"taxonomy":"category","embeddable":true,"href":"https:\/\/arantv.az\/index.php?rest_route=%2Fwp%2Fv2%2Fcategories&post=683656"},{"taxonomy":"post_tag","embeddable":true,"href":"https:\/\/arantv.az\/index.php?rest_route=%2Fwp%2Fv2%2Ftags&post=683656"}],"curies":[{"name":"wp","href":"https:\/\/api.w.org\/{rel}","templated":true}]}}