{"id":683670,"date":"2024-01-25T20:03:55","date_gmt":"2024-01-25T16:03:55","guid":{"rendered":"https:\/\/arantv.az\/?p=683670"},"modified":"2024-01-25T20:03:55","modified_gmt":"2024-01-25T16:03:55","slug":"valideynlik-huququndan-m%c9%99hrum-edilm%c9%99-il%c9%99-bagli-yenilik","status":"publish","type":"post","link":"https:\/\/arantv.az\/?p=683670","title":{"rendered":"Valideynlik h\u00fcququndan m\u0259hrum edilm\u0259 il\u0259 ba\u011fl\u0131 YEN\u0130L\u0130K"},"content":{"rendered":"<p>Prokuror valideynl\u0259rin valideynlik h\u00fcquqlar\u0131n\u0131n m\u0259hdudla\u015fd\u0131r\u0131lmas\u0131 v\u0259 valideynlik h\u00fcquqlar\u0131ndan m\u0259hrum edilm\u0259si bar\u0259d\u0259 iddia qald\u0131ra bil\u0259c\u0259k.<\/p>\n<p>APA\u00a0x\u0259b\u0259r verir ki, bu, Milli M\u0259clisin \u0130nsan h\u00fcquqlar\u0131 komit\u0259sind\u0259 m\u00fczakir\u0259y\u0259 \u00e7\u0131xar\u0131laraq parlamentin plenar iclas\u0131na t\u00f6vsiy\u0259 edil\u0259n Ail\u0259 M\u0259c\u0259ll\u0259sin\u0259 t\u0259klif edil\u0259n d\u0259yi\u015fiklikd\u0259 \u0259ksini tap\u0131b.<\/p>\n<p>Layih\u0259y\u0259 \u0259sas\u0259n, valideynl\u0259rin valideynlik h\u00fcquqlar\u0131n\u0131n m\u0259hdudla\u015fd\u0131r\u0131lmas\u0131 v\u0259 valideynlik h\u00fcquqlar\u0131ndan m\u0259hrum edilm\u0259si bar\u0259d\u0259 iddia qald\u0131rmaq h\u00fcququ olan \u015f\u0259xsl\u0259r s\u0131ras\u0131na prokurorluq orqanlar\u0131n\u0131n da \u0259lav\u0259 edilm\u0259si t\u0259klif edilir.<\/p>\n<p>Qeyd ed\u0259k ki, haz\u0131rda u\u015fa\u011f\u0131n yax\u0131n qohumlar\u0131, yetkinlik ya\u015f\u0131na \u00e7atmayan u\u015faqlar\u0131 m\u00fcdafi\u0259 ed\u0259n orqanlar, m\u0259kt\u0259b\u0259q\u0259d\u0259r, \u00fcmumt\u0259hsil v\u0259 ba\u015fqa m\u00fc\u0259ssis\u0259l\u0259r valideynlik h\u00fcquqlar\u0131n\u0131n m\u0259hdudla\u015fd\u0131r\u0131lmas\u0131 bar\u0259d\u0259 iddia qald\u0131ra bil\u0259rl\u0259r.<\/p>\n","protected":false},"excerpt":{"rendered":"<p>Prokuror valideynl\u0259rin valideynlik h\u00fcquqlar\u0131n\u0131n m\u0259hdudla\u015fd\u0131r\u0131lmas\u0131 v\u0259 valideynlik h\u00fcquqlar\u0131ndan m\u0259hrum edilm\u0259si bar\u0259d\u0259 iddia qald\u0131ra bil\u0259c\u0259k. APA\u00a0x\u0259b\u0259r verir ki, bu, Milli M\u0259clisin \u0130nsan h\u00fcquqlar\u0131 komit\u0259sind\u0259 m\u00fczakir\u0259y\u0259 \u00e7\u0131xar\u0131laraq parlamentin plenar iclas\u0131na t\u00f6vsiy\u0259 edil\u0259n Ail\u0259 M\u0259c\u0259ll\u0259sin\u0259 t\u0259klif edil\u0259n d\u0259yi\u015fiklikd\u0259 \u0259ksini tap\u0131b. Layih\u0259y\u0259 \u0259sas\u0259n, valideynl\u0259rin valideynlik h\u00fcquqlar\u0131n\u0131n m\u0259hdudla\u015fd\u0131r\u0131lmas\u0131 v\u0259 valideynlik h\u00fcquqlar\u0131ndan m\u0259hrum edilm\u0259si bar\u0259d\u0259 iddia qald\u0131rmaq h\u00fcququ olan \u015f\u0259xsl\u0259r s\u0131ras\u0131na prokurorluq orqanlar\u0131n\u0131n da \u0259lav\u0259 edilm\u0259si t\u0259klif edilir. Qeyd ed\u0259k ki, haz\u0131rda u\u015fa\u011f\u0131n yax\u0131n qohumlar\u0131, yetkinlik ya\u015f\u0131na \u00e7atmayan u\u015faqlar\u0131 m\u00fcdafi\u0259 ed\u0259n orqanlar, m\u0259kt\u0259b\u0259q\u0259d\u0259r, \u00fcmumt\u0259hsil v\u0259 ba\u015fqa m\u00fc\u0259ssis\u0259l\u0259r valideynlik h\u00fcquqlar\u0131n\u0131n m\u0259hdudla\u015fd\u0131r\u0131lmas\u0131 bar\u0259d\u0259 iddia qald\u0131ra bil\u0259rl\u0259r.<\/p>\n","protected":false},"author":2,"featured_media":683671,"comment_status":"closed","ping_status":"closed","sticky":false,"template":"","format":"standard","meta":{"om_disable_all_campaigns":false,"_monsterinsights_skip_tracking":false,"_monsterinsights_sitenote_active":false,"_monsterinsights_sitenote_note":"","_monsterinsights_sitenote_category":0},"categories":[1],"tags":[],"aioseo_notices":[],"gutentor_comment":0,"rttpg_featured_image_url":{"full":["https:\/\/arantv.az\/wp-content\/uploads\/2024\/01\/FotoJet-32-3.jpg",620,413,false],"landscape":["https:\/\/arantv.az\/wp-content\/uploads\/2024\/01\/FotoJet-32-3.jpg",620,413,false],"portraits":["https:\/\/arantv.az\/wp-content\/uploads\/2024\/01\/FotoJet-32-3.jpg",620,413,false],"thumbnail":["https:\/\/arantv.az\/wp-content\/uploads\/2024\/01\/FotoJet-32-3-500x280.jpg",500,280,true],"medium":["https:\/\/arantv.az\/wp-content\/uploads\/2024\/01\/FotoJet-32-3-548x365.jpg",548,365,true],"large":["https:\/\/arantv.az\/wp-content\/uploads\/2024\/01\/FotoJet-32-3.jpg",620,413,false],"1536x1536":["https:\/\/arantv.az\/wp-content\/uploads\/2024\/01\/FotoJet-32-3.jpg",620,413,false],"2048x2048":["https:\/\/arantv.az\/wp-content\/uploads\/2024\/01\/FotoJet-32-3.jpg",620,413,false],"post-thumbnail":["https:\/\/arantv.az\/wp-content\/uploads\/2024\/01\/FotoJet-32-3-240x172.jpg",240,172,true],"advps-thumb-one":["https:\/\/arantv.az\/wp-content\/uploads\/2024\/01\/FotoJet-32-3.jpg",620,413,false]},"rttpg_author":{"display_name":"V\u00fcsal Rafiqo\u011flu","author_link":"https:\/\/arantv.az\/?author=2"},"rttpg_comment":0,"rttpg_category":"<a href=\"https:\/\/arantv.az\/?cat=1\" rel=\"category\">C\u0259miyy\u0259t<\/a>","rttpg_excerpt":"Prokuror valideynl\u0259rin valideynlik h\u00fcquqlar\u0131n\u0131n m\u0259hdudla\u015fd\u0131r\u0131lmas\u0131 v\u0259 valideynlik h\u00fcquqlar\u0131ndan m\u0259hrum edilm\u0259si bar\u0259d\u0259 iddia qald\u0131ra bil\u0259c\u0259k. APA\u00a0x\u0259b\u0259r verir ki, bu, Milli M\u0259clisin \u0130nsan h\u00fcquqlar\u0131 komit\u0259sind\u0259 m\u00fczakir\u0259y\u0259 \u00e7\u0131xar\u0131laraq parlamentin plenar iclas\u0131na t\u00f6vsiy\u0259 edil\u0259n Ail\u0259 M\u0259c\u0259ll\u0259sin\u0259 t\u0259klif edil\u0259n d\u0259yi\u015fiklikd\u0259 \u0259ksini tap\u0131b. Layih\u0259y\u0259 \u0259sas\u0259n, valideynl\u0259rin valideynlik h\u00fcquqlar\u0131n\u0131n m\u0259hdudla\u015fd\u0131r\u0131lmas\u0131 v\u0259 valideynlik h\u00fcquqlar\u0131ndan m\u0259hrum edilm\u0259si bar\u0259d\u0259 iddia qald\u0131rmaq h\u00fcququ olan \u015f\u0259xsl\u0259r s\u0131ras\u0131na&hellip;","_links":{"self":[{"href":"https:\/\/arantv.az\/index.php?rest_route=\/wp\/v2\/posts\/683670"}],"collection":[{"href":"https:\/\/arantv.az\/index.php?rest_route=\/wp\/v2\/posts"}],"about":[{"href":"https:\/\/arantv.az\/index.php?rest_route=\/wp\/v2\/types\/post"}],"author":[{"embeddable":true,"href":"https:\/\/arantv.az\/index.php?rest_route=\/wp\/v2\/users\/2"}],"replies":[{"embeddable":true,"href":"https:\/\/arantv.az\/index.php?rest_route=%2Fwp%2Fv2%2Fcomments&post=683670"}],"version-history":[{"count":0,"href":"https:\/\/arantv.az\/index.php?rest_route=\/wp\/v2\/posts\/683670\/revisions"}],"wp:featuredmedia":[{"embeddable":true,"href":"https:\/\/arantv.az\/index.php?rest_route=\/wp\/v2\/media\/683671"}],"wp:attachment":[{"href":"https:\/\/arantv.az\/index.php?rest_route=%2Fwp%2Fv2%2Fmedia&parent=683670"}],"wp:term":[{"taxonomy":"category","embeddable":true,"href":"https:\/\/arantv.az\/index.php?rest_route=%2Fwp%2Fv2%2Fcategories&post=683670"},{"taxonomy":"post_tag","embeddable":true,"href":"https:\/\/arantv.az\/index.php?rest_route=%2Fwp%2Fv2%2Ftags&post=683670"}],"curies":[{"name":"wp","href":"https:\/\/api.w.org\/{rel}","templated":true}]}}