{"id":683673,"date":"2024-01-25T20:04:49","date_gmt":"2024-01-25T16:04:49","guid":{"rendered":"https:\/\/arantv.az\/?p=683673"},"modified":"2024-01-25T20:04:49","modified_gmt":"2024-01-25T16:04:49","slug":"r%c9%99q%c9%99msal-m%c9%99kanda-v%c9%99t%c9%99ndaslarinin-huquqlarinin-qorunmasi-il%c9%99-bagli-qanun-layih%c9%99si-hazirlanacaq","status":"publish","type":"post","link":"https:\/\/arantv.az\/?p=683673","title":{"rendered":"R\u0259q\u0259msal m\u0259kanda v\u0259t\u0259nda\u015flar\u0131n\u0131n h\u00fcquqlar\u0131n\u0131n qorunmas\u0131 il\u0259 ba\u011fl\u0131 qanun layih\u0259si haz\u0131rlanacaq"},"content":{"rendered":"<p>R\u0259q\u0259msal m\u0259kanda v\u0259t\u0259nda\u015flar\u0131n\u0131n h\u00fcquqlar\u0131n\u0131n qorunmas\u0131 il\u0259 ba\u011fl\u0131 qanun layih\u0259si haz\u0131rlanacaq.<\/p>\n<p>APA\u00a0x\u0259b\u0259r verir ki, bu, Milli M\u0259clisin \u0130nsan h\u00fcquqlar\u0131 komit\u0259sinin 2024-c\u00fc il yaz sessiyas\u0131 \u00fc\u00e7\u00fcn \u0130\u015f Plan\u0131na daxil edilib.<\/p>\n<p>Sessiya m\u00fcdd\u0259tind\u0259 r\u0259q\u0259msal m\u0259kanda v\u0259t\u0259nda\u015flar\u0131n\u0131n h\u00fcquqlar\u0131n\u0131n qorunmas\u0131 il\u0259 ba\u011fl\u0131 \u201cYeni n\u0259sil r\u0259q\u0259msal h\u00fcquqlar\u201d m\u00f6vzusunda dinl\u0259m\u0259l\u0259r ke\u00e7iril\u0259c\u0259k, bu sah\u0259d\u0259 qanun layih\u0259sinin i\u015fl\u0259nib haz\u0131rlanacaq.<\/p>\n<p>Eyni zamanda\u00a0\u201dS\u00fcni \u0130ntellekt \u0259sri, kibercinay\u0259tkarl\u0131\u011f\u0131n geni\u015fl\u0259n\u0259n m\u0259kan\u0131 v\u0259 insan h\u00fcquqlar\u0131n\u0131n m\u00fcdafi\u0259sind\u0259 yeni \u00e7a\u011f\u0131r\u0131\u015flar, cavablar\u201d m\u00f6vzusunda konfrans\u0131n ke\u00e7irilm\u0259si planla\u015fd\u0131r\u0131l\u0131b.<\/p>\n","protected":false},"excerpt":{"rendered":"<p>R\u0259q\u0259msal m\u0259kanda v\u0259t\u0259nda\u015flar\u0131n\u0131n h\u00fcquqlar\u0131n\u0131n qorunmas\u0131 il\u0259 ba\u011fl\u0131 qanun layih\u0259si haz\u0131rlanacaq. APA\u00a0x\u0259b\u0259r verir ki, bu, Milli M\u0259clisin \u0130nsan h\u00fcquqlar\u0131 komit\u0259sinin 2024-c\u00fc il yaz sessiyas\u0131 \u00fc\u00e7\u00fcn \u0130\u015f Plan\u0131na daxil edilib. Sessiya m\u00fcdd\u0259tind\u0259 r\u0259q\u0259msal m\u0259kanda v\u0259t\u0259nda\u015flar\u0131n\u0131n h\u00fcquqlar\u0131n\u0131n qorunmas\u0131 il\u0259 ba\u011fl\u0131 \u201cYeni n\u0259sil r\u0259q\u0259msal h\u00fcquqlar\u201d m\u00f6vzusunda dinl\u0259m\u0259l\u0259r ke\u00e7iril\u0259c\u0259k, bu sah\u0259d\u0259 qanun layih\u0259sinin i\u015fl\u0259nib haz\u0131rlanacaq. Eyni zamanda\u00a0\u201dS\u00fcni \u0130ntellekt \u0259sri, kibercinay\u0259tkarl\u0131\u011f\u0131n geni\u015fl\u0259n\u0259n m\u0259kan\u0131 v\u0259 insan h\u00fcquqlar\u0131n\u0131n m\u00fcdafi\u0259sind\u0259 yeni \u00e7a\u011f\u0131r\u0131\u015flar, cavablar\u201d m\u00f6vzusunda konfrans\u0131n ke\u00e7irilm\u0259si planla\u015fd\u0131r\u0131l\u0131b.<\/p>\n","protected":false},"author":2,"featured_media":683674,"comment_status":"closed","ping_status":"closed","sticky":false,"template":"","format":"standard","meta":{"om_disable_all_campaigns":false,"_monsterinsights_skip_tracking":false,"_monsterinsights_sitenote_active":false,"_monsterinsights_sitenote_note":"","_monsterinsights_sitenote_category":0},"categories":[19],"tags":[],"aioseo_notices":[],"gutentor_comment":0,"rttpg_featured_image_url":{"full":["https:\/\/arantv.az\/wp-content\/uploads\/2024\/01\/FotoJet-2-13.jpg",620,413,false],"landscape":["https:\/\/arantv.az\/wp-content\/uploads\/2024\/01\/FotoJet-2-13.jpg",620,413,false],"portraits":["https:\/\/arantv.az\/wp-content\/uploads\/2024\/01\/FotoJet-2-13.jpg",620,413,false],"thumbnail":["https:\/\/arantv.az\/wp-content\/uploads\/2024\/01\/FotoJet-2-13-500x280.jpg",500,280,true],"medium":["https:\/\/arantv.az\/wp-content\/uploads\/2024\/01\/FotoJet-2-13-548x365.jpg",548,365,true],"large":["https:\/\/arantv.az\/wp-content\/uploads\/2024\/01\/FotoJet-2-13.jpg",620,413,false],"1536x1536":["https:\/\/arantv.az\/wp-content\/uploads\/2024\/01\/FotoJet-2-13.jpg",620,413,false],"2048x2048":["https:\/\/arantv.az\/wp-content\/uploads\/2024\/01\/FotoJet-2-13.jpg",620,413,false],"post-thumbnail":["https:\/\/arantv.az\/wp-content\/uploads\/2024\/01\/FotoJet-2-13-240x172.jpg",240,172,true],"advps-thumb-one":["https:\/\/arantv.az\/wp-content\/uploads\/2024\/01\/FotoJet-2-13.jpg",620,413,false]},"rttpg_author":{"display_name":"V\u00fcsal Rafiqo\u011flu","author_link":"https:\/\/arantv.az\/?author=2"},"rttpg_comment":0,"rttpg_category":"<a href=\"https:\/\/arantv.az\/?cat=19\" rel=\"category\">G\u00fcnd\u0259m<\/a>","rttpg_excerpt":"R\u0259q\u0259msal m\u0259kanda v\u0259t\u0259nda\u015flar\u0131n\u0131n h\u00fcquqlar\u0131n\u0131n qorunmas\u0131 il\u0259 ba\u011fl\u0131 qanun layih\u0259si haz\u0131rlanacaq. APA\u00a0x\u0259b\u0259r verir ki, bu, Milli M\u0259clisin \u0130nsan h\u00fcquqlar\u0131 komit\u0259sinin 2024-c\u00fc il yaz sessiyas\u0131 \u00fc\u00e7\u00fcn \u0130\u015f Plan\u0131na daxil edilib. Sessiya m\u00fcdd\u0259tind\u0259 r\u0259q\u0259msal m\u0259kanda v\u0259t\u0259nda\u015flar\u0131n\u0131n h\u00fcquqlar\u0131n\u0131n qorunmas\u0131 il\u0259 ba\u011fl\u0131 \u201cYeni n\u0259sil r\u0259q\u0259msal h\u00fcquqlar\u201d m\u00f6vzusunda dinl\u0259m\u0259l\u0259r ke\u00e7iril\u0259c\u0259k, bu sah\u0259d\u0259 qanun layih\u0259sinin i\u015fl\u0259nib haz\u0131rlanacaq. Eyni zamanda\u00a0\u201dS\u00fcni \u0130ntellekt \u0259sri, kibercinay\u0259tkarl\u0131\u011f\u0131n&hellip;","_links":{"self":[{"href":"https:\/\/arantv.az\/index.php?rest_route=\/wp\/v2\/posts\/683673"}],"collection":[{"href":"https:\/\/arantv.az\/index.php?rest_route=\/wp\/v2\/posts"}],"about":[{"href":"https:\/\/arantv.az\/index.php?rest_route=\/wp\/v2\/types\/post"}],"author":[{"embeddable":true,"href":"https:\/\/arantv.az\/index.php?rest_route=\/wp\/v2\/users\/2"}],"replies":[{"embeddable":true,"href":"https:\/\/arantv.az\/index.php?rest_route=%2Fwp%2Fv2%2Fcomments&post=683673"}],"version-history":[{"count":0,"href":"https:\/\/arantv.az\/index.php?rest_route=\/wp\/v2\/posts\/683673\/revisions"}],"wp:featuredmedia":[{"embeddable":true,"href":"https:\/\/arantv.az\/index.php?rest_route=\/wp\/v2\/media\/683674"}],"wp:attachment":[{"href":"https:\/\/arantv.az\/index.php?rest_route=%2Fwp%2Fv2%2Fmedia&parent=683673"}],"wp:term":[{"taxonomy":"category","embeddable":true,"href":"https:\/\/arantv.az\/index.php?rest_route=%2Fwp%2Fv2%2Fcategories&post=683673"},{"taxonomy":"post_tag","embeddable":true,"href":"https:\/\/arantv.az\/index.php?rest_route=%2Fwp%2Fv2%2Ftags&post=683673"}],"curies":[{"name":"wp","href":"https:\/\/api.w.org\/{rel}","templated":true}]}}