{"id":683678,"date":"2024-01-25T20:06:59","date_gmt":"2024-01-25T16:06:59","guid":{"rendered":"https:\/\/arantv.az\/?p=683678"},"modified":"2024-01-25T20:06:59","modified_gmt":"2024-01-25T16:06:59","slug":"z%c9%99f%c9%99r-seckisi-v%c9%99-ilham-%c9%99liyevin-yazdigi-yeni-tarixin-moht%c9%99s%c9%99m-baslangici-t%c9%99nzil%c9%99-rust%c9%99mxanli-yazir","status":"publish","type":"post","link":"https:\/\/arantv.az\/?p=683678","title":{"rendered":"Z\u0259f\u0259r se\u00e7kisi v\u0259 \u0130lham \u018fliyevin yazd\u0131\u011f\u0131 yeni tarixin m\u00f6ht\u0259\u015f\u0259m ba\u015flan\u011f\u0131c\u0131 \u2013 T\u0259nzil\u0259 R\u00fcst\u0259mxanl\u0131 yaz\u0131r"},"content":{"rendered":"<p><em><strong>024-c\u00fc ilin 7 fevral tarixind\u0259 xalq\u0131m\u0131z yenid\u0259n \u00f6z siyasi irad\u0259sini ortaya qoyacaq!<\/strong><\/em><\/p>\n<p>\u018fvv\u0259lki se\u00e7kil\u0259rl\u0259 m\u00fcqayis\u0259d\u0259 2024-c\u00fc il Prezident se\u00e7kisinin \u00fcz\u0259rimizd\u0259ki m\u0259n\u0259vi y\u00fck\u00fc daha b\u00f6y\u00fckd\u00fcr. Bir xalq\u0131n v\u0259 bir d\u00f6vl\u0259tin ya\u015fam\u0131n\u0131n 30 il boyunca h\u0259r sah\u0259sin\u0259 \u00f6z t\u0259sirini g\u00f6st\u0259rmi\u015f, \u00fcm\u00fcmxalq yaras\u0131na \u00e7evrilmi\u015f Qaraba\u011f Sava\u015f\u0131n\u0131n bitm\u0259si v\u0259 \u0259razi b\u00fct\u00f6vl\u00fcy\u00fcn\u00fcn b\u0259rpas\u0131 Az\u0259rbaycan\u0131n yeni \u015fanl\u0131 tarix s\u0259hif\u0259sinin a\u00e7\u0131lmas\u0131 dem\u0259kdir.<\/p>\n<p>Bu se\u00e7kil\u0259r bir d\u00f6vl\u0259tin m\u00fcst\u0259qilliyi, \u0259razi b\u00fct\u00f6vl\u00fcy\u00fc v\u0259 rifah\u0131 \u00fc\u00e7\u00fcn \u00e7al\u0131\u015fan \u015e\u0259xsiyy\u0259tin xalq t\u0259r\u0259find\u0259n yenid\u0259n t\u0259sdiql\u0259nm\u0259si v\u0259 m\u0259n\u0259vi borcunu yerin\u0259 yetir\u0259c\u0259yi se\u00e7kil\u0259r olacaq. Bu d\u0259f\u0259 qalib xalq olaraq, Qalib Az\u0259rbaycan\u0131n Ali Ba\u015f Komandan\u0131n\u0131, \u00d6lk\u0259 prezidentini \u2013 Liderini se\u00e7\u0259c\u0259yik!<\/p>\n<p>Bu il xalq olaraq, \u00f6lk\u0259mizin h\u0259r bir b\u00f6lg\u0259sind\u0259 b\u00f6y\u00fck m\u0259qs\u0259dl\u0259r v\u0259 h\u0259d\u0259fl\u0259r u\u011frunda ir\u0259lil\u0259y\u0259n Az\u0259rbaycan\u0131n b\u00fct\u00f6vl\u0259\u015f\u0259n \u0259razisind\u0259 prezident se\u00e7kil\u0259rind\u0259 i\u015ftirak etm\u0259k v\u0259t\u0259nda\u015fl\u0131q borcumuz olacaq! \u00c7\u00fcnki m\u00fcst\u0259qil Az\u0259rbaycan\u0131n tarixind\u0259 ilk d\u0259f\u0259dir ki, se\u00e7kil\u0259r b\u00fct\u00fcn \u00f6lk\u0259 \u0259razisind\u0259 ke\u00e7iril\u0259c\u0259k. 44 g\u00fcnl\u00fck V\u0259t\u0259n M\u00fcharib\u0259si v\u0259 2023-c\u00fc ilin antiterror t\u0259dbirl\u0259ri n\u0259tic\u0259sind\u0259 \u0259razi b\u00fct\u00f6vl\u00fcy\u00fcm\u00fcz\u00fcn v\u0259 suverenliyimizin tam b\u0259rpas\u0131 h\u0259m regionda, h\u0259m d\u0259 \u00f6lk\u0259mizd\u0259 yeni reall\u0131qlar yarad\u0131b.<\/p>\n<p>N\u00f6vb\u0259d\u0259nk\u0259nar prezident se\u00e7kil\u0259rinin ke\u00e7irilm\u0259si d\u0259 m\u0259hz \u0259razi b\u00fct\u00f6vl\u00fcy\u00fcm\u00fcz\u00fcn v\u0259 suverenliyimizin t\u0259sbitidir. Bir s\u00f6zl\u0259, 7 fevral 2024-c\u00fc ild\u0259 ke\u00e7iril\u0259c\u0259k n\u00f6vb\u0259d\u0259nk\u0259nar Prezident se\u00e7kil\u0259rini \u201cZ\u0259f\u0259r se\u00e7kil\u0259ri\u201d adland\u0131rsaq, daha d\u00fczg\u00fcn olar. Bu bir h\u0259qiq\u0259tdir ki, h\u0259r bir \u015f\u0259xs se\u00e7kil\u0259rd\u0259 v\u0259t\u0259nda\u015f m\u00f6vqeyini ortaya qoymaqla, h\u0259m d\u0259 namiz\u0259din se\u00e7ki proqram\u0131, onun f\u0259aliyy\u0259ti v\u0259 se\u00e7icil\u0259r\u0259 verdiyi v\u0259dl\u0259rin yerin\u0259 yetirm\u0259sinin s\u0259viyy\u0259sini d\u0259 g\u00f6z \u00f6n\u00fcnd\u0259 tutur.<\/p>\n<p>Yeni Az\u0259rbaycan Partiyas\u0131n\u0131n (YAP) namiz\u0259di kimi se\u00e7kil\u0259rd\u0259 i\u015ftirak ed\u0259c\u0259k c\u0259nab \u0130lham \u018fliyevin son 20 illik f\u0259aliyy\u0259ti d\u00f6vr\u00fcnd\u0259 verdiyi b\u00fct\u00fcn v\u0259dl\u0259r u\u011furla yerin\u0259 yetirilib. \u0130st\u0259r siyasi sistemin t\u0259kmill\u0259\u015fdirilm\u0259sind\u0259, ist\u0259r sosial-iqtisadi sah\u0259l\u0259rd\u0259 \u0259ld\u0259 edil\u0259n u\u011furlarda, ist\u0259rs\u0259 d\u0259 Az\u0259rbaycan xalq\u0131n\u0131n \u0259n b\u00f6y\u00fck problemi olan Qaraba\u011f m\u00fcnaqi\u015f\u0259sinin h\u0259ll olunmas\u0131nda c\u0259nab \u0130lham \u018fliyevin imzas\u0131 var.<\/p>\n<p>2023-c\u00fc il oktyabr\u0131n 15-d\u0259 is\u0259 Prezidentimiz Xank\u0259ndinin m\u0259rk\u0259zi meydan\u0131nda Az\u0259rbaycan bayra\u011f\u0131n\u0131 y\u00fcks\u0259ltm\u0259kl\u0259, \u0259razi b\u00fct\u00f6vl\u00fcy\u00fcm\u00fcz\u00fcn b\u0259rpa olundu\u011funu b\u00fct\u00fcn d\u00fcnyaya n\u00fcmayi\u015f etdirdi. Bu, xalq qar\u015f\u0131s\u0131nda verilmi\u015f \u0259n b\u00f6y\u00fck v\u0259din yerin\u0259 yetirilm\u0259si idi: 30 ild\u0259n sonra Az\u0259rbaycan bayra\u011f\u0131 \u00f6lk\u0259nin b\u00fct\u00fcn \u0259razisind\u0259 dal\u011faland\u0131. Az\u0259rbaycan xalq\u0131n\u0131n 20 il \u0259vv\u0259l q\u0259bul etdiyi q\u0259rar\u0131n n\u0259 q\u0259d\u0259r m\u00fcdrik oldu\u011funu Prezident \u0130lham \u018fliyevin bu s\u00f6zl\u0259ri bir daha t\u0259sdiql\u0259di: \u201c\u015eadam ki, son 20 il \u0259rzind\u0259 verdiyim b\u00fct\u00fcn v\u0259dl\u0259r, qar\u015f\u0131ma qoydu\u011fum b\u00fct\u00fcn v\u0259zif\u0259l\u0259r icra edildi\u201d.<\/p>\n<p>\u0130yirmi il d\u00f6vl\u0259t\u00e7ilik bax\u0131m\u0131ndan el\u0259 d\u0259 b\u00f6y\u00fck bir m\u00fcdd\u0259t olmasa da, bu zaman ke\u00e7idi xalq\u0131m\u0131z\u0131n d\u00f6vl\u0259t\u00e7ilik tarixind\u0259 \u00f6lk\u0259mizin qar\u015f\u0131s\u0131nda duran h\u0259d\u0259fl\u0259rin realla\u015fd\u0131r\u0131lmas\u0131, respublikam\u0131z\u0131n ard\u0131c\u0131l inki\u015faf\u0131n\u0131n t\u0259min edilm\u0259si, m\u00fcst\u0259qilliyinin daha da m\u00f6hk\u0259ml\u0259ndirilm\u0259si, tarixi nailiyy\u0259tl\u0259rin \u0259ld\u0259 olunmas\u0131 kontekstind\u0259 \u0259n parlaq, \u0259n \u015fanl\u0131 d\u00f6vrl\u0259rd\u0259n birini t\u0259\u015fkil edir. D\u00f6vl\u0259timizin ba\u015f\u00e7\u0131s\u0131 \u0130lham \u018fliyev yeni minillikd\u0259 v\u0259 m\u00fcasir \u00e7a\u011f\u0131r\u0131\u015flar fonunda Az\u0259rbaycan\u0131 modernl\u0259\u015fdirm\u0259k, yeni inki\u015faf m\u0259rh\u0259l\u0259sin\u0259 qovu\u015fdurmaq missiyas\u0131n\u0131 \u00e7ox u\u011furla yerin\u0259 yetirmi\u015fdir.<\/p>\n<p>Prezident \u0130lham \u018fliyev Az\u0259rbaycan\u0131n bug\u00fcnk\u00fc v\u0259 g\u0259l\u0259c\u0259k inki\u015faf\u0131n\u0131n t\u0259minat\u00e7\u0131s\u0131d\u0131r. O, Az\u0259rbaycan\u0131n \u00e7a\u011fda\u015f tarixin\u0259 yeni missiya il\u0259 daxil olmu\u015fdur. Prezident \u0130lham \u018fliyevin r\u0259hb\u0259rliyi alt\u0131nda Az\u0259rbaycan \u00f6z\u00fcn\u00fcn milli d\u00f6vl\u0259t quruculu\u011fu v\u0259 idar\u0259\u00e7iliyinin n\u00f6vb\u0259ti \u015f\u0259r\u0259fli m\u0259rh\u0259l\u0259sini ya\u015fay\u0131r. Bu g\u00fcn m\u00fcz\u0259ff\u0259r Az\u0259rbaycan Ordusu Ali Ba\u015f Komandan \u0130lham \u018fliyevin r\u0259hb\u0259rliyi alt\u0131nda torpaqlar\u0131m\u0131z\u0131 Erm\u0259nistan\u0131n i\u015f\u011fal\u00e7\u0131 q\u00fcvv\u0259l\u0259rind\u0259n azad etm\u0259k kimi m\u00fcq\u0259dd\u0259s v\u0259zif\u0259ni \u015f\u0259r\u0259fl\u0259 yerin\u0259 yetirmi\u015fdir.<\/p>\n<p>Qalib Liderin q\u0259bul etdiyi milli strategiya n\u0259tic\u0259sind\u0259 \u00f6lk\u0259miz bu g\u00fcn y\u00fcks\u0259k inki\u015faf d\u00f6vr\u00fcn\u00fc ya\u015fay\u0131r. Xarici v\u0259 daxili siyas\u0259td\u0259 \u0259ld\u0259 edil\u0259n u\u011furlar bu strategiyan\u0131n n\u0259 q\u0259d\u0259r d\u00fczg\u00fcn v\u0259 d\u0259qiq planla\u015fd\u0131r\u0131ld\u0131\u011f\u0131ndan x\u0259b\u0259r verir. Apar\u0131lan daxili siyas\u0259t, v\u0259t\u0259nda\u015flar\u0131n y\u00fcks\u0259k rifaha \u00e7atd\u0131r\u0131lmas\u0131 milli inki\u015faf strategiyas\u0131n\u0131n \u0259sas m\u0259qs\u0259dl\u0259rind\u0259n biri olub. C\u0259nab \u0130lham \u018fliyev r\u0259hb\u0259rlik etdiyi m\u00fcdd\u0259td\u0259 h\u0259r bir az\u0259rbaycanl\u0131n\u0131n Prezidenti oldu\u011funu d\u0259f\u0259l\u0259rl\u0259 deyib v\u0259 eyni zamanda, bunu \u0259m\u0259li f\u0259aliyy\u0259tind\u0259 d\u0259 ortaya qoyub.<\/p>\n<p>D\u00fcnya iqtisadiyyat\u0131n\u0131n d\u0259rin b\u00f6hran v\u0259ziyy\u0259tind\u0259 bel\u0259 \u00f6lk\u0259miz\u0259 neqativ t\u0259sirl\u0259rin minimuma endirilm\u0259si m\u0259hz bu strategiyan\u0131n effektivliyind\u0259n x\u0259b\u0259r verir. Az\u0259rbaycan\u0131 inki\u015faf yoluna \u00e7\u0131xaran c\u0259nab \u0130lham \u018fliyev \u00f6z\u00fcn\u00fcn uzaqg\u00f6r\u0259n, q\u0259tiyy\u0259tli v\u0259 m\u00fcdrik siyas\u0259ti il\u0259 h\u0259m d\u0259 xalq\u0131m\u0131z\u0131n tarixi arzusunu realla\u015fd\u0131raraq, torpaqlar\u0131m\u0131z\u0131n i\u015f\u011faldan azad olunmas\u0131n\u0131 t\u0259min etdi. M\u00fcz\u0259ff\u0259r Ali Ba\u015f Komandan c\u0259nab \u0130lham \u018fliyev 44 g\u00fcnl\u00fck V\u0259t\u0259n m\u00fcharib\u0259sinin \u0259sl q\u0259hr\u0259man\u0131 oldu.<\/p>\n<p>Ali Ba\u015f Komandan \u0130lham \u018fliyev tariximizd\u0259 bir \u00e7ox ilkl\u0259rin m\u00fc\u0259llifi kimi, bu sava\u015fda da yeni texnologiyalar\u0131 t\u0259tbiq ed\u0259r\u0259k m\u00fcasir h\u0259rb d\u0259rslikl\u0259rin\u0259 d\u00fc\u015f\u0259c\u0259k bir ilk\u0259 imza atd\u0131. Xalq\u0131m\u0131z\u0131n Z\u0259f\u0259ri il\u0259 ba\u015fa \u00e7atan V\u0259t\u0259n sava\u015f\u0131n\u0131n yaratd\u0131\u011f\u0131 \u0259sas reall\u0131qlardan biri Az\u0259rbaycan\u0131n tarixind\u0259 yeni inki\u015faf m\u0259rh\u0259l\u0259sinin ba\u015flamas\u0131d\u0131r. Bu m\u0259rh\u0259l\u0259d\u0259 qar\u015f\u0131ya qoyulan h\u0259d\u0259fl\u0259r b\u0259llidir v\u0259 Prezident \u0130lham \u018fliyevin d\u0259 elan etdiyi kimi, indi d\u00f6vl\u0259timizin milli ideyas\u0131 i\u015f\u011faldan azad olunmu\u015f \u0259razil\u0259rin b\u0259rpas\u0131, Qaraba\u011f v\u0259 \u015e\u0259rqi Z\u0259ng\u0259zurun yenid\u0259n qurulmas\u0131d\u0131r.<\/p>\n<p>Haz\u0131rda b\u00fct\u00fcn d\u00fcnya c\u0259nab \u0130lham \u018fliyevin m\u00f6ht\u0259\u015f\u0259m quruculuq \u0259zmi say\u0259sind\u0259 Qaraba\u011f v\u0259 \u015e\u0259rqi Z\u0259ng\u0259zurda h\u0259yata ke\u00e7iril\u0259n yenid\u0259nqurma i\u015fl\u0259rin\u0259 \u015fahidlik edir. B\u0259li, bu g\u00fcn d\u00f6n\u00fcb tarix\u0259 n\u0259z\u0259r sald\u0131qda, c\u0259nab \u0130lham \u018fliyevin r\u0259hb\u0259rliyi il\u0259 \u00f6t\u0259n 20 ild\u0259 ke\u00e7il\u0259n y\u00fcks\u0259li\u015f yolunun n\u0259 q\u0259d\u0259r m\u00f6ht\u0259\u015f\u0259m, n\u0259 q\u0259d\u0259r q\u00fcrurverici oldu\u011funu g\u00f6r\u00fcr\u00fck. M\u00fcz\u0259ff\u0259r Ali Ba\u015f Komandan \u0130lham \u018fliyev yaln\u0131z d\u00fcn\u0259nin v\u0259 bu g\u00fcn\u00fcn deyil, h\u0259m d\u0259 g\u0259l\u0259c\u0259yin lideridir.<\/p>\n<p>2024-c\u00fc ilin 7 fevral se\u00e7kil\u0259rind\u0259 d\u0259 Az\u0259rbaycan se\u00e7icil\u0259ri tariximizin \u0259n m\u00f6ht\u0259\u015f\u0259m Z\u0259f\u0259rin\u0259 \u00f6z m\u00fcnasib\u0259tl\u0259rini bildir\u0259c\u0259k, Z\u0259f\u0259rl\u0259rimizin davam\u0131n\u0131n g\u0259lm\u0259si \u00fc\u00e7\u00fcn qalib Lider\u0259 s\u0259s ver\u0259c\u0259kl\u0259r. 7 fevral t\u0259k Z\u0259f\u0259r se\u00e7kisi deyil, h\u0259m d\u0259 yeni tarixin ba\u015flan\u011f\u0131c g\u00fcn\u00fcd\u00fcr. Bu se\u00e7kid\u0259n sonra n\u00f6vb\u0259ti d\u0259f\u0259 xalq\u0131n\u0131n etimad mandat\u0131n\u0131 qazanan c\u0259nab \u0130lham \u018fliyev daha m\u00f6ht\u0259\u015f\u0259m tarixi i\u015fl\u0259rin t\u0259m\u0259lini qoyacaq, b\u00f6lg\u0259d\u0259 \u0259b\u0259di s\u00fclh, \u0259m\u0259kda\u015fl\u0131q, t\u0259r\u0259qqi b\u0259rq\u0259rar olacaq, Az\u0259rbaycan daha da g\u00fccl\u0259n\u0259c\u0259k, b\u00f6y\u00fcy\u0259c\u0259k, \u0259n xo\u015fb\u0259xt insanlar\u0131n ya\u015fad\u0131\u011f\u0131 bir \u00f6lk\u0259y\u0259 \u00e7evril\u0259c\u0259k!<\/p>\n","protected":false},"excerpt":{"rendered":"<p>024-c\u00fc ilin 7 fevral tarixind\u0259 xalq\u0131m\u0131z yenid\u0259n \u00f6z siyasi irad\u0259sini ortaya qoyacaq! \u018fvv\u0259lki se\u00e7kil\u0259rl\u0259 m\u00fcqayis\u0259d\u0259 2024-c\u00fc il Prezident se\u00e7kisinin \u00fcz\u0259rimizd\u0259ki m\u0259n\u0259vi y\u00fck\u00fc daha b\u00f6y\u00fckd\u00fcr. Bir xalq\u0131n v\u0259 bir d\u00f6vl\u0259tin ya\u015fam\u0131n\u0131n 30 il boyunca h\u0259r sah\u0259sin\u0259 \u00f6z t\u0259sirini g\u00f6st\u0259rmi\u015f, \u00fcm\u00fcmxalq yaras\u0131na \u00e7evrilmi\u015f Qaraba\u011f Sava\u015f\u0131n\u0131n bitm\u0259si v\u0259 \u0259razi b\u00fct\u00f6vl\u00fcy\u00fcn\u00fcn b\u0259rpas\u0131 Az\u0259rbaycan\u0131n yeni \u015fanl\u0131 tarix s\u0259hif\u0259sinin a\u00e7\u0131lmas\u0131 dem\u0259kdir. Bu se\u00e7kil\u0259r bir d\u00f6vl\u0259tin m\u00fcst\u0259qilliyi, \u0259razi b\u00fct\u00f6vl\u00fcy\u00fc v\u0259 rifah\u0131 \u00fc\u00e7\u00fcn \u00e7al\u0131\u015fan \u015e\u0259xsiyy\u0259tin xalq t\u0259r\u0259find\u0259n yenid\u0259n t\u0259sdiql\u0259nm\u0259si v\u0259 m\u0259n\u0259vi borcunu yerin\u0259 yetir\u0259c\u0259yi se\u00e7kil\u0259r olacaq. Bu d\u0259f\u0259 qalib xalq olaraq, Qalib Az\u0259rbaycan\u0131n Ali Ba\u015f Komandan\u0131n\u0131, \u00d6lk\u0259 prezidentini&hellip;<\/p>\n","protected":false},"author":2,"featured_media":683679,"comment_status":"closed","ping_status":"closed","sticky":false,"template":"","format":"standard","meta":{"om_disable_all_campaigns":false,"_monsterinsights_skip_tracking":false,"_monsterinsights_sitenote_active":false,"_monsterinsights_sitenote_note":"","_monsterinsights_sitenote_category":0},"categories":[19],"tags":[],"aioseo_notices":[],"gutentor_comment":0,"rttpg_featured_image_url":{"full":["https:\/\/arantv.az\/wp-content\/uploads\/2024\/01\/c32e4471ae38f730dd99ade1df4566bf.jpg",640,336,false],"landscape":["https:\/\/arantv.az\/wp-content\/uploads\/2024\/01\/c32e4471ae38f730dd99ade1df4566bf.jpg",640,336,false],"portraits":["https:\/\/arantv.az\/wp-content\/uploads\/2024\/01\/c32e4471ae38f730dd99ade1df4566bf.jpg",640,336,false],"thumbnail":["https:\/\/arantv.az\/wp-content\/uploads\/2024\/01\/c32e4471ae38f730dd99ade1df4566bf-500x280.jpg",500,280,true],"medium":["https:\/\/arantv.az\/wp-content\/uploads\/2024\/01\/c32e4471ae38f730dd99ade1df4566bf.jpg",640,336,false],"large":["https:\/\/arantv.az\/wp-content\/uploads\/2024\/01\/c32e4471ae38f730dd99ade1df4566bf.jpg",640,336,false],"1536x1536":["https:\/\/arantv.az\/wp-content\/uploads\/2024\/01\/c32e4471ae38f730dd99ade1df4566bf.jpg",640,336,false],"2048x2048":["https:\/\/arantv.az\/wp-content\/uploads\/2024\/01\/c32e4471ae38f730dd99ade1df4566bf.jpg",640,336,false],"post-thumbnail":["https:\/\/arantv.az\/wp-content\/uploads\/2024\/01\/c32e4471ae38f730dd99ade1df4566bf-240x172.jpg",240,172,true],"advps-thumb-one":["https:\/\/arantv.az\/wp-content\/uploads\/2024\/01\/c32e4471ae38f730dd99ade1df4566bf.jpg",640,336,false]},"rttpg_author":{"display_name":"V\u00fcsal Rafiqo\u011flu","author_link":"https:\/\/arantv.az\/?author=2"},"rttpg_comment":0,"rttpg_category":"<a href=\"https:\/\/arantv.az\/?cat=19\" rel=\"category\">G\u00fcnd\u0259m<\/a>","rttpg_excerpt":"024-c\u00fc ilin 7 fevral tarixind\u0259 xalq\u0131m\u0131z yenid\u0259n \u00f6z siyasi irad\u0259sini ortaya qoyacaq! \u018fvv\u0259lki se\u00e7kil\u0259rl\u0259 m\u00fcqayis\u0259d\u0259 2024-c\u00fc il Prezident se\u00e7kisinin \u00fcz\u0259rimizd\u0259ki m\u0259n\u0259vi y\u00fck\u00fc daha b\u00f6y\u00fckd\u00fcr. Bir xalq\u0131n v\u0259 bir d\u00f6vl\u0259tin ya\u015fam\u0131n\u0131n 30 il boyunca h\u0259r sah\u0259sin\u0259 \u00f6z t\u0259sirini g\u00f6st\u0259rmi\u015f, \u00fcm\u00fcmxalq yaras\u0131na \u00e7evrilmi\u015f Qaraba\u011f Sava\u015f\u0131n\u0131n bitm\u0259si v\u0259 \u0259razi b\u00fct\u00f6vl\u00fcy\u00fcn\u00fcn b\u0259rpas\u0131 Az\u0259rbaycan\u0131n yeni \u015fanl\u0131 tarix s\u0259hif\u0259sinin a\u00e7\u0131lmas\u0131 dem\u0259kdir.&hellip;","_links":{"self":[{"href":"https:\/\/arantv.az\/index.php?rest_route=\/wp\/v2\/posts\/683678"}],"collection":[{"href":"https:\/\/arantv.az\/index.php?rest_route=\/wp\/v2\/posts"}],"about":[{"href":"https:\/\/arantv.az\/index.php?rest_route=\/wp\/v2\/types\/post"}],"author":[{"embeddable":true,"href":"https:\/\/arantv.az\/index.php?rest_route=\/wp\/v2\/users\/2"}],"replies":[{"embeddable":true,"href":"https:\/\/arantv.az\/index.php?rest_route=%2Fwp%2Fv2%2Fcomments&post=683678"}],"version-history":[{"count":0,"href":"https:\/\/arantv.az\/index.php?rest_route=\/wp\/v2\/posts\/683678\/revisions"}],"wp:featuredmedia":[{"embeddable":true,"href":"https:\/\/arantv.az\/index.php?rest_route=\/wp\/v2\/media\/683679"}],"wp:attachment":[{"href":"https:\/\/arantv.az\/index.php?rest_route=%2Fwp%2Fv2%2Fmedia&parent=683678"}],"wp:term":[{"taxonomy":"category","embeddable":true,"href":"https:\/\/arantv.az\/index.php?rest_route=%2Fwp%2Fv2%2Fcategories&post=683678"},{"taxonomy":"post_tag","embeddable":true,"href":"https:\/\/arantv.az\/index.php?rest_route=%2Fwp%2Fv2%2Ftags&post=683678"}],"curies":[{"name":"wp","href":"https:\/\/api.w.org\/{rel}","templated":true}]}}