{"id":683681,"date":"2024-01-25T20:07:38","date_gmt":"2024-01-25T16:07:38","guid":{"rendered":"https:\/\/arantv.az\/?p=683681"},"modified":"2024-01-25T20:07:38","modified_gmt":"2024-01-25T16:07:38","slug":"fotonu-boyudub-baxdim-h%c9%99qiq%c9%99t%c9%99n-dodaq-dodaga-flora","status":"publish","type":"post","link":"https:\/\/arantv.az\/?p=683681","title":{"rendered":"&#8220;Fotonu b\u00f6y\u00fcd\u00fcb baxd\u0131m, h\u0259qiq\u0259t\u0259n, dodaq-doda\u011fa&#8230;&#8221; &#8211; Flora"},"content":{"rendered":"<p><strong>Xalq artisti Flora K\u0259rimova h\u0259mkar\u0131 Niyam\u0259ddin Musayevl\u0259 dodaq-doda\u011fa yay\u0131lan g\u00f6r\u00fcnt\u00fcs\u00fcnd\u0259n dan\u0131\u015f\u0131b.<\/strong><\/p>\n<p>Flora K\u0259rimova \u201cXeyirli ax\u015famlar\u201d verili\u015find\u0259 bu s\u00f6zl\u0259ri deyib: &#8220;Dem\u0259li, Niyam\u0259ddin m\u00fc\u0259llimin \u00fcr\u0259yind\u0259n ke\u00e7irmi\u015f, bel\u0259 t\u0259sad\u00fcf olmur (g\u00fcl\u00fcr). Fotonu b\u00f6y\u00fcd\u00fcb bax\u0131ram, h\u0259qiq\u0259t\u0259n d\u0259 dodaq-doda\u011fa idim. Biab\u0131r\u00e7\u0131l\u0131qd\u0131r. M\u0259n\u0259 kim z\u0259ng edirdis\u0259, hesabat verirdim ki, vallah, fikrim yox idi&#8221;.<\/p>\n<p>Qeyd ed\u0259k ki, xalq artistl\u0259rinin s\u00f6z\u00fcged\u0259n g\u00f6r\u00fcnt\u00fcs\u00fc &#8220;Zaurla G\u00fcnayd\u0131n\u201d verili\u015find\u0259 yay\u0131l\u0131b.\/Teleqraf.com<\/p>\n","protected":false},"excerpt":{"rendered":"<p>Xalq artisti Flora K\u0259rimova h\u0259mkar\u0131 Niyam\u0259ddin Musayevl\u0259 dodaq-doda\u011fa yay\u0131lan g\u00f6r\u00fcnt\u00fcs\u00fcnd\u0259n dan\u0131\u015f\u0131b. Flora K\u0259rimova \u201cXeyirli ax\u015famlar\u201d verili\u015find\u0259 bu s\u00f6zl\u0259ri deyib: &#8220;Dem\u0259li, Niyam\u0259ddin m\u00fc\u0259llimin \u00fcr\u0259yind\u0259n ke\u00e7irmi\u015f, bel\u0259 t\u0259sad\u00fcf olmur (g\u00fcl\u00fcr). Fotonu b\u00f6y\u00fcd\u00fcb bax\u0131ram, h\u0259qiq\u0259t\u0259n d\u0259 dodaq-doda\u011fa idim. Biab\u0131r\u00e7\u0131l\u0131qd\u0131r. M\u0259n\u0259 kim z\u0259ng edirdis\u0259, hesabat verirdim ki, vallah, fikrim yox idi&#8221;. Qeyd ed\u0259k ki, xalq artistl\u0259rinin s\u00f6z\u00fcged\u0259n g\u00f6r\u00fcnt\u00fcs\u00fc &#8220;Zaurla G\u00fcnayd\u0131n\u201d verili\u015find\u0259 yay\u0131l\u0131b.\/Teleqraf.com<\/p>\n","protected":false},"author":2,"featured_media":683682,"comment_status":"closed","ping_status":"closed","sticky":false,"template":"","format":"standard","meta":{"om_disable_all_campaigns":false,"_monsterinsights_skip_tracking":false,"_monsterinsights_sitenote_active":false,"_monsterinsights_sitenote_note":"","_monsterinsights_sitenote_category":0},"categories":[20],"tags":[],"aioseo_notices":[],"gutentor_comment":0,"rttpg_featured_image_url":{"full":["https:\/\/arantv.az\/wp-content\/uploads\/2024\/01\/342e6314cc558ffa0970659d1713cea9.jpg",402,252,false],"landscape":["https:\/\/arantv.az\/wp-content\/uploads\/2024\/01\/342e6314cc558ffa0970659d1713cea9.jpg",402,252,false],"portraits":["https:\/\/arantv.az\/wp-content\/uploads\/2024\/01\/342e6314cc558ffa0970659d1713cea9.jpg",402,252,false],"thumbnail":["https:\/\/arantv.az\/wp-content\/uploads\/2024\/01\/342e6314cc558ffa0970659d1713cea9.jpg",402,252,false],"medium":["https:\/\/arantv.az\/wp-content\/uploads\/2024\/01\/342e6314cc558ffa0970659d1713cea9.jpg",402,252,false],"large":["https:\/\/arantv.az\/wp-content\/uploads\/2024\/01\/342e6314cc558ffa0970659d1713cea9.jpg",402,252,false],"1536x1536":["https:\/\/arantv.az\/wp-content\/uploads\/2024\/01\/342e6314cc558ffa0970659d1713cea9.jpg",402,252,false],"2048x2048":["https:\/\/arantv.az\/wp-content\/uploads\/2024\/01\/342e6314cc558ffa0970659d1713cea9.jpg",402,252,false],"post-thumbnail":["https:\/\/arantv.az\/wp-content\/uploads\/2024\/01\/342e6314cc558ffa0970659d1713cea9-240x172.jpg",240,172,true],"advps-thumb-one":["https:\/\/arantv.az\/wp-content\/uploads\/2024\/01\/342e6314cc558ffa0970659d1713cea9.jpg",402,252,false]},"rttpg_author":{"display_name":"V\u00fcsal Rafiqo\u011flu","author_link":"https:\/\/arantv.az\/?author=2"},"rttpg_comment":0,"rttpg_category":"<a href=\"https:\/\/arantv.az\/?cat=20\" rel=\"category\">\u015eou biznes<\/a>","rttpg_excerpt":"Xalq artisti Flora K\u0259rimova h\u0259mkar\u0131 Niyam\u0259ddin Musayevl\u0259 dodaq-doda\u011fa yay\u0131lan g\u00f6r\u00fcnt\u00fcs\u00fcnd\u0259n dan\u0131\u015f\u0131b. Flora K\u0259rimova \u201cXeyirli ax\u015famlar\u201d verili\u015find\u0259 bu s\u00f6zl\u0259ri deyib: &#8220;Dem\u0259li, Niyam\u0259ddin m\u00fc\u0259llimin \u00fcr\u0259yind\u0259n ke\u00e7irmi\u015f, bel\u0259 t\u0259sad\u00fcf olmur (g\u00fcl\u00fcr). Fotonu b\u00f6y\u00fcd\u00fcb bax\u0131ram, h\u0259qiq\u0259t\u0259n d\u0259 dodaq-doda\u011fa idim. Biab\u0131r\u00e7\u0131l\u0131qd\u0131r. M\u0259n\u0259 kim z\u0259ng edirdis\u0259, hesabat verirdim ki, vallah, fikrim yox idi&#8221;. Qeyd ed\u0259k ki, xalq artistl\u0259rinin s\u00f6z\u00fcged\u0259n g\u00f6r\u00fcnt\u00fcs\u00fc &#8220;Zaurla&hellip;","_links":{"self":[{"href":"https:\/\/arantv.az\/index.php?rest_route=\/wp\/v2\/posts\/683681"}],"collection":[{"href":"https:\/\/arantv.az\/index.php?rest_route=\/wp\/v2\/posts"}],"about":[{"href":"https:\/\/arantv.az\/index.php?rest_route=\/wp\/v2\/types\/post"}],"author":[{"embeddable":true,"href":"https:\/\/arantv.az\/index.php?rest_route=\/wp\/v2\/users\/2"}],"replies":[{"embeddable":true,"href":"https:\/\/arantv.az\/index.php?rest_route=%2Fwp%2Fv2%2Fcomments&post=683681"}],"version-history":[{"count":0,"href":"https:\/\/arantv.az\/index.php?rest_route=\/wp\/v2\/posts\/683681\/revisions"}],"wp:featuredmedia":[{"embeddable":true,"href":"https:\/\/arantv.az\/index.php?rest_route=\/wp\/v2\/media\/683682"}],"wp:attachment":[{"href":"https:\/\/arantv.az\/index.php?rest_route=%2Fwp%2Fv2%2Fmedia&parent=683681"}],"wp:term":[{"taxonomy":"category","embeddable":true,"href":"https:\/\/arantv.az\/index.php?rest_route=%2Fwp%2Fv2%2Fcategories&post=683681"},{"taxonomy":"post_tag","embeddable":true,"href":"https:\/\/arantv.az\/index.php?rest_route=%2Fwp%2Fv2%2Ftags&post=683681"}],"curies":[{"name":"wp","href":"https:\/\/api.w.org\/{rel}","templated":true}]}}