{"id":683691,"date":"2024-01-25T20:12:27","date_gmt":"2024-01-25T16:12:27","guid":{"rendered":"https:\/\/arantv.az\/?p=683691"},"modified":"2024-01-25T20:12:27","modified_gmt":"2024-01-25T16:12:27","slug":"deputat-avropa-surasi-h%c9%99r-zaman-az%c9%99rbaycana-munasib%c9%99td%c9%99-ikili-standartlardan-cixis-edib","status":"publish","type":"post","link":"https:\/\/arantv.az\/?p=683691","title":{"rendered":"Deputat: \u201cAvropa \u015euras\u0131 h\u0259r zaman Az\u0259rbaycana m\u00fcnasib\u0259td\u0259 ikili standartlardan \u00e7\u0131x\u0131\u015f edib\u201d"},"content":{"rendered":"<p>\u201cAvropa \u015euras\u0131 h\u0259r zaman Az\u0259rbaycana m\u00fcnasib\u0259td\u0259 ikili standartlardan \u00e7\u0131x\u0131\u015f edib v\u0259 bu g\u00fcn d\u0259 bu siyas\u0259t davam etm\u0259kd\u0259dir\u201d.<\/p>\n<p>Bunu\u00a0<strong>Oxu.Az-<\/strong>a a\u00e7\u0131qlamas\u0131nda Milli M\u0259clisinin deputat\u0131\u00a0<strong>M\u0259zahir \u018ff\u0259ndiyev\u00a0<\/strong>deyib.<\/p>\n<p>\u201cAz\u0259rbaycan 2020-ci ild\u0259 Ali Ba\u015f Komandan, B\u00f6y\u00fck S\u0259rk\u0259rd\u0259\u00a0\u0130lham \u018fliyevin\u00a0m\u00fcdrik, beyn\u0259lxalq h\u00fcquq v\u0259 prinsipl\u0259r\u0259 \u0259saslanm\u0131\u015f q\u0259rar\u0131ndan sonra i\u015f\u011fal\u00e7\u0131 Erm\u0259nistan d\u00f6vl\u0259ti il\u0259 \u0130kinci Qaraba\u011f-V\u0259t\u0259n M\u00fcharib\u0259sini h\u0259yata ke\u00e7irdi, 1990-c\u0131 ilin \u0259vv\u0259ll\u0259rind\u0259n i\u015f\u011fal alt\u0131nda saxan\u0131lan torpaqlar\u0131n\u0131 azad etdi. Bel\u0259likl\u0259, \u00f6lk\u0259miz Birl\u0259\u015fmi\u015f Mill\u0259tl\u0259r T\u0259\u015fkilat\u0131n\u0131n T\u0259hl\u00fck\u0259sizlik \u015euras\u0131 t\u0259r\u0259find\u0259n q\u0259bul olunmu\u015f m\u0259lum 4 q\u0259tnam\u0259nin icras\u0131n\u0131 t\u0259kba\u015f\u0131na icra ed\u0259r\u0259k, 30 il m\u00fcdd\u0259tind\u0259 davam ed\u0259n \u0259dal\u0259tsizliy\u0259 son qoydu.<\/p>\n<p>T\u0259bii ki, \u0259ld\u0259 etdiyimiz m\u00f6ht\u0259\u015f\u0259m Z\u0259f\u0259rd\u0259n sonra d\u00fcnya d\u00f6vl\u0259tl\u0259ri, el\u0259c\u0259 d\u0259 BMT-d\u0259 daxil olmaqla, dem\u0259k olar ki, b\u00fct\u00fcn n\u00fcfuzlu beyn\u0259lxalq t\u0259\u015fkilatlar Az\u0259rbaycan\u0131n bu \u0259dal\u0259tli m\u00fcbariz\u0259sin\u0259 haqq qazand\u0131raraq \u00f6lk\u0259mizin \u0259razi b\u00fct\u00f6vl\u00fcy\u00fcn\u00fcn tam b\u0259rpa olunmas\u0131n\u0131 alq\u0131\u015flad\u0131lar.<\/p>\n<p>Lakin, bunlarla yana\u015f\u0131 olaraq, erm\u0259ni lobbisi \u00f6z himay\u0259darlar\u0131n\u0131n v\u0259 C\u0259nubi Qafqazla ba\u011fl\u0131 \u00e7irkin niyy\u0259tl\u0259ri olan d\u00f6vl\u0259tl\u0259rin f\u0259al i\u015ftirak\u0131 il\u0259 Az\u0259rbaycan\u0131n bu haqq i\u015fin\u0259 m\u00fcxt\u0259lif istiqam\u0259tl\u0259rd\u0259 k\u00f6lg\u0259 salma\u011fa v\u0259 bu m\u00fcharib\u0259nin n\u0259tic\u0259l\u0259ri il\u0259 raz\u0131la\u015fmamaq \u00fc\u00e7\u00fcn \u00e7ox \u00e7irkin oyunlar oynama\u011fa ba\u015flad\u0131.<\/p>\n<p>Baxmayaraq ki, regionda dayan\u0131ql\u0131 s\u00fclh\u00fcn, t\u0259hl\u00fck\u0259sizliyin t\u0259min olunmas\u0131 istiqam\u0259tind\u0259 Az\u0259rbaycan h\u00f6kum\u0259ti t\u0259r\u0259find\u0259n b\u00f6y\u00fck i\u015fl\u0259r g\u00f6r\u00fcl\u00fcr, bu ard\u0131c\u0131l t\u0259dbirl\u0259ri g\u00f6z\u00fc g\u00f6t\u00fcrm\u0259y\u0259n q\u00fcvv\u0259l\u0259r d\u0259 \u00f6z m\u0259krli oyunlar\u0131n\u0131 davam etdir\u0259r\u0259k beyn\u0259lxalq n\u00fcfuzlar\u0131ndan istifad\u0259 edir, \u00f6lk\u0259miz\u0259 qar\u015f\u0131 q\u0259r\u0259zli m\u00fcnasib\u0259t n\u00fcmayi\u015f etdirir, C\u0259nubi Qafqazda s\u00fclh\u00fcn t\u0259min olunmas\u0131 prosesin\u0259 ciddi z\u0259rb\u0259 vururlar.<\/p>\n<p>Bunun timsal\u0131nda 30 il Az\u0259rbaycan-Erm\u0259nistan m\u00fcnaqi\u015f\u0259sinin h\u0259lli istiqam\u0259tind\u0259 s\u00f6zd\u0259 t\u0259r\u0259fsiz olaraq \u00e7\u0131x\u0131\u015f ed\u0259n v\u0259 s\u00fclh\u00fcn \u0259ld\u0259 olunmas\u0131 \u00fc\u00e7\u00fcn dan\u0131\u015f\u0131qlar prosesinin t\u0259rkib hiss\u0259si olan Fransa, 2020-ci ild\u0259n sonra birm\u0259nal\u0131 m\u00f6vqe ortaya qoyaraq erm\u0259nil\u0259rin d\u0259st\u0259kl\u0259nm\u0259si istiqam\u0259tind\u0259 q\u0259r\u0259zli f\u0259aliyy\u0259t\u0259 ba\u015flad\u0131. Bununla da Fransa v\u0259 dig\u0259r \u201cdost\u201d \u00f6lk\u0259l\u0259r B\u00f6y\u00fck S\u00fclh Sazi\u015finin imzalanmas\u0131na d\u0259st\u0259k olmaq \u0259v\u0259zin\u0259 art\u0131q m\u00fcxt\u0259lif platformalarda Az\u0259rbaycan\u0131 qaralama\u011fa v\u0259 m\u00fcmk\u00fcn olan vasit\u0259l\u0259rl\u0259 \u00f6lk\u0259miz\u0259 t\u0259sir etm\u0259k q\u0259rar\u0131na g\u0259ldil\u0259r\u201d.<\/p>\n<p>Deputat bildirib ki, beyn\u0259lxalq t\u0259\u015fkilatlar \u00e7\u0259r\u00e7iv\u0259sind\u0259 bu hal ilk d\u0259f\u0259 23 oktyabr 2023-c\u00fc il tarixind\u0259 ya\u015fand\u0131. Bel\u0259 ki, Avropa \u015euras\u0131 Parlament Assambleyas\u0131 Fransa v\u0259 bir s\u0131ra Avropa d\u00f6vl\u0259tl\u0259rinin apard\u0131\u011f\u0131 f\u0259aliyy\u0259t n\u0259tic\u0259sind\u0259 \u201cDa\u011fl\u0131q Qaraba\u011fda humanitar v\u0259ziyy\u0259t\u201d adl\u0131 q\u0259tnam\u0259 q\u0259bul ed\u0259r\u0259k, \u00f6z m\u0259krli \u0259m\u0259ll\u0259rini ortaya qoydular. H\u0259min q\u0259tnam\u0259nin 23-c\u00fc b\u0259ndind\u0259 t\u0259\u015fkilat a\u00e7\u0131q-a\u015fkar Az\u0259rbaycan\u0131 t\u0259hdid edil\u0259r\u0259k, 19 sentyabrda ba\u015f tutan lokal xarakterli anti-terror \u0259m\u0259liyyatlar\u0131n\u0131 h\u0259rbi \u0259m\u0259liyyatlar kimi qiym\u0259tl\u0259ndir\u0259r\u0259k, \u201cDa\u011fl\u0131q Qaraba\u011f\u0131n erm\u0259ni \u0259halisinin humanitar v\u0259ziyy\u0259ti\u201dnd\u0259n ciddi narahat\u00e7\u0131l\u0131q ifad\u0259 edib v\u0259 Az\u0259rbaycan n\u00fcmay\u0259nd\u0259 hey\u0259tinin etimadnam\u0259sini 2024-c\u00fc ilin ilk iclas\u0131nda tan\u0131mamaqla h\u0259d\u0259l\u0259yib.<\/p>\n<p>\u201cBa\u015f ver\u0259nl\u0259rin \u0259ksin\u0259, Az\u0259rbaycan bu g\u00fcn d\u0259 s\u00fclh\u00fcn \u0259ld\u0259 olunmas\u0131 \u00fc\u00e7\u00fcn h\u0259rt\u0259r\u0259fli f\u0259aliyy\u0259tini ist\u0259r Va\u015finqton, Br\u00fcssel, h\u0259tta Moskva format\u0131nda da h\u0259yata ke\u00e7irir, b\u00fct\u00fcn ikit\u0259r\u0259fli v\u0259 \u00e7oxt\u0259r\u0259fli g\u00f6r\u00fc\u015fl\u0259rd\u0259 i\u015ftirak ed\u0259r\u0259k, bir daha Az\u0259rbaycan\u0131n Avropa \u015euras\u0131n\u0131n \u00fczv d\u00f6vl\u0259ti olaraq suveren \u0259razil\u0259rinin b\u0259rpas\u0131 v\u0259 v\u0259t\u0259nda\u015flar\u0131n\u0131n h\u00fcquqlar\u0131n\u0131n qorunmas\u0131 m\u0259qs\u0259dil\u0259 \u0259m\u0259kda\u015fl\u0131\u011fa haz\u0131r oldu\u011funu b\u0259yan edir, bu istiqam\u0259td\u0259 b\u00fct\u00fcn t\u0259r\u0259fl\u0259r, xalqlar \u00fc\u00e7\u00fcn C\u0259nubi Qafqazda laz\u0131mi \u015f\u0259raitin yarad\u0131lmas\u0131 \u00fc\u00e7\u00fcn B\u00f6y\u00fck S\u00fclh Sazi\u015finin imzalanmas\u0131 il\u0259 ba\u011fl\u0131 Erm\u0259nistana havadar olan d\u00f6vl\u0259tl\u0259rin ham\u0131s\u0131na \u00e7a\u011f\u0131r\u0131\u015f edir.<\/p>\n<p>Bu g\u00fcn g\u00f6rd\u00fcy\u00fcm\u00fcz ondan ibar\u0259tdir ki, art\u0131q b\u00fct\u00fcn d\u00fcnya Az\u0259rbaycan\u0131n haql\u0131 t\u0259r\u0259f oldu\u011funu q\u0259bul edir, beyn\u0259lxalq t\u0259\u015fkilatlar da m\u00fct\u0259madi olaraq \u00f6lk\u0259mizin s\u00fclh \u00e7a\u011f\u0131r\u0131\u015flar\u0131n\u0131 y\u00fcks\u0259k qiym\u0259tl\u0259ndirirl\u0259r. Lakin, Avropan\u0131n bir s\u0131ra d\u00f6vl\u0259tl\u0259rini m\u00f6vcud yana\u015fmalar q\u0131c\u0131qland\u0131r\u0131r, bu da \u00f6z n\u00f6vb\u0259sind\u0259 m\u0259\u011flubiyy\u0259ti h\u0259zm ed\u0259 bilm\u0259y\u0259n erm\u0259nip\u0259r\u0259st q\u00fcvv\u0259l\u0259rin daha amans\u0131z v\u0259 \u0259dal\u0259tsiz f\u0259aliyy\u0259tini davam etdirm\u0259sin\u0259 g\u0259tirib \u00e7\u0131xar\u0131r.<\/p>\n<p>Bel\u0259likl\u0259, art\u0131q h\u0259min erm\u0259nip\u0259r\u0259st q\u00fcvv\u0259l\u0259r birl\u0259\u015f\u0259r\u0259k 2024-c\u00fc ilin yanvar ay\u0131nda \u00f6zl\u0259rini \u00a0insan h\u00fcquqlar\u0131n\u0131n, demokratiyan\u0131n v\u0259 qanunun aliliyinin m\u00fcdafi\u0259si il\u0259 m\u0259\u015f\u011ful olan A\u015ePA-n\u0131n q\u0131\u015f yar\u0131m-sessiyas\u0131n\u0131n a\u00e7\u0131l\u0131\u015f g\u00fcn\u00fcnd\u0259 g\u00f6st\u0259rdil\u0259r. N\u0259tic\u0259d\u0259 m\u00fcxt\u0259lif b\u0259han\u0259l\u0259rl\u0259 Az\u0259rbaycan\u0131n n\u00fcmay\u0259nd\u0259 hey\u0259tinin s\u0259sinin m\u00fcv\u0259qq\u0259ti dondurulmas\u0131n\u0131 t\u0259sdiql\u0259dil\u0259r.<\/p>\n<p>\u00dcmumiyy\u0259tl\u0259, Avropa \u015euras\u0131 h\u0259r zaman Az\u0259rbaycana m\u00fcnasib\u0259td\u0259 ikili standartlardan \u00e7\u0131x\u0131\u015f edib v\u0259 bu g\u00fcn d\u0259 bu siyas\u0259t davam etm\u0259kd\u0259dir.<\/p>\n<p>\u015e\u00fcbh\u0259siz ki, ba\u015f ver\u0259nl\u0259r A\u015ePA kimi n\u00fcfuzlu beyn\u0259lxalq t\u0259\u015fkilat \u00fc\u00e7\u00fcn riyakarl\u0131qdan ba\u015fqa, \u00a0d\u00fcnyada t\u0259hl\u00fck\u0259sizliyin, ba\u015f ver\u0259n qlobal d\u0259yi\u015fiklikl\u0259r fonunda nizam prosesinin\u0259 m\u0259nfi t\u0259sir g\u00f6st\u0259rm\u0259kd\u0259n ba\u015fqa bir \u015fey deyil, eyni zamanda d\u00fcnyada inki\u015faf etmi\u015f d\u00f6vl\u0259tl\u0259rin demokratik inki\u015faf prosesin\u0259 \u00f6z\u00fcn\u0259m\u0259xsus t\u0259siridir\u201d.<\/p>\n<p>M\u0259zahir \u018ff\u0259ndiyev h\u0259m\u00e7inin qeyd edib ki,\u00a0A\u015ePA-n\u0131n q\u0259r\u0259zli, \u0259dal\u0259tsiz v\u0259 beyn\u0259lxalq h\u00fcququ n\u0259z\u0259r\u0259 almadan qarayaxma kampaniyas\u0131 Az\u0259rbaycan\u0131 siyasi irad\u0259sind\u0259n, do\u011fru v\u0259 qanuni bildiyi yoldan he\u00e7 vaxt uzaqla\u015fd\u0131ra bilm\u0259z. D\u0259f\u0259l\u0259rl\u0259 b\u0259yan etdiyi kimi, Az\u0259rbaycan ilk g\u00fcnd\u0259n demokratik inki\u015faf yolunu tutub v\u0259 bundan sonra da \u00f6z v\u0259t\u0259nda\u015flar\u0131n\u0131n h\u00fcquqlar\u0131n\u0131 qorumaqla C\u0259nubi Qafqaz\u0131n b\u00fct\u00fcn xalqlar\u0131n\u0131n s\u00fclh i\u00e7ind\u0259 ya\u015famas\u0131 istiqam\u0259tind\u0259 f\u0259aliyy\u0259tini davam etdir\u0259c\u0259kdir.<\/p>\n<p>\u201cBu g\u00fcn \u00f6lk\u0259miz art\u0131q \u00f6z s\u00f6z\u00fc, \u0259m\u0259li il\u0259 d\u00fcnyada n\u00fcfuz sahibin\u0259 \u00e7evrilib v\u0259 d\u00fcnyan\u0131n \u0259n m\u00f6t\u0259b\u0259r t\u0259dbirl\u0259rin\u0259 ev sahibliyi etm\u0259kl\u0259 n\u00fcmayi\u015f etdiririk ki, Az\u0259rbaycan tolerantl\u0131q, multikultural d\u0259y\u0259rl\u0259r\u0259 sadiqliyini qoruyaraq bundan sonra da davaml\u0131 inki\u015faf\u0131n\u0131 t\u0259min ed\u0259c\u0259kdir\u201d.<\/p>\n","protected":false},"excerpt":{"rendered":"<p>\u201cAvropa \u015euras\u0131 h\u0259r zaman Az\u0259rbaycana m\u00fcnasib\u0259td\u0259 ikili standartlardan \u00e7\u0131x\u0131\u015f edib v\u0259 bu g\u00fcn d\u0259 bu siyas\u0259t davam etm\u0259kd\u0259dir\u201d. Bunu\u00a0Oxu.Az-a a\u00e7\u0131qlamas\u0131nda Milli M\u0259clisinin deputat\u0131\u00a0M\u0259zahir \u018ff\u0259ndiyev\u00a0deyib. \u201cAz\u0259rbaycan 2020-ci ild\u0259 Ali Ba\u015f Komandan, B\u00f6y\u00fck S\u0259rk\u0259rd\u0259\u00a0\u0130lham \u018fliyevin\u00a0m\u00fcdrik, beyn\u0259lxalq h\u00fcquq v\u0259 prinsipl\u0259r\u0259 \u0259saslanm\u0131\u015f q\u0259rar\u0131ndan sonra i\u015f\u011fal\u00e7\u0131 Erm\u0259nistan d\u00f6vl\u0259ti il\u0259 \u0130kinci Qaraba\u011f-V\u0259t\u0259n M\u00fcharib\u0259sini h\u0259yata ke\u00e7irdi, 1990-c\u0131 ilin \u0259vv\u0259ll\u0259rind\u0259n i\u015f\u011fal alt\u0131nda saxan\u0131lan torpaqlar\u0131n\u0131 azad etdi. Bel\u0259likl\u0259, \u00f6lk\u0259miz Birl\u0259\u015fmi\u015f Mill\u0259tl\u0259r T\u0259\u015fkilat\u0131n\u0131n T\u0259hl\u00fck\u0259sizlik \u015euras\u0131 t\u0259r\u0259find\u0259n q\u0259bul olunmu\u015f m\u0259lum 4 q\u0259tnam\u0259nin icras\u0131n\u0131 t\u0259kba\u015f\u0131na icra ed\u0259r\u0259k, 30 il m\u00fcdd\u0259tind\u0259 davam ed\u0259n \u0259dal\u0259tsizliy\u0259 son qoydu. T\u0259bii ki, \u0259ld\u0259 etdiyimiz m\u00f6ht\u0259\u015f\u0259m Z\u0259f\u0259rd\u0259n sonra&hellip;<\/p>\n","protected":false},"author":2,"featured_media":683692,"comment_status":"closed","ping_status":"closed","sticky":false,"template":"","format":"standard","meta":{"om_disable_all_campaigns":false,"_monsterinsights_skip_tracking":false,"_monsterinsights_sitenote_active":false,"_monsterinsights_sitenote_note":"","_monsterinsights_sitenote_category":0},"categories":[4],"tags":[],"aioseo_notices":[],"gutentor_comment":0,"rttpg_featured_image_url":{"full":["https:\/\/arantv.az\/wp-content\/uploads\/2024\/01\/WhatsApp-Image-2024-01-25-at-19.32.39-1.jpg",620,413,false],"landscape":["https:\/\/arantv.az\/wp-content\/uploads\/2024\/01\/WhatsApp-Image-2024-01-25-at-19.32.39-1.jpg",620,413,false],"portraits":["https:\/\/arantv.az\/wp-content\/uploads\/2024\/01\/WhatsApp-Image-2024-01-25-at-19.32.39-1.jpg",620,413,false],"thumbnail":["https:\/\/arantv.az\/wp-content\/uploads\/2024\/01\/WhatsApp-Image-2024-01-25-at-19.32.39-1-500x280.jpg",500,280,true],"medium":["https:\/\/arantv.az\/wp-content\/uploads\/2024\/01\/WhatsApp-Image-2024-01-25-at-19.32.39-1-548x365.jpg",548,365,true],"large":["https:\/\/arantv.az\/wp-content\/uploads\/2024\/01\/WhatsApp-Image-2024-01-25-at-19.32.39-1.jpg",620,413,false],"1536x1536":["https:\/\/arantv.az\/wp-content\/uploads\/2024\/01\/WhatsApp-Image-2024-01-25-at-19.32.39-1.jpg",620,413,false],"2048x2048":["https:\/\/arantv.az\/wp-content\/uploads\/2024\/01\/WhatsApp-Image-2024-01-25-at-19.32.39-1.jpg",620,413,false],"post-thumbnail":["https:\/\/arantv.az\/wp-content\/uploads\/2024\/01\/WhatsApp-Image-2024-01-25-at-19.32.39-1-240x172.jpg",240,172,true],"advps-thumb-one":["https:\/\/arantv.az\/wp-content\/uploads\/2024\/01\/WhatsApp-Image-2024-01-25-at-19.32.39-1.jpg",620,413,false]},"rttpg_author":{"display_name":"V\u00fcsal Rafiqo\u011flu","author_link":"https:\/\/arantv.az\/?author=2"},"rttpg_comment":0,"rttpg_category":"<a href=\"https:\/\/arantv.az\/?cat=4\" rel=\"category\">Siyas\u0259t<\/a>","rttpg_excerpt":"\u201cAvropa \u015euras\u0131 h\u0259r zaman Az\u0259rbaycana m\u00fcnasib\u0259td\u0259 ikili standartlardan \u00e7\u0131x\u0131\u015f edib v\u0259 bu g\u00fcn d\u0259 bu siyas\u0259t davam etm\u0259kd\u0259dir\u201d. Bunu\u00a0Oxu.Az-a a\u00e7\u0131qlamas\u0131nda Milli M\u0259clisinin deputat\u0131\u00a0M\u0259zahir \u018ff\u0259ndiyev\u00a0deyib. \u201cAz\u0259rbaycan 2020-ci ild\u0259 Ali Ba\u015f Komandan, B\u00f6y\u00fck S\u0259rk\u0259rd\u0259\u00a0\u0130lham \u018fliyevin\u00a0m\u00fcdrik, beyn\u0259lxalq h\u00fcquq v\u0259 prinsipl\u0259r\u0259 \u0259saslanm\u0131\u015f q\u0259rar\u0131ndan sonra i\u015f\u011fal\u00e7\u0131 Erm\u0259nistan d\u00f6vl\u0259ti il\u0259 \u0130kinci Qaraba\u011f-V\u0259t\u0259n M\u00fcharib\u0259sini h\u0259yata ke\u00e7irdi, 1990-c\u0131 ilin \u0259vv\u0259ll\u0259rind\u0259n i\u015f\u011fal alt\u0131nda saxan\u0131lan&hellip;","_links":{"self":[{"href":"https:\/\/arantv.az\/index.php?rest_route=\/wp\/v2\/posts\/683691"}],"collection":[{"href":"https:\/\/arantv.az\/index.php?rest_route=\/wp\/v2\/posts"}],"about":[{"href":"https:\/\/arantv.az\/index.php?rest_route=\/wp\/v2\/types\/post"}],"author":[{"embeddable":true,"href":"https:\/\/arantv.az\/index.php?rest_route=\/wp\/v2\/users\/2"}],"replies":[{"embeddable":true,"href":"https:\/\/arantv.az\/index.php?rest_route=%2Fwp%2Fv2%2Fcomments&post=683691"}],"version-history":[{"count":0,"href":"https:\/\/arantv.az\/index.php?rest_route=\/wp\/v2\/posts\/683691\/revisions"}],"wp:featuredmedia":[{"embeddable":true,"href":"https:\/\/arantv.az\/index.php?rest_route=\/wp\/v2\/media\/683692"}],"wp:attachment":[{"href":"https:\/\/arantv.az\/index.php?rest_route=%2Fwp%2Fv2%2Fmedia&parent=683691"}],"wp:term":[{"taxonomy":"category","embeddable":true,"href":"https:\/\/arantv.az\/index.php?rest_route=%2Fwp%2Fv2%2Fcategories&post=683691"},{"taxonomy":"post_tag","embeddable":true,"href":"https:\/\/arantv.az\/index.php?rest_route=%2Fwp%2Fv2%2Ftags&post=683691"}],"curies":[{"name":"wp","href":"https:\/\/api.w.org\/{rel}","templated":true}]}}