{"id":683695,"date":"2024-01-25T20:46:11","date_gmt":"2024-01-25T16:46:11","guid":{"rendered":"https:\/\/arantv.az\/?p=683695"},"modified":"2024-01-25T20:46:11","modified_gmt":"2024-01-25T16:46:11","slug":"erm%c9%99nistan-yeni-mina-x%c9%99rit%c9%99l%c9%99rini-az%c9%99rbaycana-ver%c9%99c%c9%99k","status":"publish","type":"post","link":"https:\/\/arantv.az\/?p=683695","title":{"rendered":"Erm\u0259nistan yeni mina x\u0259rit\u0259l\u0259rini Az\u0259rbaycana ver\u0259c\u0259k"},"content":{"rendered":"<p>Erm\u0259nistan Milli T\u0259hl\u00fck\u0259sizlik Xidm\u0259ti Qaraba\u011fda minalanm\u0131\u015f sah\u0259l\u0259r bar\u0259d\u0259 m\u0259lumatlar\u0131n yer ald\u0131\u011f\u0131 s\u0259kkiz yeni jurnal\u0131n m\u00fc\u0259yy\u0259n edildiyini bildirib.<\/p>\n<p>Erm\u0259nistan m\u0259tbuat\u0131n\u0131n yazd\u0131\u011f\u0131na g\u00f6r\u0259, yax\u0131n g\u00fcnl\u0259rd\u0259 onlar i\u015f\u00e7i kanallar vasit\u0259sil\u0259 Az\u0259rbaycan t\u0259r\u0259fin\u0259 veril\u0259c\u0259k.<\/p>\n<p>H\u0259m\u00e7inin, \u0130r\u0259van sur\u0259tl\u0259ri beyn\u0259lxalq t\u0259r\u0259fda\u015flara t\u0259hvil ver\u0259c\u0259k.<\/p>\n<p>Qeyd ed\u0259k ki, bundan \u0259vv\u0259l xarici i\u015fl\u0259r naziri Ararat Mirzoyan minalanm\u0131\u015f sah\u0259l\u0259r\u0259 dair yeni m\u0259lumatlar\u0131n \u00f6t\u00fcr\u00fclm\u0259si imkanlar\u0131ndan dan\u0131\u015f\u0131b.<\/p>\n","protected":false},"excerpt":{"rendered":"<p>Erm\u0259nistan Milli T\u0259hl\u00fck\u0259sizlik Xidm\u0259ti Qaraba\u011fda minalanm\u0131\u015f sah\u0259l\u0259r bar\u0259d\u0259 m\u0259lumatlar\u0131n yer ald\u0131\u011f\u0131 s\u0259kkiz yeni jurnal\u0131n m\u00fc\u0259yy\u0259n edildiyini bildirib. Erm\u0259nistan m\u0259tbuat\u0131n\u0131n yazd\u0131\u011f\u0131na g\u00f6r\u0259, yax\u0131n g\u00fcnl\u0259rd\u0259 onlar i\u015f\u00e7i kanallar vasit\u0259sil\u0259 Az\u0259rbaycan t\u0259r\u0259fin\u0259 veril\u0259c\u0259k. H\u0259m\u00e7inin, \u0130r\u0259van sur\u0259tl\u0259ri beyn\u0259lxalq t\u0259r\u0259fda\u015flara t\u0259hvil ver\u0259c\u0259k. Qeyd ed\u0259k ki, bundan \u0259vv\u0259l xarici i\u015fl\u0259r naziri Ararat Mirzoyan minalanm\u0131\u015f sah\u0259l\u0259r\u0259 dair yeni m\u0259lumatlar\u0131n \u00f6t\u00fcr\u00fclm\u0259si imkanlar\u0131ndan dan\u0131\u015f\u0131b.<\/p>\n","protected":false},"author":2,"featured_media":510485,"comment_status":"closed","ping_status":"closed","sticky":false,"template":"","format":"standard","meta":{"om_disable_all_campaigns":false,"_monsterinsights_skip_tracking":false,"_monsterinsights_sitenote_active":false,"_monsterinsights_sitenote_note":"","_monsterinsights_sitenote_category":0},"categories":[4],"tags":[],"aioseo_notices":[],"gutentor_comment":0,"rttpg_featured_image_url":{"full":["https:\/\/arantv.az\/wp-content\/uploads\/2022\/09\/mina_220921.jpg",620,413,false],"landscape":["https:\/\/arantv.az\/wp-content\/uploads\/2022\/09\/mina_220921.jpg",620,413,false],"portraits":["https:\/\/arantv.az\/wp-content\/uploads\/2022\/09\/mina_220921.jpg",620,413,false],"thumbnail":["https:\/\/arantv.az\/wp-content\/uploads\/2022\/09\/mina_220921-500x280.jpg",500,280,true],"medium":["https:\/\/arantv.az\/wp-content\/uploads\/2022\/09\/mina_220921-548x365.jpg",548,365,true],"large":["https:\/\/arantv.az\/wp-content\/uploads\/2022\/09\/mina_220921.jpg",620,413,false],"1536x1536":["https:\/\/arantv.az\/wp-content\/uploads\/2022\/09\/mina_220921.jpg",620,413,false],"2048x2048":["https:\/\/arantv.az\/wp-content\/uploads\/2022\/09\/mina_220921.jpg",620,413,false],"post-thumbnail":["https:\/\/arantv.az\/wp-content\/uploads\/2022\/09\/mina_220921-240x172.jpg",240,172,true],"advps-thumb-one":["https:\/\/arantv.az\/wp-content\/uploads\/2022\/09\/mina_220921.jpg",620,413,false]},"rttpg_author":{"display_name":"V\u00fcsal Rafiqo\u011flu","author_link":"https:\/\/arantv.az\/?author=2"},"rttpg_comment":0,"rttpg_category":"<a href=\"https:\/\/arantv.az\/?cat=4\" rel=\"category\">Siyas\u0259t<\/a>","rttpg_excerpt":"Erm\u0259nistan Milli T\u0259hl\u00fck\u0259sizlik Xidm\u0259ti Qaraba\u011fda minalanm\u0131\u015f sah\u0259l\u0259r bar\u0259d\u0259 m\u0259lumatlar\u0131n yer ald\u0131\u011f\u0131 s\u0259kkiz yeni jurnal\u0131n m\u00fc\u0259yy\u0259n edildiyini bildirib. Erm\u0259nistan m\u0259tbuat\u0131n\u0131n yazd\u0131\u011f\u0131na g\u00f6r\u0259, yax\u0131n g\u00fcnl\u0259rd\u0259 onlar i\u015f\u00e7i kanallar vasit\u0259sil\u0259 Az\u0259rbaycan t\u0259r\u0259fin\u0259 veril\u0259c\u0259k. H\u0259m\u00e7inin, \u0130r\u0259van sur\u0259tl\u0259ri beyn\u0259lxalq t\u0259r\u0259fda\u015flara t\u0259hvil ver\u0259c\u0259k. Qeyd ed\u0259k ki, bundan \u0259vv\u0259l xarici i\u015fl\u0259r naziri Ararat Mirzoyan minalanm\u0131\u015f sah\u0259l\u0259r\u0259 dair yeni m\u0259lumatlar\u0131n \u00f6t\u00fcr\u00fclm\u0259si imkanlar\u0131ndan dan\u0131\u015f\u0131b.","_links":{"self":[{"href":"https:\/\/arantv.az\/index.php?rest_route=\/wp\/v2\/posts\/683695"}],"collection":[{"href":"https:\/\/arantv.az\/index.php?rest_route=\/wp\/v2\/posts"}],"about":[{"href":"https:\/\/arantv.az\/index.php?rest_route=\/wp\/v2\/types\/post"}],"author":[{"embeddable":true,"href":"https:\/\/arantv.az\/index.php?rest_route=\/wp\/v2\/users\/2"}],"replies":[{"embeddable":true,"href":"https:\/\/arantv.az\/index.php?rest_route=%2Fwp%2Fv2%2Fcomments&post=683695"}],"version-history":[{"count":0,"href":"https:\/\/arantv.az\/index.php?rest_route=\/wp\/v2\/posts\/683695\/revisions"}],"wp:featuredmedia":[{"embeddable":true,"href":"https:\/\/arantv.az\/index.php?rest_route=\/wp\/v2\/media\/510485"}],"wp:attachment":[{"href":"https:\/\/arantv.az\/index.php?rest_route=%2Fwp%2Fv2%2Fmedia&parent=683695"}],"wp:term":[{"taxonomy":"category","embeddable":true,"href":"https:\/\/arantv.az\/index.php?rest_route=%2Fwp%2Fv2%2Fcategories&post=683695"},{"taxonomy":"post_tag","embeddable":true,"href":"https:\/\/arantv.az\/index.php?rest_route=%2Fwp%2Fv2%2Ftags&post=683695"}],"curies":[{"name":"wp","href":"https:\/\/api.w.org\/{rel}","templated":true}]}}