{"id":683702,"date":"2024-01-25T20:52:12","date_gmt":"2024-01-25T16:52:12","guid":{"rendered":"https:\/\/arantv.az\/?p=683702"},"modified":"2024-01-25T20:52:12","modified_gmt":"2024-01-25T16:52:12","slug":"uzunmudd%c9%99tli-muhafiz%c9%99-orderinin-verilm%c9%99sind%c9%99-yeni-qayda","status":"publish","type":"post","link":"https:\/\/arantv.az\/?p=683702","title":{"rendered":"Uzunm\u00fcdd\u0259tli m\u00fchafiz\u0259 orderinin verilm\u0259sind\u0259 yeni QAYDA"},"content":{"rendered":"<p>Uzunm\u00fcdd\u0259tli m\u00fchafiz\u0259 orderinin verilm\u0259si qaydas\u0131 d\u0259yi\u015fir.<\/p>\n<p>APA\u00a0x\u0259b\u0259r verir ki, bu, Milli M\u0259clisin \u0130nsan h\u00fcquqlar\u0131 komit\u0259sind\u0259 m\u00fczakir\u0259y\u0259 \u00e7\u0131xar\u0131laraq parlamentin plenar iclas\u0131na t\u00f6vsiy\u0259 edil\u0259n \u201cM\u0259i\u015f\u0259t zorak\u0131l\u0131\u011f\u0131n\u0131n qar\u015f\u0131s\u0131n\u0131n al\u0131nmas\u0131 haqq\u0131nda\u201d qanuna t\u0259klif edil\u0259n d\u0259yi\u015fiklikd\u0259 \u0259ksini tap\u0131b.<\/p>\n<p>Layih\u0259y\u0259 \u0259sas\u0259n, M\u0259i\u015f\u0259t zorak\u0131l\u0131\u011f\u0131 il\u0259 ba\u011fl\u0131 h\u0259r\u0259k\u0259tl\u0259ri t\u00f6r\u0259tmi\u015f \u015f\u0259xs verilmi\u015f x\u0259b\u0259rdarl\u0131\u011fa \u0259m\u0259l etm\u0259dikd\u0259, prokurorun da uzunm\u00fcdd\u0259tli m\u00fchafiz\u0259 orderinin verilm\u0259si \u00fc\u00e7\u00fcn m\u0259hk\u0259m\u0259y\u0259 m\u00fcraci\u0259t etm\u0259k h\u00fcququna malik olmas\u0131 t\u0259klif edilir.<\/p>\n<p>Qeyd ed\u0259k ki, q\u00fcvv\u0259d\u0259 olan qanuna g\u00f6r\u0259 z\u0259r\u0259r \u00e7\u0259kmi\u015f \u015f\u0259xs v\u0259 m\u00fcvafiq icra hakimiyy\u0259ti orqan\u0131 (yerli icra hakimiyy\u0259ti orqanlar\u0131) bel\u0259 h\u00fcquqa malikdir.<\/p>\n","protected":false},"excerpt":{"rendered":"<p>Uzunm\u00fcdd\u0259tli m\u00fchafiz\u0259 orderinin verilm\u0259si qaydas\u0131 d\u0259yi\u015fir. APA\u00a0x\u0259b\u0259r verir ki, bu, Milli M\u0259clisin \u0130nsan h\u00fcquqlar\u0131 komit\u0259sind\u0259 m\u00fczakir\u0259y\u0259 \u00e7\u0131xar\u0131laraq parlamentin plenar iclas\u0131na t\u00f6vsiy\u0259 edil\u0259n \u201cM\u0259i\u015f\u0259t zorak\u0131l\u0131\u011f\u0131n\u0131n qar\u015f\u0131s\u0131n\u0131n al\u0131nmas\u0131 haqq\u0131nda\u201d qanuna t\u0259klif edil\u0259n d\u0259yi\u015fiklikd\u0259 \u0259ksini tap\u0131b. Layih\u0259y\u0259 \u0259sas\u0259n, M\u0259i\u015f\u0259t zorak\u0131l\u0131\u011f\u0131 il\u0259 ba\u011fl\u0131 h\u0259r\u0259k\u0259tl\u0259ri t\u00f6r\u0259tmi\u015f \u015f\u0259xs verilmi\u015f x\u0259b\u0259rdarl\u0131\u011fa \u0259m\u0259l etm\u0259dikd\u0259, prokurorun da uzunm\u00fcdd\u0259tli m\u00fchafiz\u0259 orderinin verilm\u0259si \u00fc\u00e7\u00fcn m\u0259hk\u0259m\u0259y\u0259 m\u00fcraci\u0259t etm\u0259k h\u00fcququna malik olmas\u0131 t\u0259klif edilir. Qeyd ed\u0259k ki, q\u00fcvv\u0259d\u0259 olan qanuna g\u00f6r\u0259 z\u0259r\u0259r \u00e7\u0259kmi\u015f \u015f\u0259xs v\u0259 m\u00fcvafiq icra hakimiyy\u0259ti orqan\u0131 (yerli icra hakimiyy\u0259ti orqanlar\u0131) bel\u0259 h\u00fcquqa malikdir.<\/p>\n","protected":false},"author":2,"featured_media":577434,"comment_status":"closed","ping_status":"closed","sticky":false,"template":"","format":"standard","meta":{"om_disable_all_campaigns":false,"_monsterinsights_skip_tracking":false,"_monsterinsights_sitenote_active":false,"_monsterinsights_sitenote_note":"","_monsterinsights_sitenote_category":0},"categories":[19],"tags":[],"aioseo_notices":[],"gutentor_comment":0,"rttpg_featured_image_url":{"full":["https:\/\/arantv.az\/wp-content\/uploads\/2023\/03\/1635404882_teyinat-imza-serencam.jpg",620,413,false],"landscape":["https:\/\/arantv.az\/wp-content\/uploads\/2023\/03\/1635404882_teyinat-imza-serencam.jpg",620,413,false],"portraits":["https:\/\/arantv.az\/wp-content\/uploads\/2023\/03\/1635404882_teyinat-imza-serencam.jpg",620,413,false],"thumbnail":["https:\/\/arantv.az\/wp-content\/uploads\/2023\/03\/1635404882_teyinat-imza-serencam-500x280.jpg",500,280,true],"medium":["https:\/\/arantv.az\/wp-content\/uploads\/2023\/03\/1635404882_teyinat-imza-serencam-548x365.jpg",548,365,true],"large":["https:\/\/arantv.az\/wp-content\/uploads\/2023\/03\/1635404882_teyinat-imza-serencam.jpg",620,413,false],"1536x1536":["https:\/\/arantv.az\/wp-content\/uploads\/2023\/03\/1635404882_teyinat-imza-serencam.jpg",620,413,false],"2048x2048":["https:\/\/arantv.az\/wp-content\/uploads\/2023\/03\/1635404882_teyinat-imza-serencam.jpg",620,413,false],"post-thumbnail":["https:\/\/arantv.az\/wp-content\/uploads\/2023\/03\/1635404882_teyinat-imza-serencam-240x172.jpg",240,172,true],"advps-thumb-one":["https:\/\/arantv.az\/wp-content\/uploads\/2023\/03\/1635404882_teyinat-imza-serencam.jpg",620,413,false]},"rttpg_author":{"display_name":"V\u00fcsal Rafiqo\u011flu","author_link":"https:\/\/arantv.az\/?author=2"},"rttpg_comment":0,"rttpg_category":"<a href=\"https:\/\/arantv.az\/?cat=19\" rel=\"category\">G\u00fcnd\u0259m<\/a>","rttpg_excerpt":"Uzunm\u00fcdd\u0259tli m\u00fchafiz\u0259 orderinin verilm\u0259si qaydas\u0131 d\u0259yi\u015fir. APA\u00a0x\u0259b\u0259r verir ki, bu, Milli M\u0259clisin \u0130nsan h\u00fcquqlar\u0131 komit\u0259sind\u0259 m\u00fczakir\u0259y\u0259 \u00e7\u0131xar\u0131laraq parlamentin plenar iclas\u0131na t\u00f6vsiy\u0259 edil\u0259n \u201cM\u0259i\u015f\u0259t zorak\u0131l\u0131\u011f\u0131n\u0131n qar\u015f\u0131s\u0131n\u0131n al\u0131nmas\u0131 haqq\u0131nda\u201d qanuna t\u0259klif edil\u0259n d\u0259yi\u015fiklikd\u0259 \u0259ksini tap\u0131b. Layih\u0259y\u0259 \u0259sas\u0259n, M\u0259i\u015f\u0259t zorak\u0131l\u0131\u011f\u0131 il\u0259 ba\u011fl\u0131 h\u0259r\u0259k\u0259tl\u0259ri t\u00f6r\u0259tmi\u015f \u015f\u0259xs verilmi\u015f x\u0259b\u0259rdarl\u0131\u011fa \u0259m\u0259l etm\u0259dikd\u0259, prokurorun da uzunm\u00fcdd\u0259tli m\u00fchafiz\u0259 orderinin verilm\u0259si \u00fc\u00e7\u00fcn m\u0259hk\u0259m\u0259y\u0259 m\u00fcraci\u0259t&hellip;","_links":{"self":[{"href":"https:\/\/arantv.az\/index.php?rest_route=\/wp\/v2\/posts\/683702"}],"collection":[{"href":"https:\/\/arantv.az\/index.php?rest_route=\/wp\/v2\/posts"}],"about":[{"href":"https:\/\/arantv.az\/index.php?rest_route=\/wp\/v2\/types\/post"}],"author":[{"embeddable":true,"href":"https:\/\/arantv.az\/index.php?rest_route=\/wp\/v2\/users\/2"}],"replies":[{"embeddable":true,"href":"https:\/\/arantv.az\/index.php?rest_route=%2Fwp%2Fv2%2Fcomments&post=683702"}],"version-history":[{"count":0,"href":"https:\/\/arantv.az\/index.php?rest_route=\/wp\/v2\/posts\/683702\/revisions"}],"wp:featuredmedia":[{"embeddable":true,"href":"https:\/\/arantv.az\/index.php?rest_route=\/wp\/v2\/media\/577434"}],"wp:attachment":[{"href":"https:\/\/arantv.az\/index.php?rest_route=%2Fwp%2Fv2%2Fmedia&parent=683702"}],"wp:term":[{"taxonomy":"category","embeddable":true,"href":"https:\/\/arantv.az\/index.php?rest_route=%2Fwp%2Fv2%2Fcategories&post=683702"},{"taxonomy":"post_tag","embeddable":true,"href":"https:\/\/arantv.az\/index.php?rest_route=%2Fwp%2Fv2%2Ftags&post=683702"}],"curies":[{"name":"wp","href":"https:\/\/api.w.org\/{rel}","templated":true}]}}