{"id":683708,"date":"2024-01-25T21:08:34","date_gmt":"2024-01-25T17:08:34","guid":{"rendered":"https:\/\/arantv.az\/?p=683708"},"modified":"2024-01-25T21:08:34","modified_gmt":"2024-01-25T17:08:34","slug":"s%c9%99ffaf-v%c9%99-%c9%99dal%c9%99tli-seckil%c9%99r-demokratiyanin-%c9%99sas-gost%c9%99ricisidir","status":"publish","type":"post","link":"https:\/\/arantv.az\/?p=683708","title":{"rendered":"\u015e\u0259ffaf v\u0259 \u0259dal\u0259tli se\u00e7kil\u0259r demokratiyan\u0131n \u0259sas g\u00f6st\u0259ricisidir"},"content":{"rendered":"<p>2024-c\u00fc il fevral\u0131n 7-d\u0259 \u00f6lk\u0259mizd\u0259 ke\u00e7iril\u0259c\u0259k prezident se\u00e7kil\u0259ri il\u0259 \u0259laq\u0259dar Yeni Az\u0259rbaycan Partiyas\u0131 t\u0259r\u0259find\u0259n namiz\u0259dliyi ir\u0259li s\u00fcr\u00fclm\u00fc\u015f \u0130lham Heyd\u0259r o\u011flu \u018fliyevin se\u00e7kiqaba\u011f\u0131 t\u0259\u015fviqat kampaniyas\u0131 \u00e7\u0259r\u00e7iv\u0259sind\u0259 yanvar\u0131n 24-d\u0259 B\u0259rd\u0259 rayonunun \u015eor\u0259lli, Divanl\u0131, \u018fr\u0259bl\u0259r, K\u0259t\u0259lparaq v\u0259 Piyadalar k\u0259ndinin se\u00e7icil\u0259ri il\u0259 g\u00f6r\u00fc\u015fl\u0259r ke\u00e7irilib.<\/p>\n<p>\u018fvv\u0259lc\u0259 D\u00f6vl\u0259t Himni s\u0259sl\u0259ndirilib, \u00dcmummilli Lider Heyd\u0259r \u018fliyevin v\u0259 \u0259razi b\u00fct\u00f6vl\u00fcy\u00fc u\u011frunda h\u0259lak olmu\u015f \u015f\u0259hidl\u0259rimizin \u0259ziz xatir\u0259si bir d\u0259qiq\u0259lik s\u00fckutla yad edilib.<\/p>\n<p>G\u00f6r\u00fc\u015fd\u0259 YAP B\u0259rd\u0259 rayon t\u0259\u015fkilat\u0131n\u0131n s\u0259dri Faq\u0259t \u015eadlinskaya, yerli t\u0259bli\u011fat qrupunun \u00fczvl\u0259ri T\u0259rlan Musayeva, Qas\u0131m Hac\u0131yev, Aq\u015fin Hac\u0131zad\u0259, G\u00fclnar\u0259 \u018fliyeva, Arif\u0259t \u018fhm\u0259dova, \u018flvan\u0259 M\u0259mm\u0259dova, \u015f\u0259hid F\u0259xri Q\u0259ribzad\u0259nin anas\u0131 Mehpar\u0259 Q\u0259ribova, Birinci Qaraba\u011f m\u00fcharib\u0259si i\u015ftirak\u00e7\u0131s\u0131 G\u0259ray \u018fs\u0259dov \u00e7\u0131x\u0131\u015f edibl\u0259r. Natiql\u0259r se\u00e7icil\u0259ri 7 fevral se\u00e7kil\u0259rind\u0259 f\u0259al i\u015ftirak etm\u0259y\u0259 v\u0259 qalib Lider, Yeni Az\u0259rbaycan Partiyas\u0131n\u0131n namiz\u0259di c\u0259nab \u0130lham \u018fliyev\u0259 s\u0259s verm\u0259y\u0259 \u00e7a\u011f\u0131r\u0131blar.<\/p>\n<p>G\u00f6r\u00fc\u015f Yeni Az\u0259rbaycan Partiyas\u0131n\u0131n Himninin s\u0259sl\u0259ndirilm\u0259si il\u0259 yekunla\u015f\u0131b.<\/p>\n<p>G\u00f6r\u00fc\u015fd\u0259n sonra t\u0259bli\u011fat qrupunun \u00fczvl\u0259ri rayonun C\u0259yirli, Piyadalar, Divanl\u0131 k\u0259ndl\u0259rind\u0259 \u015f\u0259hid ail\u0259l\u0259rini ziyar\u0259t edibl\u0259r.<\/p>\n<p><img loading=\"lazy\" class=\"alignnone size-full wp-image-683709\" src=\"https:\/\/arantv.az\/wp-content\/uploads\/2024\/01\/thumb-139.jpg\" alt=\"\" width=\"360\" height=\"239\" \/> <img loading=\"lazy\" class=\"alignnone size-medium wp-image-683710\" src=\"https:\/\/arantv.az\/wp-content\/uploads\/2024\/01\/thumb-140.jpg\" alt=\"\" width=\"188\" height=\"120\" \/> <img loading=\"lazy\" class=\"alignnone size-medium wp-image-683711\" src=\"https:\/\/arantv.az\/wp-content\/uploads\/2024\/01\/thumb-141.jpg\" alt=\"\" width=\"188\" height=\"120\" \/> <img loading=\"lazy\" class=\"alignnone size-medium wp-image-683712\" src=\"https:\/\/arantv.az\/wp-content\/uploads\/2024\/01\/thumb-142.jpg\" alt=\"\" width=\"188\" height=\"120\" \/> <img loading=\"lazy\" class=\"alignnone size-medium wp-image-683713\" src=\"https:\/\/arantv.az\/wp-content\/uploads\/2024\/01\/thumb-143.jpg\" alt=\"\" width=\"188\" height=\"120\" \/> <img loading=\"lazy\" class=\"alignnone size-medium wp-image-683714\" src=\"https:\/\/arantv.az\/wp-content\/uploads\/2024\/01\/thumb-144.jpg\" alt=\"\" width=\"188\" height=\"120\" \/> <img loading=\"lazy\" class=\"alignnone size-medium wp-image-683715\" src=\"https:\/\/arantv.az\/wp-content\/uploads\/2024\/01\/thumb-145.jpg\" alt=\"\" width=\"188\" height=\"120\" \/> <img loading=\"lazy\" class=\"alignnone size-medium wp-image-683716\" src=\"https:\/\/arantv.az\/wp-content\/uploads\/2024\/01\/thumb-146.jpg\" alt=\"\" width=\"188\" height=\"120\" \/> <img loading=\"lazy\" class=\"alignnone size-medium wp-image-683717\" src=\"https:\/\/arantv.az\/wp-content\/uploads\/2024\/01\/thumb-147.jpg\" alt=\"\" width=\"188\" height=\"120\" \/> <img loading=\"lazy\" class=\"alignnone size-medium wp-image-683718\" src=\"https:\/\/arantv.az\/wp-content\/uploads\/2024\/01\/thumb-148.jpg\" alt=\"\" width=\"188\" height=\"120\" \/> <img loading=\"lazy\" class=\"alignnone size-medium wp-image-683719\" src=\"https:\/\/arantv.az\/wp-content\/uploads\/2024\/01\/thumb-149.jpg\" alt=\"\" width=\"188\" height=\"120\" \/> <img loading=\"lazy\" class=\"alignnone size-medium wp-image-683720\" src=\"https:\/\/arantv.az\/wp-content\/uploads\/2024\/01\/thumb-150.jpg\" alt=\"\" width=\"188\" height=\"120\" \/> <img loading=\"lazy\" class=\"alignnone size-medium wp-image-683721\" src=\"https:\/\/arantv.az\/wp-content\/uploads\/2024\/01\/thumb-151.jpg\" alt=\"\" width=\"188\" height=\"120\" \/> <img loading=\"lazy\" class=\"alignnone size-medium wp-image-683722\" src=\"https:\/\/arantv.az\/wp-content\/uploads\/2024\/01\/thumb-152.jpg\" alt=\"\" width=\"188\" height=\"120\" \/><\/p>\n","protected":false},"excerpt":{"rendered":"<p>2024-c\u00fc il fevral\u0131n 7-d\u0259 \u00f6lk\u0259mizd\u0259 ke\u00e7iril\u0259c\u0259k prezident se\u00e7kil\u0259ri il\u0259 \u0259laq\u0259dar Yeni Az\u0259rbaycan Partiyas\u0131 t\u0259r\u0259find\u0259n namiz\u0259dliyi ir\u0259li s\u00fcr\u00fclm\u00fc\u015f \u0130lham Heyd\u0259r o\u011flu \u018fliyevin se\u00e7kiqaba\u011f\u0131 t\u0259\u015fviqat kampaniyas\u0131 \u00e7\u0259r\u00e7iv\u0259sind\u0259 yanvar\u0131n 24-d\u0259 B\u0259rd\u0259 rayonunun \u015eor\u0259lli, Divanl\u0131, \u018fr\u0259bl\u0259r, K\u0259t\u0259lparaq v\u0259 Piyadalar k\u0259ndinin se\u00e7icil\u0259ri il\u0259 g\u00f6r\u00fc\u015fl\u0259r ke\u00e7irilib. \u018fvv\u0259lc\u0259 D\u00f6vl\u0259t Himni s\u0259sl\u0259ndirilib, \u00dcmummilli Lider Heyd\u0259r \u018fliyevin v\u0259 \u0259razi b\u00fct\u00f6vl\u00fcy\u00fc u\u011frunda h\u0259lak olmu\u015f \u015f\u0259hidl\u0259rimizin \u0259ziz xatir\u0259si bir d\u0259qiq\u0259lik s\u00fckutla yad edilib. G\u00f6r\u00fc\u015fd\u0259 YAP B\u0259rd\u0259 rayon t\u0259\u015fkilat\u0131n\u0131n s\u0259dri Faq\u0259t \u015eadlinskaya, yerli t\u0259bli\u011fat qrupunun \u00fczvl\u0259ri T\u0259rlan Musayeva, Qas\u0131m Hac\u0131yev, Aq\u015fin Hac\u0131zad\u0259, G\u00fclnar\u0259 \u018fliyeva, Arif\u0259t \u018fhm\u0259dova, \u018flvan\u0259 M\u0259mm\u0259dova, \u015f\u0259hid F\u0259xri Q\u0259ribzad\u0259nin anas\u0131&hellip;<\/p>\n","protected":false},"author":2,"featured_media":683709,"comment_status":"closed","ping_status":"closed","sticky":false,"template":"","format":"standard","meta":{"om_disable_all_campaigns":false,"_monsterinsights_skip_tracking":false,"_monsterinsights_sitenote_active":false,"_monsterinsights_sitenote_note":"","_monsterinsights_sitenote_category":0},"categories":[2],"tags":[],"aioseo_notices":[],"gutentor_comment":0,"rttpg_featured_image_url":{"full":["https:\/\/arantv.az\/wp-content\/uploads\/2024\/01\/thumb-139.jpg",360,239,false],"landscape":["https:\/\/arantv.az\/wp-content\/uploads\/2024\/01\/thumb-139.jpg",360,239,false],"portraits":["https:\/\/arantv.az\/wp-content\/uploads\/2024\/01\/thumb-139.jpg",360,239,false],"thumbnail":["https:\/\/arantv.az\/wp-content\/uploads\/2024\/01\/thumb-139.jpg",360,239,false],"medium":["https:\/\/arantv.az\/wp-content\/uploads\/2024\/01\/thumb-139.jpg",360,239,false],"large":["https:\/\/arantv.az\/wp-content\/uploads\/2024\/01\/thumb-139.jpg",360,239,false],"1536x1536":["https:\/\/arantv.az\/wp-content\/uploads\/2024\/01\/thumb-139.jpg",360,239,false],"2048x2048":["https:\/\/arantv.az\/wp-content\/uploads\/2024\/01\/thumb-139.jpg",360,239,false],"post-thumbnail":["https:\/\/arantv.az\/wp-content\/uploads\/2024\/01\/thumb-139-240x172.jpg",240,172,true],"advps-thumb-one":["https:\/\/arantv.az\/wp-content\/uploads\/2024\/01\/thumb-139.jpg",360,239,false]},"rttpg_author":{"display_name":"V\u00fcsal Rafiqo\u011flu","author_link":"https:\/\/arantv.az\/?author=2"},"rttpg_comment":0,"rttpg_category":"<a href=\"https:\/\/arantv.az\/?cat=2\" rel=\"category\">Region X\u0259b\u0259rl\u0259ri<\/a>","rttpg_excerpt":"2024-c\u00fc il fevral\u0131n 7-d\u0259 \u00f6lk\u0259mizd\u0259 ke\u00e7iril\u0259c\u0259k prezident se\u00e7kil\u0259ri il\u0259 \u0259laq\u0259dar Yeni Az\u0259rbaycan Partiyas\u0131 t\u0259r\u0259find\u0259n namiz\u0259dliyi ir\u0259li s\u00fcr\u00fclm\u00fc\u015f \u0130lham Heyd\u0259r o\u011flu \u018fliyevin se\u00e7kiqaba\u011f\u0131 t\u0259\u015fviqat kampaniyas\u0131 \u00e7\u0259r\u00e7iv\u0259sind\u0259 yanvar\u0131n 24-d\u0259 B\u0259rd\u0259 rayonunun \u015eor\u0259lli, Divanl\u0131, \u018fr\u0259bl\u0259r, K\u0259t\u0259lparaq v\u0259 Piyadalar k\u0259ndinin se\u00e7icil\u0259ri il\u0259 g\u00f6r\u00fc\u015fl\u0259r ke\u00e7irilib. \u018fvv\u0259lc\u0259 D\u00f6vl\u0259t Himni s\u0259sl\u0259ndirilib, \u00dcmummilli Lider Heyd\u0259r \u018fliyevin v\u0259 \u0259razi b\u00fct\u00f6vl\u00fcy\u00fc u\u011frunda h\u0259lak olmu\u015f \u015f\u0259hidl\u0259rimizin&hellip;","_links":{"self":[{"href":"https:\/\/arantv.az\/index.php?rest_route=\/wp\/v2\/posts\/683708"}],"collection":[{"href":"https:\/\/arantv.az\/index.php?rest_route=\/wp\/v2\/posts"}],"about":[{"href":"https:\/\/arantv.az\/index.php?rest_route=\/wp\/v2\/types\/post"}],"author":[{"embeddable":true,"href":"https:\/\/arantv.az\/index.php?rest_route=\/wp\/v2\/users\/2"}],"replies":[{"embeddable":true,"href":"https:\/\/arantv.az\/index.php?rest_route=%2Fwp%2Fv2%2Fcomments&post=683708"}],"version-history":[{"count":0,"href":"https:\/\/arantv.az\/index.php?rest_route=\/wp\/v2\/posts\/683708\/revisions"}],"wp:featuredmedia":[{"embeddable":true,"href":"https:\/\/arantv.az\/index.php?rest_route=\/wp\/v2\/media\/683709"}],"wp:attachment":[{"href":"https:\/\/arantv.az\/index.php?rest_route=%2Fwp%2Fv2%2Fmedia&parent=683708"}],"wp:term":[{"taxonomy":"category","embeddable":true,"href":"https:\/\/arantv.az\/index.php?rest_route=%2Fwp%2Fv2%2Fcategories&post=683708"},{"taxonomy":"post_tag","embeddable":true,"href":"https:\/\/arantv.az\/index.php?rest_route=%2Fwp%2Fv2%2Ftags&post=683708"}],"curies":[{"name":"wp","href":"https:\/\/api.w.org\/{rel}","templated":true}]}}