{"id":683729,"date":"2024-01-26T09:50:22","date_gmt":"2024-01-26T05:50:22","guid":{"rendered":"https:\/\/arantv.az\/?p=683729"},"modified":"2024-01-26T09:50:22","modified_gmt":"2024-01-26T05:50:22","slug":"cin-%c9%99nsar-allahla-bagli-irana-x%c9%99b%c9%99rdarliq-edib","status":"publish","type":"post","link":"https:\/\/arantv.az\/?p=683729","title":{"rendered":"\u00c7in \u201c\u018fnsar Allah\u201dla ba\u011fl\u0131 \u0130rana x\u0259b\u0259rdarl\u0131q edib"},"content":{"rendered":"<p>\u00c7in Y\u0259m\u0259nin \u201c\u018fnsar Allah\u201d (husil\u0259r) h\u0259r\u0259kat\u0131 il\u0259 \u0259laq\u0259dar \u0130rana m\u00fcraci\u0259t edib.<\/p>\n<p>Pekin Tehrandan h\u0259r\u0259kat\u0131n h\u00fccumlar\u0131n\u0131 dayand\u0131rma\u011fa k\u00f6m\u0259k etm\u0259sini ist\u0259yib.<\/p>\n<p>M\u0259nb\u0259 yaz\u0131r ki, \u00c7in v\u0259 \u0130ran bu yax\u0131nlarda Q\u0131rm\u0131z\u0131 d\u0259nizd\u0259 ticar\u0259t m\u0259s\u0259l\u0259l\u0259rini v\u0259 \u201c\u018fnsar Allah\u201d\u0131n h\u00fccumlar\u0131n\u0131 m\u00fczakir\u0259 edibl\u0259r.<\/p>\n<p>\u201cDan\u0131\u015f\u0131qlar zaman\u0131 \u00c7in t\u0259r\u0259fi bildirib ki, \u0259g\u0259r onun maraqlar\u0131na h\u0259r hans\u0131 \u015f\u0259kild\u0259 z\u0259r\u0259r d\u0259y\u0259rs\u0259, Pekinin Tehranla ticar\u0259t \u0259laq\u0259l\u0259rin\u0259 x\u0259l\u0259l g\u0259l\u0259 bil\u0259r. Ona g\u00f6r\u0259 d\u0259 \u0130ran bu m\u0259s\u0259l\u0259d\u0259 husil\u0259r\u0259 t\u0259sir etm\u0259lidir\u201d, &#8211; dey\u0259 m\u0259nb\u0259 yaz\u0131b.<\/p>\n<p>M\u0259lumat \u00fc\u00e7\u00fcn \u0259lav\u0259 ed\u0259k ki, husil\u0259rin Q\u0131rm\u0131z\u0131 d\u0259nizd\u0259 g\u0259mil\u0259r\u0259 h\u00fccumlar\u0131ndan sonra \u00c7inin Avropa v\u0259 Asiya aras\u0131ndak\u0131 ticar\u0259t \u0259laq\u0259l\u0259rin\u0259 ciddi z\u0259r\u0259r vurub.<\/p>\n<p>M\u0259nb\u0259: Reuters<\/p>\n","protected":false},"excerpt":{"rendered":"<p>\u00c7in Y\u0259m\u0259nin \u201c\u018fnsar Allah\u201d (husil\u0259r) h\u0259r\u0259kat\u0131 il\u0259 \u0259laq\u0259dar \u0130rana m\u00fcraci\u0259t edib. Pekin Tehrandan h\u0259r\u0259kat\u0131n h\u00fccumlar\u0131n\u0131 dayand\u0131rma\u011fa k\u00f6m\u0259k etm\u0259sini ist\u0259yib. M\u0259nb\u0259 yaz\u0131r ki, \u00c7in v\u0259 \u0130ran bu yax\u0131nlarda Q\u0131rm\u0131z\u0131 d\u0259nizd\u0259 ticar\u0259t m\u0259s\u0259l\u0259l\u0259rini v\u0259 \u201c\u018fnsar Allah\u201d\u0131n h\u00fccumlar\u0131n\u0131 m\u00fczakir\u0259 edibl\u0259r. \u201cDan\u0131\u015f\u0131qlar zaman\u0131 \u00c7in t\u0259r\u0259fi bildirib ki, \u0259g\u0259r onun maraqlar\u0131na h\u0259r hans\u0131 \u015f\u0259kild\u0259 z\u0259r\u0259r d\u0259y\u0259rs\u0259, Pekinin Tehranla ticar\u0259t \u0259laq\u0259l\u0259rin\u0259 x\u0259l\u0259l g\u0259l\u0259 bil\u0259r. Ona g\u00f6r\u0259 d\u0259 \u0130ran bu m\u0259s\u0259l\u0259d\u0259 husil\u0259r\u0259 t\u0259sir etm\u0259lidir\u201d, &#8211; dey\u0259 m\u0259nb\u0259 yaz\u0131b. M\u0259lumat \u00fc\u00e7\u00fcn \u0259lav\u0259 ed\u0259k ki, husil\u0259rin Q\u0131rm\u0131z\u0131 d\u0259nizd\u0259 g\u0259mil\u0259r\u0259 h\u00fccumlar\u0131ndan sonra \u00c7inin Avropa v\u0259 Asiya aras\u0131ndak\u0131 ticar\u0259t \u0259laq\u0259l\u0259rin\u0259 ciddi&hellip;<\/p>\n","protected":false},"author":2,"featured_media":683730,"comment_status":"closed","ping_status":"closed","sticky":false,"template":"","format":"standard","meta":{"om_disable_all_campaigns":false,"_monsterinsights_skip_tracking":false,"_monsterinsights_sitenote_active":false,"_monsterinsights_sitenote_note":"","_monsterinsights_sitenote_category":0},"categories":[7],"tags":[],"aioseo_notices":[],"gutentor_comment":0,"rttpg_featured_image_url":{"full":["https:\/\/arantv.az\/wp-content\/uploads\/2024\/01\/415157682_1040148250425542_4307983906253000353_n.jpg",620,413,false],"landscape":["https:\/\/arantv.az\/wp-content\/uploads\/2024\/01\/415157682_1040148250425542_4307983906253000353_n.jpg",620,413,false],"portraits":["https:\/\/arantv.az\/wp-content\/uploads\/2024\/01\/415157682_1040148250425542_4307983906253000353_n.jpg",620,413,false],"thumbnail":["https:\/\/arantv.az\/wp-content\/uploads\/2024\/01\/415157682_1040148250425542_4307983906253000353_n-500x280.jpg",500,280,true],"medium":["https:\/\/arantv.az\/wp-content\/uploads\/2024\/01\/415157682_1040148250425542_4307983906253000353_n-548x365.jpg",548,365,true],"large":["https:\/\/arantv.az\/wp-content\/uploads\/2024\/01\/415157682_1040148250425542_4307983906253000353_n.jpg",620,413,false],"1536x1536":["https:\/\/arantv.az\/wp-content\/uploads\/2024\/01\/415157682_1040148250425542_4307983906253000353_n.jpg",620,413,false],"2048x2048":["https:\/\/arantv.az\/wp-content\/uploads\/2024\/01\/415157682_1040148250425542_4307983906253000353_n.jpg",620,413,false],"post-thumbnail":["https:\/\/arantv.az\/wp-content\/uploads\/2024\/01\/415157682_1040148250425542_4307983906253000353_n-240x172.jpg",240,172,true],"advps-thumb-one":["https:\/\/arantv.az\/wp-content\/uploads\/2024\/01\/415157682_1040148250425542_4307983906253000353_n.jpg",620,413,false]},"rttpg_author":{"display_name":"V\u00fcsal Rafiqo\u011flu","author_link":"https:\/\/arantv.az\/?author=2"},"rttpg_comment":0,"rttpg_category":"<a href=\"https:\/\/arantv.az\/?cat=7\" rel=\"category\">D\u00fcnya<\/a>","rttpg_excerpt":"\u00c7in Y\u0259m\u0259nin \u201c\u018fnsar Allah\u201d (husil\u0259r) h\u0259r\u0259kat\u0131 il\u0259 \u0259laq\u0259dar \u0130rana m\u00fcraci\u0259t edib. Pekin Tehrandan h\u0259r\u0259kat\u0131n h\u00fccumlar\u0131n\u0131 dayand\u0131rma\u011fa k\u00f6m\u0259k etm\u0259sini ist\u0259yib. M\u0259nb\u0259 yaz\u0131r ki, \u00c7in v\u0259 \u0130ran bu yax\u0131nlarda Q\u0131rm\u0131z\u0131 d\u0259nizd\u0259 ticar\u0259t m\u0259s\u0259l\u0259l\u0259rini v\u0259 \u201c\u018fnsar Allah\u201d\u0131n h\u00fccumlar\u0131n\u0131 m\u00fczakir\u0259 edibl\u0259r. \u201cDan\u0131\u015f\u0131qlar zaman\u0131 \u00c7in t\u0259r\u0259fi bildirib ki, \u0259g\u0259r onun maraqlar\u0131na h\u0259r hans\u0131 \u015f\u0259kild\u0259 z\u0259r\u0259r d\u0259y\u0259rs\u0259, Pekinin Tehranla ticar\u0259t \u0259laq\u0259l\u0259rin\u0259&hellip;","_links":{"self":[{"href":"https:\/\/arantv.az\/index.php?rest_route=\/wp\/v2\/posts\/683729"}],"collection":[{"href":"https:\/\/arantv.az\/index.php?rest_route=\/wp\/v2\/posts"}],"about":[{"href":"https:\/\/arantv.az\/index.php?rest_route=\/wp\/v2\/types\/post"}],"author":[{"embeddable":true,"href":"https:\/\/arantv.az\/index.php?rest_route=\/wp\/v2\/users\/2"}],"replies":[{"embeddable":true,"href":"https:\/\/arantv.az\/index.php?rest_route=%2Fwp%2Fv2%2Fcomments&post=683729"}],"version-history":[{"count":0,"href":"https:\/\/arantv.az\/index.php?rest_route=\/wp\/v2\/posts\/683729\/revisions"}],"wp:featuredmedia":[{"embeddable":true,"href":"https:\/\/arantv.az\/index.php?rest_route=\/wp\/v2\/media\/683730"}],"wp:attachment":[{"href":"https:\/\/arantv.az\/index.php?rest_route=%2Fwp%2Fv2%2Fmedia&parent=683729"}],"wp:term":[{"taxonomy":"category","embeddable":true,"href":"https:\/\/arantv.az\/index.php?rest_route=%2Fwp%2Fv2%2Fcategories&post=683729"},{"taxonomy":"post_tag","embeddable":true,"href":"https:\/\/arantv.az\/index.php?rest_route=%2Fwp%2Fv2%2Ftags&post=683729"}],"curies":[{"name":"wp","href":"https:\/\/api.w.org\/{rel}","templated":true}]}}