{"id":684062,"date":"2024-01-26T17:48:26","date_gmt":"2024-01-26T13:48:26","guid":{"rendered":"https:\/\/arantv.az\/?p=684062"},"modified":"2024-01-26T17:48:26","modified_gmt":"2024-01-26T13:48:26","slug":"l%c9%99yaq%c9%99t%c9%99-qarsi-h%c9%99r%c9%99k%c9%99t-aspa-az%c9%99rbaycandan-n%c9%99-ist%c9%99yir-s%c9%99rh","status":"publish","type":"post","link":"https:\/\/arantv.az\/?p=684062","title":{"rendered":"L\u0259yaq\u0259t\u0259 qar\u015f\u0131 h\u0259r\u0259k\u0259t: A\u015ePA Az\u0259rbaycandan n\u0259 ist\u0259yir? &#8211; \u015e\u018fRH"},"content":{"rendered":"<p>Avropa \u015euras\u0131 Parlament Assambleyas\u0131 (A\u015ePA) Az\u0259rbaycan n\u00fcmay\u0259nd\u0259 hey\u0259tinin etimadnam\u0259sini t\u0259sdiql\u0259m\u0259dikd\u0259n sonra qurumla Bak\u0131 aras\u0131nda g\u0259rginlik \u0259n y\u00fcks\u0259k zirv\u0259sin\u0259 qalx\u0131b.<\/p>\n<p>A\u015ePA \u00fc\u00e7\u00fcn Erm\u0259nistan\u0131 v\u0259 erm\u0259ni lobbisinin maraqlar\u0131n\u0131 m\u00fcdafi\u0259 etm\u0259k adi bir hald\u0131r. O Erm\u0259nistan ki, Az\u0259rbaycana qar\u015f\u0131 insanl\u0131q v\u0259 s\u00fclh \u0259leyhin\u0259 cinay\u0259tl\u0259rin m\u00fc\u0259llifidir, terror aktlar\u0131n\u0131n fikir atas\u0131d\u0131r.<\/p>\n<p>A\u015ePA bu faktlar\u0131n \u00fcz\u0259rind\u0259n s\u00fckutla ke\u00e7ir v\u0259 bunu m\u00fcxt\u0259lif p\u0259rd\u0259l\u0259yici epitetl\u0259rl\u0259 \u00f6rt-basd\u0131r etm\u0259kd\u0259 maraql\u0131d\u0131r. Bunlar A\u015ePA-n\u0131n Az\u0259rbaycan-Erm\u0259nistan m\u00fcnasib\u0259tl\u0259rin\u0259 nisb\u0259td\u0259 rutin m\u00f6vqeyidir.<\/p>\n<p>Lakin Az\u0259rbaycan \u0259razi b\u00fct\u00f6vl\u00fcy\u00fcn\u00fc b\u0259rpa etdikd\u0259n v\u0259 suverenliyini t\u0259min etdikd\u0259n sonra A\u015ePA-n\u0131n g\u00fcl\u00fcnc iddialardan yap\u0131\u015fmas\u0131 h\u0259min \u00f6rt\u00fcy\u00fc d\u0259 qald\u0131r\u0131r.<\/p>\n<p>Fikir ver\u0259k, Az\u0259rbaycanla A\u015ePA aras\u0131nda qalmaqal\u0131n ba\u015f verdiyi, Bak\u0131n\u0131n cavab olaraq \u00fcmumilikd\u0259 Avropa \u015euras\u0131ndan \u00e7\u0131xmaq plan\u0131n\u0131 prioritetl\u0259\u015fdirm\u0259sind\u0259n \u0259vv\u0259l Erm\u0259nistan\u0131n Avropa \u0130ttifaq\u0131ndak\u0131 s\u0259firi Tiqran Balayan ideya ortaya at\u0131r.<\/p>\n<p>Onun Avropa Parlamentind\u0259 ke\u00e7irdiyi m\u0259tbuat konfrans\u0131nda Az\u0259rbaycana qar\u015f\u0131 sanksiyan\u0131 g\u00fcnd\u0259m\u0259 g\u0259tirm\u0259si Bak\u0131 il\u0259 A\u015ePA aras\u0131ndak\u0131 qalmaqal zaman\u0131na t\u0259sad\u00fcf edir.<\/p>\n<p>Elementar m\u0259ntiq bel\u0259, d\u0259qiq m\u00fc\u0259yy\u0259n ed\u0259 bil\u0259r ki, h\u0259r iki m\u0259s\u0259l\u0259 bir-biril\u0259 z\u0259ncirvari \u015f\u0259kild\u0259 ba\u011fl\u0131d\u0131r.<\/p>\n<p>H\u0259r halda, A\u015ePA-n\u0131n Qaraba\u011fdak\u0131 erm\u0259ni \u0259halinin regionu \u00f6z xo\u015fu il\u0259 t\u0259rk etm\u0259sini f\u0259rqli \u015f\u0259kild\u0259 \u015f\u0259rh etm\u0259si qurum ad\u0131na biab\u0131r\u00e7\u0131 v\u0259ziyy\u0259ti \u0259trafl\u0131 t\u0259svir edir.<\/p>\n<p>A\u015ePA m\u00f6vqeyini arqumentl\u0259\u015fdirm\u0259kd\u0259n \u00f6tr\u00fc insan h\u00fcquqlar\u0131 v\u0259ziyy\u0259tini t\u0259hrif edir, istintaq alt\u0131nda olan prosesl\u0259r\u0259 m\u00fcdaxil\u0259y\u0259 \u00e7al\u0131\u015f\u0131r. \u018fn t\u0259hl\u00fck\u0259lisi budur ki, A\u015ePA etdikl\u0259rini erm\u0259nil\u0259rin h\u00fcquq v\u0259 m\u0259nafel\u0259ri namin\u0259 diplomatik-siyasi strategiyas\u0131n\u0131n m\u0259rk\u0259zin\u0259 g\u0259tirir.<\/p>\n<p>Amma A\u015ePA-n\u0131n ir\u0259li s\u00fcrd\u00fcy\u00fc arqumentl\u0259r, t\u0259bii ki, b\u0259han\u0259dir, onun \u0259sas d\u0259rdi Az\u0259rbaycan \u0259razil\u0259rind\u0259 ikinci erm\u0259ni d\u00f6vl\u0259tinin yarad\u0131lmas\u0131 planlar\u0131n\u0131n alt-\u00fcst olmas\u0131 il\u0259 \u0259laq\u0259lidir.<\/p>\n<p>Bu q\u0259d\u0259r q\u0259r\u0259z n\u00fcmayi\u015f etdir\u0259n A\u015ePA ba\u015fqa bir b\u0259han\u0259 g\u0259tirir ki, Az\u0259rbaycan ona n\u00f6vb\u0259d\u0259nk\u0259nar prezident se\u00e7kisini m\u00fc\u015fahid\u0259 etm\u0259k d\u0259v\u0259ti g\u00f6nd\u0259rmir. Qeyd ed\u0259k ki, Az\u0259rbaycan\u0131n A\u015ePA-n\u0131 se\u00e7kil\u0259r\u0259 d\u0259v\u0259t etm\u0259k kimi \u00f6hd\u0259liyi yoxdur.<\/p>\n<p>Bundan ba\u015fqa, AT\u018fT-in Demokratik T\u0259sisatlar v\u0259 \u0130nsan H\u00fcquqlar\u0131 B\u00fcrosu se\u00e7kini m\u00fc\u015fahid\u0259 ed\u0259c\u0259k.<\/p>\n<p>A\u015ePA \u201cAz\u0259rbaycan\u0131n yerin\u0259 yetirm\u0259diyi \u00f6hd\u0259likl\u0259r\u201d dedikd\u0259 ilk n\u00f6vb\u0259d\u0259 \u201cLGBT h\u00fcquqlar\u0131n\u0131n qorunmas\u0131n\u0131\u201d n\u0259z\u0259rd\u0259 tutulur.<\/p>\n<p>Halbuki, Az\u0259rbaycan Konstitusiyas\u0131 il\u0259 b\u00fct\u00fcn v\u0259t\u0259nda\u015flar\u0131n h\u00fcquqlar\u0131 qanunla qorunur v\u0259 burada he\u00e7 bir ayr\u0131-se\u00e7kilikd\u0259n s\u00f6hb\u0259t ged\u0259 bilm\u0259z.<\/p>\n<p>Sad\u0259c\u0259 olaraq, A\u015ePA ist\u0259yir ki, Az\u0259rbaycan orta m\u0259kt\u0259bl\u0259rd\u0259 LGBT m\u00f6vzusunu t\u0259dris etsin v\u0259 h\u0259min m\u00f6vzu c\u0259miyy\u0259tin \u015f\u00fcurunda inki\u015faf etsin.<\/p>\n<p>Bu c\u00fcr standartlar v\u0259 mexanizml\u0259r formala\u015fd\u0131rmaq c\u0259hdi olduqca m\u0259qs\u0259dli x\u0259tad\u0131r, \u00e7\u00fcnki h\u0259r bir c\u0259miyy\u0259t \u0259srl\u0259rl\u0259 formala\u015fan ad\u0259t v\u0259 \u0259n\u0259n\u0259y\u0259 \u0259sas\u0259n inki\u015faf edir. Qanunlar da haz\u0131rlanark\u0259n c\u0259miyy\u0259tin psixologiyas\u0131 v\u0259 ictimai m\u00fcnasib\u0259tl\u0259rd\u0259ki klassik q\u0259libl\u0259r n\u0259z\u0259r\u0259 al\u0131n\u0131r. A\u015ePA is\u0259 Az\u0259rbaycana yad olan ideologiya v\u0259 h\u0259yat t\u0259rzinin t\u0259bli\u011fat\u0131n\u0131 qanuni \u00e7\u0259r\u00e7iv\u0259l\u0259rin d\u0259 f\u00f6vq\u00fcn\u0259 \u00e7\u0131xarmaqda maraql\u0131d\u0131r.<\/p>\n<p>Dem\u0259li, A\u015ePA t\u0259s\u0259vv\u00fcr\u00fcnd\u0259ki v\u0259ziyy\u0259tin hasil olmas\u0131 \u00fc\u00e7\u00fcn h\u00fcquqi v\u0259 institusional bazalara \u0259l g\u0259zdirm\u0259k niyy\u0259tini gizl\u0259tmir.<\/p>\n<p>Bu, insan h\u00fcquqlar\u0131na h\u00f6rm\u0259ti t\u0259\u015fviq etm\u0259k yox, siyasi t\u0259zyiq vasit\u0259sidir v\u0259 bir xalq\u0131n l\u0259yaq\u0259tin\u0259 qar\u015f\u0131 h\u0259r\u0259k\u0259tdir. Az\u0259rbaycan d\u00f6vl\u0259t olaraq, t\u0259bii ki, cinsi oriyentasiya v\u0259 gender kimliyin\u0259 g\u00f6r\u0259 f\u0259rqli olan bir qrupun faktiki v\u0259 h\u00fcquqi \u00fcst\u00fcn imtiyazlar\u0131n\u0131n tan\u0131nmas\u0131na qar\u015f\u0131 davran\u0131\u015fda haql\u0131d\u0131r.<\/p>\n","protected":false},"excerpt":{"rendered":"<p>Avropa \u015euras\u0131 Parlament Assambleyas\u0131 (A\u015ePA) Az\u0259rbaycan n\u00fcmay\u0259nd\u0259 hey\u0259tinin etimadnam\u0259sini t\u0259sdiql\u0259m\u0259dikd\u0259n sonra qurumla Bak\u0131 aras\u0131nda g\u0259rginlik \u0259n y\u00fcks\u0259k zirv\u0259sin\u0259 qalx\u0131b. A\u015ePA \u00fc\u00e7\u00fcn Erm\u0259nistan\u0131 v\u0259 erm\u0259ni lobbisinin maraqlar\u0131n\u0131 m\u00fcdafi\u0259 etm\u0259k adi bir hald\u0131r. O Erm\u0259nistan ki, Az\u0259rbaycana qar\u015f\u0131 insanl\u0131q v\u0259 s\u00fclh \u0259leyhin\u0259 cinay\u0259tl\u0259rin m\u00fc\u0259llifidir, terror aktlar\u0131n\u0131n fikir atas\u0131d\u0131r. A\u015ePA bu faktlar\u0131n \u00fcz\u0259rind\u0259n s\u00fckutla ke\u00e7ir v\u0259 bunu m\u00fcxt\u0259lif p\u0259rd\u0259l\u0259yici epitetl\u0259rl\u0259 \u00f6rt-basd\u0131r etm\u0259kd\u0259 maraql\u0131d\u0131r. Bunlar A\u015ePA-n\u0131n Az\u0259rbaycan-Erm\u0259nistan m\u00fcnasib\u0259tl\u0259rin\u0259 nisb\u0259td\u0259 rutin m\u00f6vqeyidir. Lakin Az\u0259rbaycan \u0259razi b\u00fct\u00f6vl\u00fcy\u00fcn\u00fc b\u0259rpa etdikd\u0259n v\u0259 suverenliyini t\u0259min etdikd\u0259n sonra A\u015ePA-n\u0131n g\u00fcl\u00fcnc iddialardan yap\u0131\u015fmas\u0131 h\u0259min \u00f6rt\u00fcy\u00fc d\u0259 qald\u0131r\u0131r. Fikir ver\u0259k, Az\u0259rbaycanla A\u015ePA&hellip;<\/p>\n","protected":false},"author":2,"featured_media":684063,"comment_status":"closed","ping_status":"closed","sticky":false,"template":"","format":"standard","meta":{"om_disable_all_campaigns":false,"_monsterinsights_skip_tracking":false,"_monsterinsights_sitenote_active":false,"_monsterinsights_sitenote_note":"","_monsterinsights_sitenote_category":0},"categories":[4],"tags":[],"aioseo_notices":[],"gutentor_comment":0,"rttpg_featured_image_url":{"full":["https:\/\/arantv.az\/wp-content\/uploads\/2024\/01\/FotoJet-2-14.jpg",620,413,false],"landscape":["https:\/\/arantv.az\/wp-content\/uploads\/2024\/01\/FotoJet-2-14.jpg",620,413,false],"portraits":["https:\/\/arantv.az\/wp-content\/uploads\/2024\/01\/FotoJet-2-14.jpg",620,413,false],"thumbnail":["https:\/\/arantv.az\/wp-content\/uploads\/2024\/01\/FotoJet-2-14-500x280.jpg",500,280,true],"medium":["https:\/\/arantv.az\/wp-content\/uploads\/2024\/01\/FotoJet-2-14-548x365.jpg",548,365,true],"large":["https:\/\/arantv.az\/wp-content\/uploads\/2024\/01\/FotoJet-2-14.jpg",620,413,false],"1536x1536":["https:\/\/arantv.az\/wp-content\/uploads\/2024\/01\/FotoJet-2-14.jpg",620,413,false],"2048x2048":["https:\/\/arantv.az\/wp-content\/uploads\/2024\/01\/FotoJet-2-14.jpg",620,413,false],"post-thumbnail":["https:\/\/arantv.az\/wp-content\/uploads\/2024\/01\/FotoJet-2-14-240x172.jpg",240,172,true],"advps-thumb-one":["https:\/\/arantv.az\/wp-content\/uploads\/2024\/01\/FotoJet-2-14.jpg",620,413,false]},"rttpg_author":{"display_name":"V\u00fcsal Rafiqo\u011flu","author_link":"https:\/\/arantv.az\/?author=2"},"rttpg_comment":0,"rttpg_category":"<a href=\"https:\/\/arantv.az\/?cat=4\" rel=\"category\">Siyas\u0259t<\/a>","rttpg_excerpt":"Avropa \u015euras\u0131 Parlament Assambleyas\u0131 (A\u015ePA) Az\u0259rbaycan n\u00fcmay\u0259nd\u0259 hey\u0259tinin etimadnam\u0259sini t\u0259sdiql\u0259m\u0259dikd\u0259n sonra qurumla Bak\u0131 aras\u0131nda g\u0259rginlik \u0259n y\u00fcks\u0259k zirv\u0259sin\u0259 qalx\u0131b. A\u015ePA \u00fc\u00e7\u00fcn Erm\u0259nistan\u0131 v\u0259 erm\u0259ni lobbisinin maraqlar\u0131n\u0131 m\u00fcdafi\u0259 etm\u0259k adi bir hald\u0131r. O Erm\u0259nistan ki, Az\u0259rbaycana qar\u015f\u0131 insanl\u0131q v\u0259 s\u00fclh \u0259leyhin\u0259 cinay\u0259tl\u0259rin m\u00fc\u0259llifidir, terror aktlar\u0131n\u0131n fikir atas\u0131d\u0131r. A\u015ePA bu faktlar\u0131n \u00fcz\u0259rind\u0259n s\u00fckutla ke\u00e7ir v\u0259 bunu m\u00fcxt\u0259lif&hellip;","_links":{"self":[{"href":"https:\/\/arantv.az\/index.php?rest_route=\/wp\/v2\/posts\/684062"}],"collection":[{"href":"https:\/\/arantv.az\/index.php?rest_route=\/wp\/v2\/posts"}],"about":[{"href":"https:\/\/arantv.az\/index.php?rest_route=\/wp\/v2\/types\/post"}],"author":[{"embeddable":true,"href":"https:\/\/arantv.az\/index.php?rest_route=\/wp\/v2\/users\/2"}],"replies":[{"embeddable":true,"href":"https:\/\/arantv.az\/index.php?rest_route=%2Fwp%2Fv2%2Fcomments&post=684062"}],"version-history":[{"count":0,"href":"https:\/\/arantv.az\/index.php?rest_route=\/wp\/v2\/posts\/684062\/revisions"}],"wp:featuredmedia":[{"embeddable":true,"href":"https:\/\/arantv.az\/index.php?rest_route=\/wp\/v2\/media\/684063"}],"wp:attachment":[{"href":"https:\/\/arantv.az\/index.php?rest_route=%2Fwp%2Fv2%2Fmedia&parent=684062"}],"wp:term":[{"taxonomy":"category","embeddable":true,"href":"https:\/\/arantv.az\/index.php?rest_route=%2Fwp%2Fv2%2Fcategories&post=684062"},{"taxonomy":"post_tag","embeddable":true,"href":"https:\/\/arantv.az\/index.php?rest_route=%2Fwp%2Fv2%2Ftags&post=684062"}],"curies":[{"name":"wp","href":"https:\/\/api.w.org\/{rel}","templated":true}]}}