{"id":684065,"date":"2024-01-26T17:48:57","date_gmt":"2024-01-26T13:48:57","guid":{"rendered":"https:\/\/arantv.az\/?p=684065"},"modified":"2024-01-26T17:48:57","modified_gmt":"2024-01-26T13:48:57","slug":"fahrettin-altun-turkiy%c9%99-dezinformasiya-il%c9%99-mubariz%c9%99d%c9%99-az%c9%99rbaycana-d%c9%99st%c9%99yi-davam-etdir%c9%99c%c9%99k","status":"publish","type":"post","link":"https:\/\/arantv.az\/?p=684065","title":{"rendered":"Fahrettin Altun: \u201cT\u00fcrkiy\u0259 dezinformasiya il\u0259 m\u00fcbariz\u0259d\u0259 Az\u0259rbaycana d\u0259st\u0259yi davam etdir\u0259c\u0259k\u201d"},"content":{"rendered":"<p>\u201cT\u00fcrkiy\u0259 dezinformasiya il\u0259 m\u00fcbariz\u0259 sah\u0259sind\u0259 Az\u0259rbaycan\u0131n haql\u0131 m\u00fcbariz\u0259sin\u0259 d\u0259st\u0259k verm\u0259y\u0259 davam ed\u0259c\u0259k\u201d.<\/p>\n<p>Bu bar\u0259d\u0259 APA-n\u0131n T\u00fcrkiy\u0259 m\u00fcxbirin\u0259 a\u00e7\u0131qlamas\u0131nda T\u00fcrkiy\u0259 Prezidenti Administrasiyas\u0131n\u0131n Kommunikasiya \u0130dar\u0259sinin r\u0259hb\u0259ri Fahrettin Altun bildirib.<\/p>\n<p>O qeyd edib ki, bu m\u0259s\u0259l\u0259d\u0259 Az\u0259rbaycan Respublikas\u0131 Prezidentinin k\u00f6m\u0259k\u00e7isi &#8211; Prezident Administrasiyas\u0131n\u0131n Xarici siyas\u0259t m\u0259s\u0259l\u0259l\u0259ri \u015f\u00f6b\u0259sinin m\u00fcdiri Hikm\u0259t Hac\u0131yevl\u0259 koordinasiyal\u0131 \u015f\u0259kild\u0259 \u00e7al\u0131\u015f\u0131rlar:<\/p>\n<p>\u201cBizim \u00fc\u00e7\u00fcn dost v\u0259 qarda\u015f \u00f6lk\u0259 Az\u0259rbaycan\u0131n haql\u0131 m\u00f6vqeyini d\u00fcnyaya \u00e7atd\u0131rmaq v\u0259 payla\u015f\u0131lan yalan x\u0259b\u0259rl\u0259ri if\u015fa etm\u0259k \u00e7ox vacib, t\u0259m\u0259l m\u0259s\u0259l\u0259dir. Bu h\u0259m qarda\u015fl\u0131\u011f\u0131m\u0131z\u0131n g\u00f6st\u0259ricisi, h\u0259m d\u0259 h\u0259qiq\u0259tin t\u0259zah\u00fcr\u00fcd\u00fcr\u201d.<\/p>\n<p>Fahrettin Altun Az\u0259rbaycan\u0131n A\u015ePA-dak\u0131 n\u00fcmay\u0259nd\u0259 hey\u0259tinin m\u0259ruz qald\u0131\u011f\u0131 ittihamlar\u0131 \u015f\u0259rh ed\u0259r\u0259k, vur\u011fulay\u0131b ki, h\u0259m Az\u0259rbaycan, h\u0259m d\u0259 T\u00fcrkiy\u0259 bu g\u00fcn m\u00fcxt\u0259lif platformalarda dezinformasiya v\u0259 qaralama kampaniyas\u0131na m\u0259ruz qal\u0131rlar.<\/p>\n<p>\u201cBiz bu dezinformasiyaya qar\u015f\u0131 v\u0259 h\u0259qiq\u0259t u\u011frunda m\u00fcbariz\u0259 aparma\u011fa birlikd\u0259 davam ed\u0259c\u0259yik\u201d, &#8211; F.Altun \u0259lav\u0259 edib.<\/p>\n","protected":false},"excerpt":{"rendered":"<p>\u201cT\u00fcrkiy\u0259 dezinformasiya il\u0259 m\u00fcbariz\u0259 sah\u0259sind\u0259 Az\u0259rbaycan\u0131n haql\u0131 m\u00fcbariz\u0259sin\u0259 d\u0259st\u0259k verm\u0259y\u0259 davam ed\u0259c\u0259k\u201d. Bu bar\u0259d\u0259 APA-n\u0131n T\u00fcrkiy\u0259 m\u00fcxbirin\u0259 a\u00e7\u0131qlamas\u0131nda T\u00fcrkiy\u0259 Prezidenti Administrasiyas\u0131n\u0131n Kommunikasiya \u0130dar\u0259sinin r\u0259hb\u0259ri Fahrettin Altun bildirib. O qeyd edib ki, bu m\u0259s\u0259l\u0259d\u0259 Az\u0259rbaycan Respublikas\u0131 Prezidentinin k\u00f6m\u0259k\u00e7isi &#8211; Prezident Administrasiyas\u0131n\u0131n Xarici siyas\u0259t m\u0259s\u0259l\u0259l\u0259ri \u015f\u00f6b\u0259sinin m\u00fcdiri Hikm\u0259t Hac\u0131yevl\u0259 koordinasiyal\u0131 \u015f\u0259kild\u0259 \u00e7al\u0131\u015f\u0131rlar: \u201cBizim \u00fc\u00e7\u00fcn dost v\u0259 qarda\u015f \u00f6lk\u0259 Az\u0259rbaycan\u0131n haql\u0131 m\u00f6vqeyini d\u00fcnyaya \u00e7atd\u0131rmaq v\u0259 payla\u015f\u0131lan yalan x\u0259b\u0259rl\u0259ri if\u015fa etm\u0259k \u00e7ox vacib, t\u0259m\u0259l m\u0259s\u0259l\u0259dir. Bu h\u0259m qarda\u015fl\u0131\u011f\u0131m\u0131z\u0131n g\u00f6st\u0259ricisi, h\u0259m d\u0259 h\u0259qiq\u0259tin t\u0259zah\u00fcr\u00fcd\u00fcr\u201d. Fahrettin Altun Az\u0259rbaycan\u0131n A\u015ePA-dak\u0131 n\u00fcmay\u0259nd\u0259 hey\u0259tinin m\u0259ruz qald\u0131\u011f\u0131 ittihamlar\u0131 \u015f\u0259rh ed\u0259r\u0259k,&hellip;<\/p>\n","protected":false},"author":2,"featured_media":684066,"comment_status":"closed","ping_status":"closed","sticky":false,"template":"","format":"standard","meta":{"om_disable_all_campaigns":false,"_monsterinsights_skip_tracking":false,"_monsterinsights_sitenote_active":false,"_monsterinsights_sitenote_note":"","_monsterinsights_sitenote_category":0},"categories":[4],"tags":[],"aioseo_notices":[],"gutentor_comment":0,"rttpg_featured_image_url":{"full":["https:\/\/arantv.az\/wp-content\/uploads\/2024\/01\/76003.jpg",620,413,false],"landscape":["https:\/\/arantv.az\/wp-content\/uploads\/2024\/01\/76003.jpg",620,413,false],"portraits":["https:\/\/arantv.az\/wp-content\/uploads\/2024\/01\/76003.jpg",620,413,false],"thumbnail":["https:\/\/arantv.az\/wp-content\/uploads\/2024\/01\/76003-500x280.jpg",500,280,true],"medium":["https:\/\/arantv.az\/wp-content\/uploads\/2024\/01\/76003-548x365.jpg",548,365,true],"large":["https:\/\/arantv.az\/wp-content\/uploads\/2024\/01\/76003.jpg",620,413,false],"1536x1536":["https:\/\/arantv.az\/wp-content\/uploads\/2024\/01\/76003.jpg",620,413,false],"2048x2048":["https:\/\/arantv.az\/wp-content\/uploads\/2024\/01\/76003.jpg",620,413,false],"post-thumbnail":["https:\/\/arantv.az\/wp-content\/uploads\/2024\/01\/76003-240x172.jpg",240,172,true],"advps-thumb-one":["https:\/\/arantv.az\/wp-content\/uploads\/2024\/01\/76003.jpg",620,413,false]},"rttpg_author":{"display_name":"V\u00fcsal Rafiqo\u011flu","author_link":"https:\/\/arantv.az\/?author=2"},"rttpg_comment":0,"rttpg_category":"<a href=\"https:\/\/arantv.az\/?cat=4\" rel=\"category\">Siyas\u0259t<\/a>","rttpg_excerpt":"\u201cT\u00fcrkiy\u0259 dezinformasiya il\u0259 m\u00fcbariz\u0259 sah\u0259sind\u0259 Az\u0259rbaycan\u0131n haql\u0131 m\u00fcbariz\u0259sin\u0259 d\u0259st\u0259k verm\u0259y\u0259 davam ed\u0259c\u0259k\u201d. Bu bar\u0259d\u0259 APA-n\u0131n T\u00fcrkiy\u0259 m\u00fcxbirin\u0259 a\u00e7\u0131qlamas\u0131nda T\u00fcrkiy\u0259 Prezidenti Administrasiyas\u0131n\u0131n Kommunikasiya \u0130dar\u0259sinin r\u0259hb\u0259ri Fahrettin Altun bildirib. O qeyd edib ki, bu m\u0259s\u0259l\u0259d\u0259 Az\u0259rbaycan Respublikas\u0131 Prezidentinin k\u00f6m\u0259k\u00e7isi &#8211; Prezident Administrasiyas\u0131n\u0131n Xarici siyas\u0259t m\u0259s\u0259l\u0259l\u0259ri \u015f\u00f6b\u0259sinin m\u00fcdiri Hikm\u0259t Hac\u0131yevl\u0259 koordinasiyal\u0131 \u015f\u0259kild\u0259 \u00e7al\u0131\u015f\u0131rlar: \u201cBizim \u00fc\u00e7\u00fcn dost v\u0259 qarda\u015f&hellip;","_links":{"self":[{"href":"https:\/\/arantv.az\/index.php?rest_route=\/wp\/v2\/posts\/684065"}],"collection":[{"href":"https:\/\/arantv.az\/index.php?rest_route=\/wp\/v2\/posts"}],"about":[{"href":"https:\/\/arantv.az\/index.php?rest_route=\/wp\/v2\/types\/post"}],"author":[{"embeddable":true,"href":"https:\/\/arantv.az\/index.php?rest_route=\/wp\/v2\/users\/2"}],"replies":[{"embeddable":true,"href":"https:\/\/arantv.az\/index.php?rest_route=%2Fwp%2Fv2%2Fcomments&post=684065"}],"version-history":[{"count":0,"href":"https:\/\/arantv.az\/index.php?rest_route=\/wp\/v2\/posts\/684065\/revisions"}],"wp:featuredmedia":[{"embeddable":true,"href":"https:\/\/arantv.az\/index.php?rest_route=\/wp\/v2\/media\/684066"}],"wp:attachment":[{"href":"https:\/\/arantv.az\/index.php?rest_route=%2Fwp%2Fv2%2Fmedia&parent=684065"}],"wp:term":[{"taxonomy":"category","embeddable":true,"href":"https:\/\/arantv.az\/index.php?rest_route=%2Fwp%2Fv2%2Fcategories&post=684065"},{"taxonomy":"post_tag","embeddable":true,"href":"https:\/\/arantv.az\/index.php?rest_route=%2Fwp%2Fv2%2Ftags&post=684065"}],"curies":[{"name":"wp","href":"https:\/\/api.w.org\/{rel}","templated":true}]}}