{"id":684073,"date":"2024-01-26T17:53:22","date_gmt":"2024-01-26T13:53:22","guid":{"rendered":"https:\/\/arantv.az\/?p=684073"},"modified":"2024-01-26T17:53:22","modified_gmt":"2024-01-26T13:53:22","slug":"haber-global-az%c9%99rbaycan-q%c9%99rbin-ikili-standartlarina-goz-yummadi-video","status":"publish","type":"post","link":"https:\/\/arantv.az\/?p=684073","title":{"rendered":"\u201cHaber Global\u201d: \u201cAz\u0259rbaycan Q\u0259rbin ikili standartlar\u0131na g\u00f6z yummad\u0131\u201d &#8211; V\u0130DEO"},"content":{"rendered":"<article class=\"news\">\n<div class=\"news-inner\">\n<p>Az\u0259rbaycan n\u00fcmay\u0259nd\u0259 hey\u0259ti etiraz \u0259lam\u0259ti olaraq Avropa \u015euras\u0131 Parlament Assambleyas\u0131n\u0131n (A\u015ePA) iclas\u0131n\u0131\u00a0<a href=\"https:\/\/oxu.az\/politics\/830282\" target=\"_blank\" rel=\"noopener\"><strong>t\u0259rk edib<\/strong><\/a>.<\/p>\n<p>Bununla ba\u011fl\u0131 T\u00fcrkiy\u0259nin \u201cHaber Global\u201d kanal\u0131 s\u00fcjet haz\u0131rlay\u0131b.<\/p>\n<p>Bildirilir ki, Az\u0259rbaycan Q\u0259rbin ikili standartlar\u0131na g\u00f6z yummad\u0131, t\u0259\u015fkilatda m\u00f6vcud olan d\u00f6z\u00fclm\u0259z irq\u00e7ilik, az\u0259rbaycanofobiya v\u0259 islamofobiya m\u00fchiti fonunda Az\u0259rbaycan n\u00fcmay\u0259nd\u0259 hey\u0259ti A\u015ePA il\u0259 \u0259m\u0259kda\u015fl\u0131\u011f\u0131 qeyri-m\u00fc\u0259yy\u0259n m\u00fcdd\u0259t\u0259 dayand\u0131rmaq q\u0259rar\u0131na g\u0259ldi.<\/p>\n<p>S\u00fcjetd\u0259 respublikam\u0131z\u0131n A\u015ePA-dak\u0131 n\u00fcmay\u0259nd\u0259 hey\u0259tinin r\u0259hb\u0259ri S\u0259m\u0259d Seyidovun fikirl\u0259rin\u0259 d\u0259 yer verilib v\u0259 onun \u201cd\u00fcnyada he\u00e7 kim Az\u0259rbaycanla t\u0259hdid v\u0259 \u015fantaj dilind\u0259 dan\u0131\u015fa bilm\u0259z\u201d s\u00f6zl\u0259ri xat\u0131rlad\u0131l\u0131b.<\/p>\n<p>\u018ftrafl\u0131 \u201cHaber Global\u201d\u0131n s\u00fcjetind\u0259:<\/p>\n<div><iframe loading=\"lazy\" title=\"YouTube video player\" src=\"https:\/\/www.youtube.com\/embed\/cUAsSJAM2Zg?si=T3vazTi39_ef2MA9\" width=\"560\" height=\"315\" frameborder=\"0\" allowfullscreen=\"allowfullscreen\" data-mce-fragment=\"1\"><\/iframe><\/div>\n<\/div>\n<\/article>\n<section class=\"related-news\">\n<div class=\"l-center\"><\/div>\n<\/section>\n","protected":false},"excerpt":{"rendered":"<p>Az\u0259rbaycan n\u00fcmay\u0259nd\u0259 hey\u0259ti etiraz \u0259lam\u0259ti olaraq Avropa \u015euras\u0131 Parlament Assambleyas\u0131n\u0131n (A\u015ePA) iclas\u0131n\u0131\u00a0t\u0259rk edib. Bununla ba\u011fl\u0131 T\u00fcrkiy\u0259nin \u201cHaber Global\u201d kanal\u0131 s\u00fcjet haz\u0131rlay\u0131b. Bildirilir ki, Az\u0259rbaycan Q\u0259rbin ikili standartlar\u0131na g\u00f6z yummad\u0131, t\u0259\u015fkilatda m\u00f6vcud olan d\u00f6z\u00fclm\u0259z irq\u00e7ilik, az\u0259rbaycanofobiya v\u0259 islamofobiya m\u00fchiti fonunda Az\u0259rbaycan n\u00fcmay\u0259nd\u0259 hey\u0259ti A\u015ePA il\u0259 \u0259m\u0259kda\u015fl\u0131\u011f\u0131 qeyri-m\u00fc\u0259yy\u0259n m\u00fcdd\u0259t\u0259 dayand\u0131rmaq q\u0259rar\u0131na g\u0259ldi. S\u00fcjetd\u0259 respublikam\u0131z\u0131n A\u015ePA-dak\u0131 n\u00fcmay\u0259nd\u0259 hey\u0259tinin r\u0259hb\u0259ri S\u0259m\u0259d Seyidovun fikirl\u0259rin\u0259 d\u0259 yer verilib v\u0259 onun \u201cd\u00fcnyada he\u00e7 kim Az\u0259rbaycanla t\u0259hdid v\u0259 \u015fantaj dilind\u0259 dan\u0131\u015fa bilm\u0259z\u201d s\u00f6zl\u0259ri xat\u0131rlad\u0131l\u0131b. \u018ftrafl\u0131 \u201cHaber Global\u201d\u0131n s\u00fcjetind\u0259:<\/p>\n","protected":false},"author":2,"featured_media":684074,"comment_status":"closed","ping_status":"closed","sticky":false,"template":"","format":"standard","meta":{"om_disable_all_campaigns":false,"_monsterinsights_skip_tracking":false,"_monsterinsights_sitenote_active":false,"_monsterinsights_sitenote_note":"","_monsterinsights_sitenote_category":0},"categories":[4],"tags":[],"aioseo_notices":[],"gutentor_comment":0,"rttpg_featured_image_url":{"full":["https:\/\/arantv.az\/wp-content\/uploads\/2024\/01\/13.jpg",620,413,false],"landscape":["https:\/\/arantv.az\/wp-content\/uploads\/2024\/01\/13.jpg",620,413,false],"portraits":["https:\/\/arantv.az\/wp-content\/uploads\/2024\/01\/13.jpg",620,413,false],"thumbnail":["https:\/\/arantv.az\/wp-content\/uploads\/2024\/01\/13-500x280.jpg",500,280,true],"medium":["https:\/\/arantv.az\/wp-content\/uploads\/2024\/01\/13-548x365.jpg",548,365,true],"large":["https:\/\/arantv.az\/wp-content\/uploads\/2024\/01\/13.jpg",620,413,false],"1536x1536":["https:\/\/arantv.az\/wp-content\/uploads\/2024\/01\/13.jpg",620,413,false],"2048x2048":["https:\/\/arantv.az\/wp-content\/uploads\/2024\/01\/13.jpg",620,413,false],"post-thumbnail":["https:\/\/arantv.az\/wp-content\/uploads\/2024\/01\/13-240x172.jpg",240,172,true],"advps-thumb-one":["https:\/\/arantv.az\/wp-content\/uploads\/2024\/01\/13.jpg",620,413,false]},"rttpg_author":{"display_name":"V\u00fcsal Rafiqo\u011flu","author_link":"https:\/\/arantv.az\/?author=2"},"rttpg_comment":0,"rttpg_category":"<a href=\"https:\/\/arantv.az\/?cat=4\" rel=\"category\">Siyas\u0259t<\/a>","rttpg_excerpt":"Az\u0259rbaycan n\u00fcmay\u0259nd\u0259 hey\u0259ti etiraz \u0259lam\u0259ti olaraq Avropa \u015euras\u0131 Parlament Assambleyas\u0131n\u0131n (A\u015ePA) iclas\u0131n\u0131\u00a0t\u0259rk edib. Bununla ba\u011fl\u0131 T\u00fcrkiy\u0259nin \u201cHaber Global\u201d kanal\u0131 s\u00fcjet haz\u0131rlay\u0131b. Bildirilir ki, Az\u0259rbaycan Q\u0259rbin ikili standartlar\u0131na g\u00f6z yummad\u0131, t\u0259\u015fkilatda m\u00f6vcud olan d\u00f6z\u00fclm\u0259z irq\u00e7ilik, az\u0259rbaycanofobiya v\u0259 islamofobiya m\u00fchiti fonunda Az\u0259rbaycan n\u00fcmay\u0259nd\u0259 hey\u0259ti A\u015ePA il\u0259 \u0259m\u0259kda\u015fl\u0131\u011f\u0131 qeyri-m\u00fc\u0259yy\u0259n m\u00fcdd\u0259t\u0259 dayand\u0131rmaq q\u0259rar\u0131na g\u0259ldi. S\u00fcjetd\u0259 respublikam\u0131z\u0131n A\u015ePA-dak\u0131 n\u00fcmay\u0259nd\u0259 hey\u0259tinin&hellip;","_links":{"self":[{"href":"https:\/\/arantv.az\/index.php?rest_route=\/wp\/v2\/posts\/684073"}],"collection":[{"href":"https:\/\/arantv.az\/index.php?rest_route=\/wp\/v2\/posts"}],"about":[{"href":"https:\/\/arantv.az\/index.php?rest_route=\/wp\/v2\/types\/post"}],"author":[{"embeddable":true,"href":"https:\/\/arantv.az\/index.php?rest_route=\/wp\/v2\/users\/2"}],"replies":[{"embeddable":true,"href":"https:\/\/arantv.az\/index.php?rest_route=%2Fwp%2Fv2%2Fcomments&post=684073"}],"version-history":[{"count":0,"href":"https:\/\/arantv.az\/index.php?rest_route=\/wp\/v2\/posts\/684073\/revisions"}],"wp:featuredmedia":[{"embeddable":true,"href":"https:\/\/arantv.az\/index.php?rest_route=\/wp\/v2\/media\/684074"}],"wp:attachment":[{"href":"https:\/\/arantv.az\/index.php?rest_route=%2Fwp%2Fv2%2Fmedia&parent=684073"}],"wp:term":[{"taxonomy":"category","embeddable":true,"href":"https:\/\/arantv.az\/index.php?rest_route=%2Fwp%2Fv2%2Fcategories&post=684073"},{"taxonomy":"post_tag","embeddable":true,"href":"https:\/\/arantv.az\/index.php?rest_route=%2Fwp%2Fv2%2Ftags&post=684073"}],"curies":[{"name":"wp","href":"https:\/\/api.w.org\/{rel}","templated":true}]}}