{"id":684078,"date":"2024-01-26T17:54:41","date_gmt":"2024-01-26T13:54:41","guid":{"rendered":"https:\/\/arantv.az\/?p=684078"},"modified":"2024-01-26T17:54:41","modified_gmt":"2024-01-26T13:54:41","slug":"sabranda-v%c9%99t%c9%99n-muharib%c9%99si-qazisini-q%c9%99tl%c9%99-yetir%c9%99n-s%c9%99xs%c9%99-hokm-oxundu","status":"publish","type":"post","link":"https:\/\/arantv.az\/?p=684078","title":{"rendered":"\u015eabranda V\u0259t\u0259n m\u00fcharib\u0259si qazisini q\u0259tl\u0259 yetir\u0259n \u015f\u0259xs\u0259 H\u00d6KM OXUNDU"},"content":{"rendered":"<p>\u015eabranda 25 ya\u015fl\u0131 g\u0259nci q\u0259tl\u0259 yetirm\u0259kd\u0259 t\u0259qsirl\u0259ndiril\u0259n Teymur C\u0259f\u0259rzad\u0259y\u0259 h\u00f6km oxunub.<\/p>\n<p>\u201cReport\u201dun x\u0259b\u0259rin\u0259 g\u00f6r\u0259, bu bar\u0259d\u0259 h\u00f6km Sumqay\u0131t A\u011f\u0131r Cinay\u0259tl\u0259r M\u0259hk\u0259m\u0259sinin hakimi F\u0259hmin H\u00fcmb\u0259tovun s\u0259drliyi il\u0259 ke\u00e7iril\u0259n prosesd\u0259 elan edilib.<\/p>\n<p>H\u00f6km\u0259 \u0259sas\u0259n, T.C\u0259f\u0259rzad\u0259 10 il 6 ay m\u00fcdd\u0259tin\u0259 azadl\u0131qdan m\u0259hrum edilib.<\/p>\n<p>Qeyd ed\u0259k ki, hadis\u0259 2022-ci il iyunun 15-i saat 23 rad\u0259l\u0259rind\u0259 \u015eabran rayonu \u0259razisind\u0259 qeyd\u0259 al\u0131n\u0131b.<\/p>\n<p>Bel\u0259 ki, 2001-ci il t\u0259v\u0259ll\u00fcdl\u00fc Teymur C\u0259f\u0259rzad\u0259 tan\u0131\u015f\u0131, 1997-ci il t\u0259v\u0259ll\u00fcdl\u00fc Orxan \u018fliyevi \u015f\u0259xsi m\u00fcnasib\u0259tl\u0259r z\u0259minind\u0259 aralar\u0131nda yaranan m\u00fcnaqi\u015f\u0259 zaman\u0131 b\u0131\u00e7aqlayaraq q\u0259tl\u0259 yetirib.<\/p>\n<p>Faktla ba\u011fl\u0131 \u015eabran Rayon Prokurorlu\u011funda Cinay\u0259t M\u0259c\u0259ll\u0259sinin 120.1-ci (Q\u0259sd\u0259n adam \u00f6ld\u00fcrm\u0259) madd\u0259si il\u0259 cinay\u0259t i\u015fi ba\u015flan\u0131l\u0131b. Teymur C\u0259f\u0259rzad\u0259 \u015f\u00fcbh\u0259li \u015f\u0259xs qismind\u0259 tutularaq istintaqa c\u0259lb edilib.<\/p>\n<p>\u015eabranda q\u0259tl\u0259 yetiril\u0259n Orxan \u018fliyev V\u0259t\u0259n m\u00fcharib\u0259si qazisi olub. O, \u201cLa\u00e7\u0131n\u0131n azad olunmas\u0131na g\u00f6r\u0259\u201d medal\u0131 il\u0259 t\u0259ltif edilib.<\/p>\n","protected":false},"excerpt":{"rendered":"<p>\u015eabranda 25 ya\u015fl\u0131 g\u0259nci q\u0259tl\u0259 yetirm\u0259kd\u0259 t\u0259qsirl\u0259ndiril\u0259n Teymur C\u0259f\u0259rzad\u0259y\u0259 h\u00f6km oxunub. \u201cReport\u201dun x\u0259b\u0259rin\u0259 g\u00f6r\u0259, bu bar\u0259d\u0259 h\u00f6km Sumqay\u0131t A\u011f\u0131r Cinay\u0259tl\u0259r M\u0259hk\u0259m\u0259sinin hakimi F\u0259hmin H\u00fcmb\u0259tovun s\u0259drliyi il\u0259 ke\u00e7iril\u0259n prosesd\u0259 elan edilib. H\u00f6km\u0259 \u0259sas\u0259n, T.C\u0259f\u0259rzad\u0259 10 il 6 ay m\u00fcdd\u0259tin\u0259 azadl\u0131qdan m\u0259hrum edilib. Qeyd ed\u0259k ki, hadis\u0259 2022-ci il iyunun 15-i saat 23 rad\u0259l\u0259rind\u0259 \u015eabran rayonu \u0259razisind\u0259 qeyd\u0259 al\u0131n\u0131b. Bel\u0259 ki, 2001-ci il t\u0259v\u0259ll\u00fcdl\u00fc Teymur C\u0259f\u0259rzad\u0259 tan\u0131\u015f\u0131, 1997-ci il t\u0259v\u0259ll\u00fcdl\u00fc Orxan \u018fliyevi \u015f\u0259xsi m\u00fcnasib\u0259tl\u0259r z\u0259minind\u0259 aralar\u0131nda yaranan m\u00fcnaqi\u015f\u0259 zaman\u0131 b\u0131\u00e7aqlayaraq q\u0259tl\u0259 yetirib. Faktla ba\u011fl\u0131 \u015eabran Rayon Prokurorlu\u011funda Cinay\u0259t M\u0259c\u0259ll\u0259sinin 120.1-ci (Q\u0259sd\u0259n adam&hellip;<\/p>\n","protected":false},"author":2,"featured_media":684080,"comment_status":"closed","ping_status":"closed","sticky":false,"template":"","format":"standard","meta":{"om_disable_all_campaigns":false,"_monsterinsights_skip_tracking":false,"_monsterinsights_sitenote_active":false,"_monsterinsights_sitenote_note":"","_monsterinsights_sitenote_category":0},"categories":[5],"tags":[],"aioseo_notices":[],"gutentor_comment":0,"rttpg_featured_image_url":{"full":["https:\/\/arantv.az\/wp-content\/uploads\/2024\/01\/FotoJet-47.jpg",620,413,false],"landscape":["https:\/\/arantv.az\/wp-content\/uploads\/2024\/01\/FotoJet-47.jpg",620,413,false],"portraits":["https:\/\/arantv.az\/wp-content\/uploads\/2024\/01\/FotoJet-47.jpg",620,413,false],"thumbnail":["https:\/\/arantv.az\/wp-content\/uploads\/2024\/01\/FotoJet-47-500x280.jpg",500,280,true],"medium":["https:\/\/arantv.az\/wp-content\/uploads\/2024\/01\/FotoJet-47-548x365.jpg",548,365,true],"large":["https:\/\/arantv.az\/wp-content\/uploads\/2024\/01\/FotoJet-47.jpg",620,413,false],"1536x1536":["https:\/\/arantv.az\/wp-content\/uploads\/2024\/01\/FotoJet-47.jpg",620,413,false],"2048x2048":["https:\/\/arantv.az\/wp-content\/uploads\/2024\/01\/FotoJet-47.jpg",620,413,false],"post-thumbnail":["https:\/\/arantv.az\/wp-content\/uploads\/2024\/01\/FotoJet-47-240x172.jpg",240,172,true],"advps-thumb-one":["https:\/\/arantv.az\/wp-content\/uploads\/2024\/01\/FotoJet-47.jpg",620,413,false]},"rttpg_author":{"display_name":"V\u00fcsal Rafiqo\u011flu","author_link":"https:\/\/arantv.az\/?author=2"},"rttpg_comment":0,"rttpg_category":"<a href=\"https:\/\/arantv.az\/?cat=5\" rel=\"category\">Hadis\u0259<\/a>","rttpg_excerpt":"\u015eabranda 25 ya\u015fl\u0131 g\u0259nci q\u0259tl\u0259 yetirm\u0259kd\u0259 t\u0259qsirl\u0259ndiril\u0259n Teymur C\u0259f\u0259rzad\u0259y\u0259 h\u00f6km oxunub. \u201cReport\u201dun x\u0259b\u0259rin\u0259 g\u00f6r\u0259, bu bar\u0259d\u0259 h\u00f6km Sumqay\u0131t A\u011f\u0131r Cinay\u0259tl\u0259r M\u0259hk\u0259m\u0259sinin hakimi F\u0259hmin H\u00fcmb\u0259tovun s\u0259drliyi il\u0259 ke\u00e7iril\u0259n prosesd\u0259 elan edilib. H\u00f6km\u0259 \u0259sas\u0259n, T.C\u0259f\u0259rzad\u0259 10 il 6 ay m\u00fcdd\u0259tin\u0259 azadl\u0131qdan m\u0259hrum edilib. Qeyd ed\u0259k ki, hadis\u0259 2022-ci il iyunun 15-i saat 23 rad\u0259l\u0259rind\u0259 \u015eabran rayonu \u0259razisind\u0259&hellip;","_links":{"self":[{"href":"https:\/\/arantv.az\/index.php?rest_route=\/wp\/v2\/posts\/684078"}],"collection":[{"href":"https:\/\/arantv.az\/index.php?rest_route=\/wp\/v2\/posts"}],"about":[{"href":"https:\/\/arantv.az\/index.php?rest_route=\/wp\/v2\/types\/post"}],"author":[{"embeddable":true,"href":"https:\/\/arantv.az\/index.php?rest_route=\/wp\/v2\/users\/2"}],"replies":[{"embeddable":true,"href":"https:\/\/arantv.az\/index.php?rest_route=%2Fwp%2Fv2%2Fcomments&post=684078"}],"version-history":[{"count":0,"href":"https:\/\/arantv.az\/index.php?rest_route=\/wp\/v2\/posts\/684078\/revisions"}],"wp:featuredmedia":[{"embeddable":true,"href":"https:\/\/arantv.az\/index.php?rest_route=\/wp\/v2\/media\/684080"}],"wp:attachment":[{"href":"https:\/\/arantv.az\/index.php?rest_route=%2Fwp%2Fv2%2Fmedia&parent=684078"}],"wp:term":[{"taxonomy":"category","embeddable":true,"href":"https:\/\/arantv.az\/index.php?rest_route=%2Fwp%2Fv2%2Fcategories&post=684078"},{"taxonomy":"post_tag","embeddable":true,"href":"https:\/\/arantv.az\/index.php?rest_route=%2Fwp%2Fv2%2Ftags&post=684078"}],"curies":[{"name":"wp","href":"https:\/\/api.w.org\/{rel}","templated":true}]}}