{"id":684083,"date":"2024-01-26T17:55:19","date_gmt":"2024-01-26T13:55:19","guid":{"rendered":"https:\/\/arantv.az\/?p=684083"},"modified":"2024-01-26T17:55:19","modified_gmt":"2024-01-26T13:55:19","slug":"erm%c9%99nistanda-boyuy%c9%99n-ziddiyy%c9%99t-davam-ed%c9%99n-hokum%c9%99t-kils%c9%99-qarsidurmasi-s%c9%99rh-foto","status":"publish","type":"post","link":"https:\/\/arantv.az\/?p=684083","title":{"rendered":"Erm\u0259nistanda b\u00f6y\u00fcy\u0259n ziddiyy\u0259t: Davam ed\u0259n h\u00f6kum\u0259t-kils\u0259 qar\u015f\u0131durmas\u0131 &#8211; \u015e\u018fRH + FOTO"},"content":{"rendered":"<p>Erm\u0259nistanda yeni etiraz aksiyas\u0131n\u0131n ke\u00e7irilm\u0259si planla\u015fd\u0131r\u0131l\u0131r. Bu d\u0259f\u0259 h\u0259d\u0259fd\u0259 kils\u0259, onun ba\u015f\u00e7\u0131s\u0131 \u00fcmumerm\u0259ni katolikosu II Qaregindir.<\/p>\n<p>M\u0259lumata g\u00f6r\u0259, Erm\u0259nistan\u0131n ba\u015f naziri Nikol Pa\u015finyan\u0131n t\u0259r\u0259fdarlar\u0131 fevral\u0131n 24-d\u0259 katolikos II Qareginin istefas\u0131 t\u0259l\u0259bi il\u0259 mitinq ke\u00e7irm\u0259yi planla\u015fd\u0131r\u0131r. Bildirilib ki, aksiya bu yax\u0131nlarda Erm\u0259nistana k\u00f6\u00e7m\u00fc\u015f AB\u015e v\u0259t\u0259nda\u015f\u0131 Andranik Dovlatyan\u0131n t\u0259\u015f\u0259bb\u00fcs\u00fc il\u0259 ke\u00e7iril\u0259c\u0259k. Bu m\u0259qs\u0259dl\u0259 \u201cVardanank\u201d (\u201c\u015e\u00fckranl\u0131q\u201d) adl\u0131 yeni h\u0259r\u0259kat yarad\u0131l\u0131b. O, Erm\u0259nistan h\u00f6kum\u0259tinin f\u0259al t\u0259r\u0259fdar\u0131ndan say\u0131l\u0131r. M\u0259tbuatda ba\u015f nazir Nikol Pa\u015finyan v\u0259 hakim \u201cV\u0259t\u0259nda\u015f sazi\u015fi\u201d partiyas\u0131n\u0131n m\u00fcdafi\u0259si il\u0259 ba\u011fl\u0131 yaz\u0131lar d\u0259rc edir. Andranik Dovlatyan Erm\u0259nistan v\u0259t\u0259nda\u015flar\u0131n\u0131 II Qaregin\u0259 qar\u015f\u0131 aksiyaya qo\u015fulma\u011fa \u00e7a\u011f\u0131r\u0131b.<\/p>\n<p>Nikol Pa\u015finyan v\u0259 komandas\u0131 hakimiyy\u0259t\u0259 g\u0259l\u0259nd\u0259n, 2018-ci ilin may\u0131ndan sonra h\u00f6kum\u0259t-kils\u0259 qar\u015f\u0131durmas\u0131 g\u00fccl\u0259nib. Bu halda suallar yaran\u0131r: Erm\u0259nistanda inancl\u0131lar azal\u0131b? Erm\u0259nil\u0259rin ba\u015f ke\u015fi\u015fi Qaregin d\u0259l\u0259duzdur? Kils\u0259-h\u00f6kum\u0259t qar\u015f\u0131durmas\u0131 n\u0259y\u0259 xidm\u0259t edir?<\/p>\n<p><img src=\"https:\/\/cdn.oxu.az\/uploads\/W1siZiIsIjIwMjQvMDEvMjYvMTQvMTEvMTUvZjQ2YWZhYTgtYWRkZi00OTBmLThkNWYtYjMwYTM0NmFmNTI4Lzc2YjBjM2JhLWI3Y2UtMzVkMS1hZjc1LTk5OWI2YjgxN2Q2NC5qcGciXSxbInAiLCJlbmNvZGUiLCJqcGciLCItcXVhbGl0eSA4MCJdLFsicCIsInRodW1iIiwiNTkweDU5MFx1MDAzZSJdXQ?sha=cd0cb86c61001a7d\" alt=\"\" \/><\/p>\n<p>Maydak\u0131 m\u0259lum \u00e7evrili\u015fd\u0259n sonra Nikol Pa\u015finyan hakimiyy\u0259tin\u0259 mane olan qurumlar da d\u0259yi\u015fib. Onun g\u00f6rd\u00fcy\u00fc ilk i\u015f yeni siyasi elitadan ibar\u0259t parlamenti formala\u015fd\u0131rmaq olub. Bunun ard\u0131nca yeni h\u00f6kum\u0259ti qurub. G\u00fcc strukturlar\u0131nda t\u0259mizlik i\u015fi g\u00f6r\u00fcb. Sonra b\u0259yan edib ki, Erm\u0259nistan silahl\u0131 q\u00fcvv\u0259l\u0259ri \u201c5-ci kolondan t\u0259mizl\u0259nib\u201d. O, D\u00f6vl\u0259t T\u0259hl\u00fck\u0259sizlik Xidm\u0259tinin ba\u015f direktorunu bir ne\u00e7\u0259 d\u0259f\u0259 yenil\u0259yib, m\u00fcdafi\u0259 naziri v\u0259 silahl\u0131 q\u00fcvv\u0259l\u0259rin ba\u015f q\u0259rargah r\u0259isini h\u0259bs etdirib. Kabinetd\u0259 problem yaradanlar ya istefaya g\u00f6nd\u0259rilibl\u0259r, ya da bar\u0259l\u0259rind\u0259 cinay\u0259t i\u015fi ba\u015flan\u0131l\u0131b. Pa\u015finyana hakimiyy\u0259t daxilind\u0259 \u0259n b\u00f6y\u00fck m\u00fcxalif\u0259t prezident olub. 44 g\u00fcnl\u00fck m\u00fcharib\u0259 bit\u0259nd\u0259n sonra ke\u00e7mi\u015f prezident v\u0259 alt\u0131 g\u00fcnl\u00fck ba\u015f nazir Serj Sarqsyan\u0131n namiz\u0259di olmu\u015f Armen Sarkisyan s\u0259lahiyy\u0259t m\u00fcdd\u0259ti ba\u015fa \u00e7atmam\u0131\u015f (2018-ci il aprelin 9-dan 2022-ci il fevral\u0131n 1-d\u0259k) istefaya g\u00f6nd\u0259rilib.<\/p>\n<p>\u0130ndi Pa\u015finyan islahatlar\u0131 iki istiqam\u0259td\u0259 davam etdirm\u0259yi planla\u015fd\u0131r\u0131r. Birincisi, yeni konstitusiyan\u0131n haz\u0131rlanmas\u0131, ikincisi, E\u00e7mi\u0259dzin kils\u0259sind\u0259 kadr d\u0259yi\u015fikliyi, yaxud II Qareginin istefas\u0131na nail olmaqd\u0131r.<\/p>\n<p>Konstitusiya il\u0259 ba\u011fl\u0131 o bildirib ki, d\u00fcnya d\u0259yi\u015fib, ona g\u00f6r\u0259 d\u0259 ba\u015f vermi\u015f yenilikl\u0259r fonunda Erm\u0259nistan konstitusiyas\u0131na d\u0259yi\u015fiklikl\u0259r edilm\u0259si kifay\u0259t deyil, o, yenid\u0259n yaz\u0131lmal\u0131d\u0131r.<\/p>\n<p><img src=\"https:\/\/cdn.oxu.az\/uploads\/W1siZiIsIjIwMjQvMDEvMjYvMTQvMTEvMTUvMmY4ZDgxNTQtN2RmMS00ODc3LWFiOTQtNTE2YmRlYWVmYTFjL2Y0MjI2NjUxLWRmNTItM2YwNi05ZGMzLWQ1YWVmYjViZWQ2OS5qcGciXSxbInAiLCJlbmNvZGUiLCJqcGciLCItcXVhbGl0eSA4MCJdLFsicCIsInRodW1iIiwiNTkweDU5MFx1MDAzZSJdXQ?sha=a56064f77b186d5d\" alt=\"\" \/><\/p>\n<p>H\u00f6kum\u0259tl\u0259 kils\u0259, daha do\u011frusu, II Qaregin\u0259 v\u0259 onun komandas\u0131na qar\u015f\u0131 m\u00fcbariz\u0259 alt\u0131 ildir davam edir. Pa\u015finyan h\u00f6kum\u0259tinin kils\u0259 ba\u015f\u00e7\u0131s\u0131na qar\u015f\u0131 m\u00fcbariz\u0259si Qareginin m\u00fchafiz\u0259\u00e7il\u0259rinin d\u00f6vl\u0259td\u0259n maliyy\u0259l\u0259\u015fdirilm\u0259sini dayand\u0131rmaqla ba\u015flay\u0131b. Bundan sonra proses kils\u0259nin f\u0131r\u0131ldaqla m\u0259\u015f\u011ful olmas\u0131, d\u0259l\u0259duzlu\u011fu, 12 milyon dollar m\u0259bl\u0259\u011find\u0259 ian\u0259nin m\u0259nims\u0259nilm\u0259si, Qareginin h\u00f6kum\u0259t\u0259 qar\u015f\u0131 \u00e7\u0131x\u0131\u015flar\u0131 il\u0259 davam edib.<\/p>\n<p>Nikol Pa\u015finyan \u00f6t\u0259n ilin may\u0131nda \u201cBa\u015f nazirin kuboku\u201d turnirinin i\u015ftirak\u00e7\u0131lar\u0131 il\u0259 g\u00f6r\u00fc\u015fd\u0259 bildirib ki, kils\u0259 d\u00f6vl\u0259td\u0259n \u00fcst\u00fcn ola bilm\u0259z: \u201c\u00dcmumerm\u0259ni Kils\u0259si siyas\u0259tl\u0259 m\u0259\u015f\u011ful olmaq ist\u0259yirs\u0259, siyasi partiya yarats\u0131n\u201d. Ba\u015f nazir vur\u011fulam\u0131\u015fd\u0131 ki, kils\u0259 il\u0259 d\u00f6vl\u0259tin funksiyalar\u0131n\u0131 qar\u0131\u015fd\u0131rmaqdan t\u0259hl\u00fck\u0259li he\u00e7 n\u0259 yoxdur: \u201c\u00dcst-\u00fcst\u0259 d\u00fc\u015f\u0259n bir \u00e7ox m\u0259s\u0259l\u0259l\u0259rin olmas\u0131na baxmayaraq, d\u00f6vl\u0259t v\u0259 kils\u0259 \u00f6z i\u015fi il\u0259 m\u0259\u015f\u011ful olmal\u0131d\u0131r\u201d.<\/p>\n<p>Erm\u0259nistanda kils\u0259 il\u0259 h\u00f6kum\u0259t m\u00fcnasib\u0259tl\u0259ri 44 g\u00fcnl\u00fck m\u00fcharib\u0259d\u0259n sonra daha da k\u0259skinl\u0259\u015fib. Onda Qaregin Nikol Pa\u015finyan\u0131n istefas\u0131n\u0131 t\u0259l\u0259b etmi\u015fdi. O, kils\u0259 il\u0259 h\u00f6kum\u0259t aras\u0131nda \u0259m\u0259kda\u015fl\u0131\u011f\u0131n yet\u0259rli olmad\u0131\u011f\u0131n\u0131 da vur\u011fulam\u0131\u015fd\u0131.<\/p>\n<p><img src=\"https:\/\/cdn.oxu.az\/uploads\/W1siZiIsIjIwMjQvMDEvMjYvMTQvMTEvMTUvMjdiYWY3ZWQtYzNiNC00MGY3LWJjYmQtYTk4OGYxMDNhMzI1LzMyZjlkNGQ5LTZlMTItMzg0NS1iODdkLTIwZGRkYjMwZjM1YS5qcGciXSxbInAiLCJlbmNvZGUiLCJqcGciLCItcXVhbGl0eSA4MCJdLFsicCIsInRodW1iIiwiNTkweDU5MFx1MDAzZSJdXQ?sha=3cdc897e32d37bb3\" alt=\"\" \/><\/p>\n<p>Ehtimal etm\u0259k olar ki, bu qar\u015f\u0131durma yaln\u0131z Qareginin ba\u015f\u00e7\u0131l\u0131q etdiyi qurumun daxilind\u0259 ba\u015f vermi\u015f m\u00fcxt\u0259lif pozuntularla ba\u011fl\u0131 deyil. E\u00e7mi\u0259dzin erm\u0259nil\u0259rin etnos olaraq formala\u015fmas\u0131nda, onlar\u0131n C\u0259nubi Qafqaza k\u00f6\u00e7\u00fcr\u00fclm\u0259sind\u0259, qon\u015fu d\u00f6vl\u0259tin torpaqlar\u0131n\u0131n \u0259l\u0259 ke\u00e7irilm\u0259si kimi x\u00fclyalar\u0131n yay\u0131lmas\u0131nda, h\u0259tta Erm\u0259nistan d\u00f6vl\u0259tinin yaranmas\u0131nda \u00e7ox b\u00f6y\u00fck xidm\u0259t g\u00f6st\u0259rib. O, h\u0259m d\u0259 \u00f6t\u0259n ill\u0259r \u0259rzind\u0259 Moskva il\u0259 \u00e7ox s\u0131x i\u015fl\u0259yib, ba\u015fqa s\u00f6zl\u0259, \u00e7ar Rusiyas\u0131 d\u00f6vr\u00fcnd\u0259n indiy\u0259d\u0259k onlara xidm\u0259t edir. Bel\u0259 q\u0259na\u0259t\u0259 g\u0259lm\u0259k olar ki, Nikol Pa\u015finyan \u00dcmumerm\u0259ni Kils\u0259sini Rusiyan\u0131n t\u0259sir, n\u00fcfuz dair\u0259sind\u0259n \u00e7\u0131xarmaq ist\u0259yir. \u00c7\u00fcnki ox\u015far add\u0131mlar\u0131 vaxtil\u0259 Ukrayna Pravoslav Kils\u0259si d\u0259 at\u0131b. Ukrayna hakimiyy\u0259ti bu qurumu, \u0259n m\u00fclayim \u015f\u0259kild\u0259 ifad\u0259 ets\u0259k, Rusiyan\u0131n t\u0259bli\u011fat m\u0259rk\u0259zi say\u0131rd\u0131.<\/p>\n<p>Odur ki, Erm\u0259nistanda kils\u0259 il\u0259 h\u00f6kum\u0259t aras\u0131nda ziddiyy\u0259tin d\u0259 E\u00e7mi\u0259dzin dini m\u0259rk\u0259zinin Moskva Pravoslav Kils\u0259si il\u0259 \u0259laq\u0259l\u0259rind\u0259n qaynaqland\u0131\u011f\u0131 da istisna edilmir.<\/p>\n<p>Ehtimal etm\u0259k olar ki, bu qar\u015f\u0131durman\u0131n dini inanca m\u0259nfi t\u0259siri azd\u0131r. \u00c7\u00fcnki insanlar din\u0259 II Qaregin\u0259 g\u00f6r\u0259 etiqad etmirl\u0259r. Bu, b\u00fct\u00fcn dinl\u0259rd\u0259 bel\u0259dir. Perspektivd\u0259 \u00fcmumerm\u0259ni katolikosuna qar\u015f\u0131 cinay\u0259t i\u015finin ba\u015flayaca\u011f\u0131n\u0131 da g\u00f6zl\u0259m\u0259k olar. Onun \u201cd\u00f6vl\u0259t\u0259 x\u0259yan\u0259t\u201d, \u201ck\u00fclli miqdarda d\u00f6vl\u0259t mal\u0131n\u0131 m\u0259nims\u0259m\u0259\u201d, h\u0259tta \u201ctutdu\u011fu v\u0259zif\u0259d\u0259n, insanlar\u0131n etibar\u0131ndan sui-istifad\u0259 etm\u0259\u201d madd\u0259l\u0259ri il\u0259 ittiham oluna bil\u0259c\u0259yini d\u0259 ehtimal etm\u0259k olar. Kils\u0259d\u0259 d\u0259yi\u015fiklik ba\u015f verm\u0259zs\u0259, Nikol Pa\u015finyan\u0131n islahatlar\u0131na \u00e7ox b\u00f6y\u00fck mane\u0259l\u0259r olacaq. \u00c7\u00fcnki II Qaregin prezident deyil. O, daha b\u00f6y\u00fck ictimai-siyasi-dini fiqurdur. Qaregin Erm\u0259nistanda \u201cd\u00f6vl\u0259t i\u00e7ind\u0259 d\u00f6vl\u0259t\u201din ba\u015f\u00e7\u0131s\u0131d\u0131r. Qar\u015f\u0131durman\u0131n k\u00f6kl\u0259ri d\u0259 iki qo\u00e7un ba\u015f\u0131n\u0131n s\u0131\u011fmad\u0131\u011f\u0131 qazandad\u0131r.<\/p>\n<p>Bel\u0259 q\u0259na\u0259t\u0259 g\u0259lm\u0259k olar ki, kils\u0259 art\u0131q Erm\u0259nistan\u0131n d\u00f6vl\u0259t v\u0259 erm\u0259nil\u0259rin milli maraqlar\u0131na qar\u015f\u0131 f\u0259aliyy\u0259t g\u00f6st\u0259rir. Onun da hegemonlu\u011fu buraya q\u0259d\u0259r imi\u015f. 2018-ci ild\u0259n sonra yaranm\u0131\u015f \u201cYeni Erm\u0259nistan, yeni patriarx\u201d h\u0259r\u0259kat\u0131 da II Qaregini istefaya g\u00f6nd\u0259rdikd\u0259n sonra h\u0259d\u0259fin\u0259 \u00e7ata bil\u0259r.<\/p>\n<p><strong>\u201cReport\u201d \u0130nformasiya Agentliyi<\/strong><\/p>\n","protected":false},"excerpt":{"rendered":"<p>Erm\u0259nistanda yeni etiraz aksiyas\u0131n\u0131n ke\u00e7irilm\u0259si planla\u015fd\u0131r\u0131l\u0131r. Bu d\u0259f\u0259 h\u0259d\u0259fd\u0259 kils\u0259, onun ba\u015f\u00e7\u0131s\u0131 \u00fcmumerm\u0259ni katolikosu II Qaregindir. M\u0259lumata g\u00f6r\u0259, Erm\u0259nistan\u0131n ba\u015f naziri Nikol Pa\u015finyan\u0131n t\u0259r\u0259fdarlar\u0131 fevral\u0131n 24-d\u0259 katolikos II Qareginin istefas\u0131 t\u0259l\u0259bi il\u0259 mitinq ke\u00e7irm\u0259yi planla\u015fd\u0131r\u0131r. Bildirilib ki, aksiya bu yax\u0131nlarda Erm\u0259nistana k\u00f6\u00e7m\u00fc\u015f AB\u015e v\u0259t\u0259nda\u015f\u0131 Andranik Dovlatyan\u0131n t\u0259\u015f\u0259bb\u00fcs\u00fc il\u0259 ke\u00e7iril\u0259c\u0259k. Bu m\u0259qs\u0259dl\u0259 \u201cVardanank\u201d (\u201c\u015e\u00fckranl\u0131q\u201d) adl\u0131 yeni h\u0259r\u0259kat yarad\u0131l\u0131b. O, Erm\u0259nistan h\u00f6kum\u0259tinin f\u0259al t\u0259r\u0259fdar\u0131ndan say\u0131l\u0131r. M\u0259tbuatda ba\u015f nazir Nikol Pa\u015finyan v\u0259 hakim \u201cV\u0259t\u0259nda\u015f sazi\u015fi\u201d partiyas\u0131n\u0131n m\u00fcdafi\u0259si il\u0259 ba\u011fl\u0131 yaz\u0131lar d\u0259rc edir. Andranik Dovlatyan Erm\u0259nistan v\u0259t\u0259nda\u015flar\u0131n\u0131 II Qaregin\u0259 qar\u015f\u0131 aksiyaya qo\u015fulma\u011fa \u00e7a\u011f\u0131r\u0131b. Nikol&hellip;<\/p>\n","protected":false},"author":2,"featured_media":684084,"comment_status":"closed","ping_status":"closed","sticky":false,"template":"","format":"standard","meta":{"om_disable_all_campaigns":false,"_monsterinsights_skip_tracking":false,"_monsterinsights_sitenote_active":false,"_monsterinsights_sitenote_note":"","_monsterinsights_sitenote_category":0},"categories":[4],"tags":[],"aioseo_notices":[],"gutentor_comment":0,"rttpg_featured_image_url":{"full":["https:\/\/arantv.az\/wp-content\/uploads\/2024\/01\/9336a2d1-1288-36a9-a455-665aa1c0e53a_850.jpg",620,413,false],"landscape":["https:\/\/arantv.az\/wp-content\/uploads\/2024\/01\/9336a2d1-1288-36a9-a455-665aa1c0e53a_850.jpg",620,413,false],"portraits":["https:\/\/arantv.az\/wp-content\/uploads\/2024\/01\/9336a2d1-1288-36a9-a455-665aa1c0e53a_850.jpg",620,413,false],"thumbnail":["https:\/\/arantv.az\/wp-content\/uploads\/2024\/01\/9336a2d1-1288-36a9-a455-665aa1c0e53a_850-500x280.jpg",500,280,true],"medium":["https:\/\/arantv.az\/wp-content\/uploads\/2024\/01\/9336a2d1-1288-36a9-a455-665aa1c0e53a_850-548x365.jpg",548,365,true],"large":["https:\/\/arantv.az\/wp-content\/uploads\/2024\/01\/9336a2d1-1288-36a9-a455-665aa1c0e53a_850.jpg",620,413,false],"1536x1536":["https:\/\/arantv.az\/wp-content\/uploads\/2024\/01\/9336a2d1-1288-36a9-a455-665aa1c0e53a_850.jpg",620,413,false],"2048x2048":["https:\/\/arantv.az\/wp-content\/uploads\/2024\/01\/9336a2d1-1288-36a9-a455-665aa1c0e53a_850.jpg",620,413,false],"post-thumbnail":["https:\/\/arantv.az\/wp-content\/uploads\/2024\/01\/9336a2d1-1288-36a9-a455-665aa1c0e53a_850-240x172.jpg",240,172,true],"advps-thumb-one":["https:\/\/arantv.az\/wp-content\/uploads\/2024\/01\/9336a2d1-1288-36a9-a455-665aa1c0e53a_850.jpg",620,413,false]},"rttpg_author":{"display_name":"V\u00fcsal Rafiqo\u011flu","author_link":"https:\/\/arantv.az\/?author=2"},"rttpg_comment":0,"rttpg_category":"<a href=\"https:\/\/arantv.az\/?cat=4\" rel=\"category\">Siyas\u0259t<\/a>","rttpg_excerpt":"Erm\u0259nistanda yeni etiraz aksiyas\u0131n\u0131n ke\u00e7irilm\u0259si planla\u015fd\u0131r\u0131l\u0131r. Bu d\u0259f\u0259 h\u0259d\u0259fd\u0259 kils\u0259, onun ba\u015f\u00e7\u0131s\u0131 \u00fcmumerm\u0259ni katolikosu II Qaregindir. M\u0259lumata g\u00f6r\u0259, Erm\u0259nistan\u0131n ba\u015f naziri Nikol Pa\u015finyan\u0131n t\u0259r\u0259fdarlar\u0131 fevral\u0131n 24-d\u0259 katolikos II Qareginin istefas\u0131 t\u0259l\u0259bi il\u0259 mitinq ke\u00e7irm\u0259yi planla\u015fd\u0131r\u0131r. Bildirilib ki, aksiya bu yax\u0131nlarda Erm\u0259nistana k\u00f6\u00e7m\u00fc\u015f AB\u015e v\u0259t\u0259nda\u015f\u0131 Andranik Dovlatyan\u0131n t\u0259\u015f\u0259bb\u00fcs\u00fc il\u0259 ke\u00e7iril\u0259c\u0259k. Bu m\u0259qs\u0259dl\u0259 \u201cVardanank\u201d (\u201c\u015e\u00fckranl\u0131q\u201d) adl\u0131 yeni&hellip;","_links":{"self":[{"href":"https:\/\/arantv.az\/index.php?rest_route=\/wp\/v2\/posts\/684083"}],"collection":[{"href":"https:\/\/arantv.az\/index.php?rest_route=\/wp\/v2\/posts"}],"about":[{"href":"https:\/\/arantv.az\/index.php?rest_route=\/wp\/v2\/types\/post"}],"author":[{"embeddable":true,"href":"https:\/\/arantv.az\/index.php?rest_route=\/wp\/v2\/users\/2"}],"replies":[{"embeddable":true,"href":"https:\/\/arantv.az\/index.php?rest_route=%2Fwp%2Fv2%2Fcomments&post=684083"}],"version-history":[{"count":0,"href":"https:\/\/arantv.az\/index.php?rest_route=\/wp\/v2\/posts\/684083\/revisions"}],"wp:featuredmedia":[{"embeddable":true,"href":"https:\/\/arantv.az\/index.php?rest_route=\/wp\/v2\/media\/684084"}],"wp:attachment":[{"href":"https:\/\/arantv.az\/index.php?rest_route=%2Fwp%2Fv2%2Fmedia&parent=684083"}],"wp:term":[{"taxonomy":"category","embeddable":true,"href":"https:\/\/arantv.az\/index.php?rest_route=%2Fwp%2Fv2%2Fcategories&post=684083"},{"taxonomy":"post_tag","embeddable":true,"href":"https:\/\/arantv.az\/index.php?rest_route=%2Fwp%2Fv2%2Ftags&post=684083"}],"curies":[{"name":"wp","href":"https:\/\/api.w.org\/{rel}","templated":true}]}}