{"id":684092,"date":"2024-01-26T17:59:02","date_gmt":"2024-01-26T13:59:02","guid":{"rendered":"https:\/\/arantv.az\/?p=684092"},"modified":"2024-01-26T17:59:02","modified_gmt":"2024-01-26T13:59:02","slug":"m%c9%99kt%c9%99bl%c9%99rl%c9%99-bagli-direktorlara-tapsiriqlar-verildi","status":"publish","type":"post","link":"https:\/\/arantv.az\/?p=684092","title":{"rendered":"M\u0259kt\u0259bl\u0259rl\u0259 ba\u011fl\u0131 direktorlara tap\u015f\u0131r\u0131qlar verildi"},"content":{"rendered":"<p><strong>Bak\u0131 \u015e\u0259h\u0259ri \u00fczr\u0259 T\u0259hsil \u0130dar\u0259sinin (B\u015eT\u0130) tabeliyind\u0259ki \u00fcmumi t\u0259hsil m\u00fc\u0259ssis\u0259l\u0259rind\u0259 ikinci yar\u0131mil\u0259 haz\u0131rl\u0131q m\u0259qs\u0259dil\u0259 Pedaqoji \u015furalar\u0131n iclaslar\u0131n\u0131n ke\u00e7irilm\u0259sin\u0259 ba\u015flan\u0131b.<\/strong><\/p>\n<p>B\u015eT\u0130-d\u0259n\u00a0<strong>Musavat.com<\/strong>-a bildirilib ki, ilk olaraq paytaxtdak\u0131 317, 188 n\u00f6mr\u0259li tam orta m\u0259kt\u0259bl\u0259rd\u0259 v\u0259 M\u0259kt\u0259b-Lisey Kompleksind\u0259 ke\u00e7iril\u0259n iclaslarda Elm v\u0259 T\u0259hsil Nazirliyi yan\u0131nda M\u0259kt\u0259b\u0259q\u0259d\u0259r v\u0259 \u00dcmumi T\u0259hsil \u00fczr\u0259 D\u00f6vl\u0259t Agentliyinin (M\u00dcTDA) direktor m\u00fcavini, Agentliyin Bak\u0131 \u015e\u0259h\u0259ri \u00fczr\u0259 T\u0259hsil \u0130dar\u0259sinin m\u00fcdiri v\u0259zif\u0259sini m\u00fcv\u0259qq\u0259ti icra ed\u0259n Mehriban V\u0259liyeva, M\u00dcTDA-n\u0131n direktor m\u00fcavini Orxan Abbasov, B\u015eT\u0130-nin m\u00fcdir m\u00fcavinl\u0259ri X\u0259yal\u0259 \u018fhm\u0259dzad\u0259, Anar M\u0259mm\u0259dov, Elm v\u0259 T\u0259hsil Nazirliyi yan\u0131nda \u0130ctimai \u015euran\u0131n \u00fczv\u00fc P\u0259rvan\u0259 M\u0259mm\u0259dova, Az\u0259rbaycan U\u015faqlar\u0131 \u0130ctimai Birliyinin s\u0259dri K\u0259mal\u0259 A\u011fazad\u0259, M\u00dcTDA-n\u0131n ba\u015f m\u0259sl\u0259h\u0259t\u00e7isi Heyran S\u0259f\u0259rova, B\u015eT\u0130-nin T\u0259lim\u0259 D\u0259st\u0259k M\u0259rk\u0259zinin psixoloq-metodisti Aysel Novruzova, m\u00fc\u0259lliml\u0259r, valideynl\u0259r, m\u0259kt\u0259b-icma birliyinin n\u00fcmay\u0259nd\u0259l\u0259ri i\u015ftirak edibl\u0259r.<\/p>\n<p>\u0130claslarda \u00fcmumi t\u0259hsil m\u00fc\u0259ssis\u0259l\u0259rind\u0259 u\u015faqlar\u0131n t\u0259hl\u00fck\u0259sizliyin\u0259 v\u0259 \u015fagird davran\u0131\u015f qaydalar\u0131na n\u0259zar\u0259tin g\u00fccl\u0259ndirilm\u0259si, m\u00fc\u0259lliml\u0259rin etik davran\u0131\u015f qaydalar\u0131na \u0259m\u0259l olunmas\u0131 v\u0259ziyy\u0259ti, m\u0259kt\u0259bl\u0259rd\u0259 psixoloji xidm\u0259tin t\u0259\u015fkili, \u00fcmumi t\u0259hsil m\u00fc\u0259ssis\u0259l\u0259rind\u0259 valideynl\u0259rl\u0259 i\u015fin s\u0259m\u0259r\u0259liliyinin art\u0131r\u0131lmas\u0131 v\u0259 dig\u0259r vacib m\u0259s\u0259l\u0259l\u0259r m\u00fczakir\u0259 olunub, m\u0259kt\u0259b psixoloqlar\u0131n\u0131n alt\u0131 ayl\u0131q hesabat\u0131 dinl\u0259nilib.<\/p>\n<p>Pedaqoji \u015fura iclaslar\u0131nda \u00fcmumi t\u0259hsil m\u00fc\u0259ssis\u0259sind\u0259 t\u0259hl\u00fck\u0259sizliyin t\u0259minat\u0131 v\u0259 sa\u011flam m\u0259n\u0259vi-psixoloji m\u00fchitin formala\u015fmas\u0131na diqq\u0259tin art\u0131r\u0131lmas\u0131, t\u0259hsilalanlar aras\u0131nda risk qrupuna daxil olanlar\u0131n m\u00fc\u0259yy\u0259nl\u0259\u015fdirilm\u0259si v\u0259 m\u0259kt\u0259b psixoloqunun onlarla apard\u0131\u011f\u0131 sistemli i\u015fin g\u00fccl\u0259ndirilm\u0259si, m\u0259kt\u0259b-valideyn \u0259m\u0259kda\u015fl\u0131\u011f\u0131n\u0131n geni\u015fl\u0259ndirilm\u0259sinin v\u0259 t\u0259hsil m\u00fc\u0259ssis\u0259l\u0259rin\u0259 ictimai d\u0259st\u0259yin \u0259h\u0259miyy\u0259tind\u0259n dan\u0131\u015f\u0131l\u0131b.<\/p>\n<p>\u0130claslarda m\u00fczakir\u0259 edil\u0259n m\u0259s\u0259l\u0259l\u0259rl\u0259 ba\u011fl\u0131 m\u00fcvafiq q\u0259rarlar q\u0259bul edilib, m\u00fc\u0259lliml\u0259ri maraqland\u0131ran suallar cavabland\u0131r\u0131l\u0131b.<\/p>\n<p>Qeyd ed\u0259k ki, M\u00dcTDA t\u0259r\u0259find\u0259n \u00fcmumi t\u0259hsil m\u00fc\u0259ssis\u0259l\u0259rin\u0259 sa\u011flam m\u0259n\u0259vi-psixoloji m\u00fchitin daha da yax\u015f\u0131la\u015fd\u0131r\u0131lmas\u0131 m\u0259qs\u0259dil\u0259 x\u00fcsusi t\u0259limatlar g\u00f6nd\u0259rilib, m\u0259kt\u0259b r\u0259hb\u0259rl\u0259rin\u0259 idar\u0259etm\u0259d\u0259 s\u0259m\u0259r\u0259liliyin art\u0131r\u0131lmas\u0131 istiqam\u0259tind\u0259 m\u00fcvafiq tap\u015f\u0131r\u0131qlar verilib.<\/p>\n<p>Paytaxt\u0131n dig\u0259r \u00fcmumi t\u0259hsil m\u00fc\u0259ssis\u0259l\u0259rind\u0259 d\u0259 m\u00fcvafiq m\u00f6vzular \u00fczr\u0259 Pedaqoji \u015fura iclaslar\u0131n\u0131n ke\u00e7irilm\u0259si n\u0259z\u0259rd\u0259 tutulur.<\/p>\n","protected":false},"excerpt":{"rendered":"<p>Bak\u0131 \u015e\u0259h\u0259ri \u00fczr\u0259 T\u0259hsil \u0130dar\u0259sinin (B\u015eT\u0130) tabeliyind\u0259ki \u00fcmumi t\u0259hsil m\u00fc\u0259ssis\u0259l\u0259rind\u0259 ikinci yar\u0131mil\u0259 haz\u0131rl\u0131q m\u0259qs\u0259dil\u0259 Pedaqoji \u015furalar\u0131n iclaslar\u0131n\u0131n ke\u00e7irilm\u0259sin\u0259 ba\u015flan\u0131b. B\u015eT\u0130-d\u0259n\u00a0Musavat.com-a bildirilib ki, ilk olaraq paytaxtdak\u0131 317, 188 n\u00f6mr\u0259li tam orta m\u0259kt\u0259bl\u0259rd\u0259 v\u0259 M\u0259kt\u0259b-Lisey Kompleksind\u0259 ke\u00e7iril\u0259n iclaslarda Elm v\u0259 T\u0259hsil Nazirliyi yan\u0131nda M\u0259kt\u0259b\u0259q\u0259d\u0259r v\u0259 \u00dcmumi T\u0259hsil \u00fczr\u0259 D\u00f6vl\u0259t Agentliyinin (M\u00dcTDA) direktor m\u00fcavini, Agentliyin Bak\u0131 \u015e\u0259h\u0259ri \u00fczr\u0259 T\u0259hsil \u0130dar\u0259sinin m\u00fcdiri v\u0259zif\u0259sini m\u00fcv\u0259qq\u0259ti icra ed\u0259n Mehriban V\u0259liyeva, M\u00dcTDA-n\u0131n direktor m\u00fcavini Orxan Abbasov, B\u015eT\u0130-nin m\u00fcdir m\u00fcavinl\u0259ri X\u0259yal\u0259 \u018fhm\u0259dzad\u0259, Anar M\u0259mm\u0259dov, Elm v\u0259 T\u0259hsil Nazirliyi yan\u0131nda \u0130ctimai \u015euran\u0131n \u00fczv\u00fc P\u0259rvan\u0259 M\u0259mm\u0259dova, Az\u0259rbaycan U\u015faqlar\u0131 \u0130ctimai Birliyinin&hellip;<\/p>\n","protected":false},"author":2,"featured_media":684093,"comment_status":"closed","ping_status":"closed","sticky":false,"template":"","format":"standard","meta":{"om_disable_all_campaigns":false,"_monsterinsights_skip_tracking":false,"_monsterinsights_sitenote_active":false,"_monsterinsights_sitenote_note":"","_monsterinsights_sitenote_category":0},"categories":[1],"tags":[],"aioseo_notices":[],"gutentor_comment":0,"rttpg_featured_image_url":{"full":["https:\/\/arantv.az\/wp-content\/uploads\/2024\/01\/bf74313d9c0f003bf51c6c7c4f2521d8.jpg",870,500,false],"landscape":["https:\/\/arantv.az\/wp-content\/uploads\/2024\/01\/bf74313d9c0f003bf51c6c7c4f2521d8.jpg",870,500,false],"portraits":["https:\/\/arantv.az\/wp-content\/uploads\/2024\/01\/bf74313d9c0f003bf51c6c7c4f2521d8.jpg",870,500,false],"thumbnail":["https:\/\/arantv.az\/wp-content\/uploads\/2024\/01\/bf74313d9c0f003bf51c6c7c4f2521d8-500x280.jpg",500,280,true],"medium":["https:\/\/arantv.az\/wp-content\/uploads\/2024\/01\/bf74313d9c0f003bf51c6c7c4f2521d8-635x365.jpg",635,365,true],"large":["https:\/\/arantv.az\/wp-content\/uploads\/2024\/01\/bf74313d9c0f003bf51c6c7c4f2521d8-840x483.jpg",640,368,true],"1536x1536":["https:\/\/arantv.az\/wp-content\/uploads\/2024\/01\/bf74313d9c0f003bf51c6c7c4f2521d8.jpg",870,500,false],"2048x2048":["https:\/\/arantv.az\/wp-content\/uploads\/2024\/01\/bf74313d9c0f003bf51c6c7c4f2521d8.jpg",870,500,false],"post-thumbnail":["https:\/\/arantv.az\/wp-content\/uploads\/2024\/01\/bf74313d9c0f003bf51c6c7c4f2521d8-240x172.jpg",240,172,true],"advps-thumb-one":["https:\/\/arantv.az\/wp-content\/uploads\/2024\/01\/bf74313d9c0f003bf51c6c7c4f2521d8.jpg",870,500,false]},"rttpg_author":{"display_name":"V\u00fcsal Rafiqo\u011flu","author_link":"https:\/\/arantv.az\/?author=2"},"rttpg_comment":0,"rttpg_category":"<a href=\"https:\/\/arantv.az\/?cat=1\" rel=\"category\">C\u0259miyy\u0259t<\/a>","rttpg_excerpt":"Bak\u0131 \u015e\u0259h\u0259ri \u00fczr\u0259 T\u0259hsil \u0130dar\u0259sinin (B\u015eT\u0130) tabeliyind\u0259ki \u00fcmumi t\u0259hsil m\u00fc\u0259ssis\u0259l\u0259rind\u0259 ikinci yar\u0131mil\u0259 haz\u0131rl\u0131q m\u0259qs\u0259dil\u0259 Pedaqoji \u015furalar\u0131n iclaslar\u0131n\u0131n ke\u00e7irilm\u0259sin\u0259 ba\u015flan\u0131b. B\u015eT\u0130-d\u0259n\u00a0Musavat.com-a bildirilib ki, ilk olaraq paytaxtdak\u0131 317, 188 n\u00f6mr\u0259li tam orta m\u0259kt\u0259bl\u0259rd\u0259 v\u0259 M\u0259kt\u0259b-Lisey Kompleksind\u0259 ke\u00e7iril\u0259n iclaslarda Elm v\u0259 T\u0259hsil Nazirliyi yan\u0131nda M\u0259kt\u0259b\u0259q\u0259d\u0259r v\u0259 \u00dcmumi T\u0259hsil \u00fczr\u0259 D\u00f6vl\u0259t Agentliyinin (M\u00dcTDA) direktor m\u00fcavini, Agentliyin Bak\u0131 \u015e\u0259h\u0259ri \u00fczr\u0259&hellip;","_links":{"self":[{"href":"https:\/\/arantv.az\/index.php?rest_route=\/wp\/v2\/posts\/684092"}],"collection":[{"href":"https:\/\/arantv.az\/index.php?rest_route=\/wp\/v2\/posts"}],"about":[{"href":"https:\/\/arantv.az\/index.php?rest_route=\/wp\/v2\/types\/post"}],"author":[{"embeddable":true,"href":"https:\/\/arantv.az\/index.php?rest_route=\/wp\/v2\/users\/2"}],"replies":[{"embeddable":true,"href":"https:\/\/arantv.az\/index.php?rest_route=%2Fwp%2Fv2%2Fcomments&post=684092"}],"version-history":[{"count":0,"href":"https:\/\/arantv.az\/index.php?rest_route=\/wp\/v2\/posts\/684092\/revisions"}],"wp:featuredmedia":[{"embeddable":true,"href":"https:\/\/arantv.az\/index.php?rest_route=\/wp\/v2\/media\/684093"}],"wp:attachment":[{"href":"https:\/\/arantv.az\/index.php?rest_route=%2Fwp%2Fv2%2Fmedia&parent=684092"}],"wp:term":[{"taxonomy":"category","embeddable":true,"href":"https:\/\/arantv.az\/index.php?rest_route=%2Fwp%2Fv2%2Fcategories&post=684092"},{"taxonomy":"post_tag","embeddable":true,"href":"https:\/\/arantv.az\/index.php?rest_route=%2Fwp%2Fv2%2Ftags&post=684092"}],"curies":[{"name":"wp","href":"https:\/\/api.w.org\/{rel}","templated":true}]}}