{"id":684095,"date":"2024-01-26T17:59:42","date_gmt":"2024-01-26T13:59:42","guid":{"rendered":"https:\/\/arantv.az\/?p=684095"},"modified":"2024-01-26T17:59:42","modified_gmt":"2024-01-26T13:59:42","slug":"23-beyn%c9%99lxalq-media-qurumu-seckil%c9%99ri-izl%c9%99m%c9%99k-ist%c9%99yir","status":"publish","type":"post","link":"https:\/\/arantv.az\/?p=684095","title":{"rendered":"23 beyn\u0259lxalq media qurumu se\u00e7kil\u0259ri izl\u0259m\u0259k ist\u0259yir"},"content":{"rendered":"<p><strong>Prezident se\u00e7kil\u0259rini izl\u0259m\u0259k \u00fc\u00e7\u00fcn 23 beyn\u0259lxalq media qurumu m\u00fcraci\u0259t edib.<\/strong><\/p>\n<p>Bunu M\u0259rk\u0259zi Se\u00e7ki Komissiyas\u0131n\u0131n s\u0259dri M\u0259zahir P\u0259nahov qurumun bu g\u00fcn ke\u00e7iril\u0259n iclas\u0131nda deyib.<\/p>\n<p>Onun s\u00f6zl\u0259rin\u0259 g\u00f6r\u0259, indiy\u0259d\u0259k Yaponiya, T\u00fcrkiy\u0259, Almaniya, \u0130taliya , Rusiya v\u0259 bir s\u0131ra \u00f6lk\u0259l\u0259rd\u0259n 23 beyn\u0259lxalq media qurumunun 61 \u0259m\u0259kda\u015f\u0131 n\u00f6vb\u0259d\u0259nk\u0259nar prezident se\u00e7kil\u0259rini izl\u0259m\u0259k \u00fc\u00e7\u00fcn m\u00fcraci\u0259t edib.<\/p>\n<p>M.P\u0259nahov vur\u011fulay\u0131b ki, n\u00f6vb\u0259d\u0259nk\u0259nar prezident se\u00e7kil\u0259rin\u0259 beyn\u0259lxalq K\u0130V-l\u0259rin mara\u011f\u0131 y\u00fcks\u0259k s\u0259viyy\u0259d\u0259dir.\/\/Report<\/p>\n","protected":false},"excerpt":{"rendered":"<p>Prezident se\u00e7kil\u0259rini izl\u0259m\u0259k \u00fc\u00e7\u00fcn 23 beyn\u0259lxalq media qurumu m\u00fcraci\u0259t edib. Bunu M\u0259rk\u0259zi Se\u00e7ki Komissiyas\u0131n\u0131n s\u0259dri M\u0259zahir P\u0259nahov qurumun bu g\u00fcn ke\u00e7iril\u0259n iclas\u0131nda deyib. Onun s\u00f6zl\u0259rin\u0259 g\u00f6r\u0259, indiy\u0259d\u0259k Yaponiya, T\u00fcrkiy\u0259, Almaniya, \u0130taliya , Rusiya v\u0259 bir s\u0131ra \u00f6lk\u0259l\u0259rd\u0259n 23 beyn\u0259lxalq media qurumunun 61 \u0259m\u0259kda\u015f\u0131 n\u00f6vb\u0259d\u0259nk\u0259nar prezident se\u00e7kil\u0259rini izl\u0259m\u0259k \u00fc\u00e7\u00fcn m\u00fcraci\u0259t edib. M.P\u0259nahov vur\u011fulay\u0131b ki, n\u00f6vb\u0259d\u0259nk\u0259nar prezident se\u00e7kil\u0259rin\u0259 beyn\u0259lxalq K\u0130V-l\u0259rin mara\u011f\u0131 y\u00fcks\u0259k s\u0259viyy\u0259d\u0259dir.\/\/Report<\/p>\n","protected":false},"author":2,"featured_media":684096,"comment_status":"closed","ping_status":"closed","sticky":false,"template":"","format":"standard","meta":{"om_disable_all_campaigns":false,"_monsterinsights_skip_tracking":false,"_monsterinsights_sitenote_active":false,"_monsterinsights_sitenote_note":"","_monsterinsights_sitenote_category":0},"categories":[19],"tags":[],"aioseo_notices":[],"gutentor_comment":0,"rttpg_featured_image_url":{"full":["https:\/\/arantv.az\/wp-content\/uploads\/2024\/01\/c93b1c48b2b2747e37650230f8af02d0.jpg",734,500,false],"landscape":["https:\/\/arantv.az\/wp-content\/uploads\/2024\/01\/c93b1c48b2b2747e37650230f8af02d0.jpg",734,500,false],"portraits":["https:\/\/arantv.az\/wp-content\/uploads\/2024\/01\/c93b1c48b2b2747e37650230f8af02d0.jpg",734,500,false],"thumbnail":["https:\/\/arantv.az\/wp-content\/uploads\/2024\/01\/c93b1c48b2b2747e37650230f8af02d0-500x280.jpg",500,280,true],"medium":["https:\/\/arantv.az\/wp-content\/uploads\/2024\/01\/c93b1c48b2b2747e37650230f8af02d0-536x365.jpg",536,365,true],"large":["https:\/\/arantv.az\/wp-content\/uploads\/2024\/01\/c93b1c48b2b2747e37650230f8af02d0.jpg",640,436,false],"1536x1536":["https:\/\/arantv.az\/wp-content\/uploads\/2024\/01\/c93b1c48b2b2747e37650230f8af02d0.jpg",734,500,false],"2048x2048":["https:\/\/arantv.az\/wp-content\/uploads\/2024\/01\/c93b1c48b2b2747e37650230f8af02d0.jpg",734,500,false],"post-thumbnail":["https:\/\/arantv.az\/wp-content\/uploads\/2024\/01\/c93b1c48b2b2747e37650230f8af02d0-240x172.jpg",240,172,true],"advps-thumb-one":["https:\/\/arantv.az\/wp-content\/uploads\/2024\/01\/c93b1c48b2b2747e37650230f8af02d0.jpg",734,500,false]},"rttpg_author":{"display_name":"V\u00fcsal Rafiqo\u011flu","author_link":"https:\/\/arantv.az\/?author=2"},"rttpg_comment":0,"rttpg_category":"<a href=\"https:\/\/arantv.az\/?cat=19\" rel=\"category\">G\u00fcnd\u0259m<\/a>","rttpg_excerpt":"Prezident se\u00e7kil\u0259rini izl\u0259m\u0259k \u00fc\u00e7\u00fcn 23 beyn\u0259lxalq media qurumu m\u00fcraci\u0259t edib. Bunu M\u0259rk\u0259zi Se\u00e7ki Komissiyas\u0131n\u0131n s\u0259dri M\u0259zahir P\u0259nahov qurumun bu g\u00fcn ke\u00e7iril\u0259n iclas\u0131nda deyib. Onun s\u00f6zl\u0259rin\u0259 g\u00f6r\u0259, indiy\u0259d\u0259k Yaponiya, T\u00fcrkiy\u0259, Almaniya, \u0130taliya , Rusiya v\u0259 bir s\u0131ra \u00f6lk\u0259l\u0259rd\u0259n 23 beyn\u0259lxalq media qurumunun 61 \u0259m\u0259kda\u015f\u0131 n\u00f6vb\u0259d\u0259nk\u0259nar prezident se\u00e7kil\u0259rini izl\u0259m\u0259k \u00fc\u00e7\u00fcn m\u00fcraci\u0259t edib. M.P\u0259nahov vur\u011fulay\u0131b ki, n\u00f6vb\u0259d\u0259nk\u0259nar prezident&hellip;","_links":{"self":[{"href":"https:\/\/arantv.az\/index.php?rest_route=\/wp\/v2\/posts\/684095"}],"collection":[{"href":"https:\/\/arantv.az\/index.php?rest_route=\/wp\/v2\/posts"}],"about":[{"href":"https:\/\/arantv.az\/index.php?rest_route=\/wp\/v2\/types\/post"}],"author":[{"embeddable":true,"href":"https:\/\/arantv.az\/index.php?rest_route=\/wp\/v2\/users\/2"}],"replies":[{"embeddable":true,"href":"https:\/\/arantv.az\/index.php?rest_route=%2Fwp%2Fv2%2Fcomments&post=684095"}],"version-history":[{"count":0,"href":"https:\/\/arantv.az\/index.php?rest_route=\/wp\/v2\/posts\/684095\/revisions"}],"wp:featuredmedia":[{"embeddable":true,"href":"https:\/\/arantv.az\/index.php?rest_route=\/wp\/v2\/media\/684096"}],"wp:attachment":[{"href":"https:\/\/arantv.az\/index.php?rest_route=%2Fwp%2Fv2%2Fmedia&parent=684095"}],"wp:term":[{"taxonomy":"category","embeddable":true,"href":"https:\/\/arantv.az\/index.php?rest_route=%2Fwp%2Fv2%2Fcategories&post=684095"},{"taxonomy":"post_tag","embeddable":true,"href":"https:\/\/arantv.az\/index.php?rest_route=%2Fwp%2Fv2%2Ftags&post=684095"}],"curies":[{"name":"wp","href":"https:\/\/api.w.org\/{rel}","templated":true}]}}