{"id":684099,"date":"2024-01-26T18:58:57","date_gmt":"2024-01-26T14:58:57","guid":{"rendered":"https:\/\/arantv.az\/?p=684099"},"modified":"2024-01-26T18:58:57","modified_gmt":"2024-01-26T14:58:57","slug":"2024-cu-ild%c9%99-iqtisadi-suranin-ilk-iclasi-kecirilib-foto","status":"publish","type":"post","link":"https:\/\/arantv.az\/?p=684099","title":{"rendered":"2024-c\u00fc ild\u0259 \u0130qtisadi \u015euran\u0131n ilk iclas\u0131 ke\u00e7irilib &#8211; FOTO"},"content":{"rendered":"<p>2024-c\u00fc ild\u0259 \u0130qtisadi \u015euran\u0131n ilk iclas\u0131 ke\u00e7irilib.<\/p>\n<p>Bu bar\u0259d\u0259 Nazirl\u0259r Kabinetind\u0259n m\u0259lumat verilib.<\/p>\n<p>Bildirilib ki, \u0130qtisadi \u015euras\u0131n\u0131n s\u0259dri, Ba\u015f nazir \u018fli \u018fs\u0259dovun r\u0259hb\u0259rliyi il\u0259 ke\u00e7iril\u0259n iclas\u0131n g\u00fcnd\u0259liyind\u0259 2023-c\u00fc ilin sosial-iqtisadi inki\u015faf g\u00f6st\u0259ricil\u0259ri, \u0130qtisadi \u015euran\u0131n 2024-c\u00fc il \u00fczr\u0259 F\u0259aliyy\u0259t Plan\u0131, vergi v\u0259 g\u00f6mr\u00fck sah\u0259sind\u0259 verilmi\u015f g\u00fcz\u0259\u015ft v\u0259 azadolmalar\u0131n s\u0259m\u0259r\u0259liliyinin qiym\u0259tl\u0259ndirilm\u0259sinin n\u0259tic\u0259l\u0259ri v\u0259 qiym\u0259tl\u0259ndirilm\u0259 mexanizminin t\u0259kmill\u0259\u015fdirilm\u0259si, Az\u0259rbaycan Respublikas\u0131n\u0131n suveren kredit reytinqinin art\u0131r\u0131lmas\u0131 perspektivl\u0259ri, \u0130qtisadi \u0130slahatlar\u0131n T\u0259hlili v\u0259 Kommunikasiya M\u0259rk\u0259zinin 2023-c\u00fc il \u00fczr\u0259 f\u0259aliyy\u0259t hesabat\u0131, \u0130\u0130TKM-nin 2024-c\u00fc il \u00fc\u00e7\u00fcn F\u0259aliyy\u0259t Plan\u0131 v\u0259 dig\u0259r cari m\u0259s\u0259l\u0259l\u0259r \u0259trafl\u0131 m\u00fczakir\u0259 olunub.<\/p>\n<p>\u0130clasda maliyy\u0259 naziri Samir \u015e\u0259rifovun, maliyy\u0259 nazirinin m\u00fcavini Az\u0259r Bayramovun v\u0259 \u0130qtisadi \u0130slahatlar\u0131n T\u0259hlili v\u0259 Kommunikasiya M\u0259rk\u0259zinin icra\u00e7\u0131 direktoru V\u00fcsal Qas\u0131ml\u0131n\u0131n m\u0259ruz\u0259l\u0259ri dinl\u0259nilib.<\/p>\n<p>\u0130clas\u0131n yekununda \u0130qtisadi \u015euran\u0131n \u00fczvl\u0259rinin r\u0259y v\u0259 t\u0259klifl\u0259ri n\u0259z\u0259r\u0259 al\u0131nmaqla m\u00fczakir\u0259 olunan m\u0259s\u0259l\u0259l\u0259r bar\u0259d\u0259 q\u0259rarlar q\u0259bul olunub v\u0259 aidiyy\u0259ti qurumlara m\u00fcvafiq tap\u015f\u0131r\u0131qlar verilib.<\/p>\n<p>&nbsp;<\/p>\n<div class=\"gallery\">\n<div class=\"gallery-i\"><img src=\"https:\/\/cdn.oxu.az\/uploads\/W1siZiIsIjIwMjQvMDEvMjYvMTgvNTMvMjQvZjM4ODVmNWEtMGRlMC00ZDZlLWEzZWQtMjNjMzViZGU5ZjI5LzY2MzZhOTQxLTlmODEtMzQ5Yy1iOWYxLTg2MTUxYThjMGYwYS5qcGciXSxbInAiLCJlbmNvZGUiLCJqcGciLCItcXVhbGl0eSA4MCJdLFsicCIsInRodW1iIiwiNTkweDU5MFx1MDAzZSJdXQ?sha=dc9e6ec19c445a40\" alt=\"\" \/><\/p>\n<div class=\"gallery-i-caption\"><\/div>\n<\/div>\n<div class=\"gallery-i\"><img src=\"https:\/\/cdn.oxu.az\/uploads\/W1siZiIsIjIwMjQvMDEvMjYvMTgvNTMvMjQvOWE4MDFmNmQtMmNiOC00ZGU5LTg2ODEtYzAwNWYyNmIwOTc2L2M3Nzc1NmRmLWUwNjAtM2RkMy04N2VkLTQ5MGM0MDRkYTI0Mi5qcGciXSxbInAiLCJlbmNvZGUiLCJqcGciLCItcXVhbGl0eSA4MCJdLFsicCIsInRodW1iIiwiNTkweDU5MFx1MDAzZSJdXQ?sha=cc815c7042defce7\" alt=\"\" \/><\/div>\n<\/div>\n","protected":false},"excerpt":{"rendered":"<p>2024-c\u00fc ild\u0259 \u0130qtisadi \u015euran\u0131n ilk iclas\u0131 ke\u00e7irilib. Bu bar\u0259d\u0259 Nazirl\u0259r Kabinetind\u0259n m\u0259lumat verilib. Bildirilib ki, \u0130qtisadi \u015euras\u0131n\u0131n s\u0259dri, Ba\u015f nazir \u018fli \u018fs\u0259dovun r\u0259hb\u0259rliyi il\u0259 ke\u00e7iril\u0259n iclas\u0131n g\u00fcnd\u0259liyind\u0259 2023-c\u00fc ilin sosial-iqtisadi inki\u015faf g\u00f6st\u0259ricil\u0259ri, \u0130qtisadi \u015euran\u0131n 2024-c\u00fc il \u00fczr\u0259 F\u0259aliyy\u0259t Plan\u0131, vergi v\u0259 g\u00f6mr\u00fck sah\u0259sind\u0259 verilmi\u015f g\u00fcz\u0259\u015ft v\u0259 azadolmalar\u0131n s\u0259m\u0259r\u0259liliyinin qiym\u0259tl\u0259ndirilm\u0259sinin n\u0259tic\u0259l\u0259ri v\u0259 qiym\u0259tl\u0259ndirilm\u0259 mexanizminin t\u0259kmill\u0259\u015fdirilm\u0259si, Az\u0259rbaycan Respublikas\u0131n\u0131n suveren kredit reytinqinin art\u0131r\u0131lmas\u0131 perspektivl\u0259ri, \u0130qtisadi \u0130slahatlar\u0131n T\u0259hlili v\u0259 Kommunikasiya M\u0259rk\u0259zinin 2023-c\u00fc il \u00fczr\u0259 f\u0259aliyy\u0259t hesabat\u0131, \u0130\u0130TKM-nin 2024-c\u00fc il \u00fc\u00e7\u00fcn F\u0259aliyy\u0259t Plan\u0131 v\u0259 dig\u0259r cari m\u0259s\u0259l\u0259l\u0259r \u0259trafl\u0131 m\u00fczakir\u0259 olunub. \u0130clasda maliyy\u0259 naziri Samir \u015e\u0259rifovun,&hellip;<\/p>\n","protected":false},"author":2,"featured_media":684100,"comment_status":"closed","ping_status":"closed","sticky":false,"template":"","format":"standard","meta":{"om_disable_all_campaigns":false,"_monsterinsights_skip_tracking":false,"_monsterinsights_sitenote_active":false,"_monsterinsights_sitenote_note":"","_monsterinsights_sitenote_category":0},"categories":[19],"tags":[],"aioseo_notices":[],"gutentor_comment":0,"rttpg_featured_image_url":{"full":["https:\/\/arantv.az\/wp-content\/uploads\/2024\/01\/f346401f-fb7c-3104-8e63-89c9455828c1_850.jpg",620,413,false],"landscape":["https:\/\/arantv.az\/wp-content\/uploads\/2024\/01\/f346401f-fb7c-3104-8e63-89c9455828c1_850.jpg",620,413,false],"portraits":["https:\/\/arantv.az\/wp-content\/uploads\/2024\/01\/f346401f-fb7c-3104-8e63-89c9455828c1_850.jpg",620,413,false],"thumbnail":["https:\/\/arantv.az\/wp-content\/uploads\/2024\/01\/f346401f-fb7c-3104-8e63-89c9455828c1_850-500x280.jpg",500,280,true],"medium":["https:\/\/arantv.az\/wp-content\/uploads\/2024\/01\/f346401f-fb7c-3104-8e63-89c9455828c1_850-548x365.jpg",548,365,true],"large":["https:\/\/arantv.az\/wp-content\/uploads\/2024\/01\/f346401f-fb7c-3104-8e63-89c9455828c1_850.jpg",620,413,false],"1536x1536":["https:\/\/arantv.az\/wp-content\/uploads\/2024\/01\/f346401f-fb7c-3104-8e63-89c9455828c1_850.jpg",620,413,false],"2048x2048":["https:\/\/arantv.az\/wp-content\/uploads\/2024\/01\/f346401f-fb7c-3104-8e63-89c9455828c1_850.jpg",620,413,false],"post-thumbnail":["https:\/\/arantv.az\/wp-content\/uploads\/2024\/01\/f346401f-fb7c-3104-8e63-89c9455828c1_850-240x172.jpg",240,172,true],"advps-thumb-one":["https:\/\/arantv.az\/wp-content\/uploads\/2024\/01\/f346401f-fb7c-3104-8e63-89c9455828c1_850.jpg",620,413,false]},"rttpg_author":{"display_name":"V\u00fcsal Rafiqo\u011flu","author_link":"https:\/\/arantv.az\/?author=2"},"rttpg_comment":0,"rttpg_category":"<a href=\"https:\/\/arantv.az\/?cat=19\" rel=\"category\">G\u00fcnd\u0259m<\/a>","rttpg_excerpt":"2024-c\u00fc ild\u0259 \u0130qtisadi \u015euran\u0131n ilk iclas\u0131 ke\u00e7irilib. Bu bar\u0259d\u0259 Nazirl\u0259r Kabinetind\u0259n m\u0259lumat verilib. Bildirilib ki, \u0130qtisadi \u015euras\u0131n\u0131n s\u0259dri, Ba\u015f nazir \u018fli \u018fs\u0259dovun r\u0259hb\u0259rliyi il\u0259 ke\u00e7iril\u0259n iclas\u0131n g\u00fcnd\u0259liyind\u0259 2023-c\u00fc ilin sosial-iqtisadi inki\u015faf g\u00f6st\u0259ricil\u0259ri, \u0130qtisadi \u015euran\u0131n 2024-c\u00fc il \u00fczr\u0259 F\u0259aliyy\u0259t Plan\u0131, vergi v\u0259 g\u00f6mr\u00fck sah\u0259sind\u0259 verilmi\u015f g\u00fcz\u0259\u015ft v\u0259 azadolmalar\u0131n s\u0259m\u0259r\u0259liliyinin qiym\u0259tl\u0259ndirilm\u0259sinin n\u0259tic\u0259l\u0259ri v\u0259 qiym\u0259tl\u0259ndirilm\u0259 mexanizminin t\u0259kmill\u0259\u015fdirilm\u0259si, Az\u0259rbaycan&hellip;","_links":{"self":[{"href":"https:\/\/arantv.az\/index.php?rest_route=\/wp\/v2\/posts\/684099"}],"collection":[{"href":"https:\/\/arantv.az\/index.php?rest_route=\/wp\/v2\/posts"}],"about":[{"href":"https:\/\/arantv.az\/index.php?rest_route=\/wp\/v2\/types\/post"}],"author":[{"embeddable":true,"href":"https:\/\/arantv.az\/index.php?rest_route=\/wp\/v2\/users\/2"}],"replies":[{"embeddable":true,"href":"https:\/\/arantv.az\/index.php?rest_route=%2Fwp%2Fv2%2Fcomments&post=684099"}],"version-history":[{"count":0,"href":"https:\/\/arantv.az\/index.php?rest_route=\/wp\/v2\/posts\/684099\/revisions"}],"wp:featuredmedia":[{"embeddable":true,"href":"https:\/\/arantv.az\/index.php?rest_route=\/wp\/v2\/media\/684100"}],"wp:attachment":[{"href":"https:\/\/arantv.az\/index.php?rest_route=%2Fwp%2Fv2%2Fmedia&parent=684099"}],"wp:term":[{"taxonomy":"category","embeddable":true,"href":"https:\/\/arantv.az\/index.php?rest_route=%2Fwp%2Fv2%2Fcategories&post=684099"},{"taxonomy":"post_tag","embeddable":true,"href":"https:\/\/arantv.az\/index.php?rest_route=%2Fwp%2Fv2%2Ftags&post=684099"}],"curies":[{"name":"wp","href":"https:\/\/api.w.org\/{rel}","templated":true}]}}