{"id":684102,"date":"2024-01-26T18:59:36","date_gmt":"2024-01-26T14:59:36","guid":{"rendered":"https:\/\/arantv.az\/?p=684102"},"modified":"2024-01-26T18:59:36","modified_gmt":"2024-01-26T14:59:36","slug":"pasinyan-ir%c9%99vanla-baki-arasinda-razilasma-regionda-sulhun-%c9%99sasi-olacaq","status":"publish","type":"post","link":"https:\/\/arantv.az\/?p=684102","title":{"rendered":"Pa\u015finyan: \u201c\u0130r\u0259vanla Bak\u0131 aras\u0131nda raz\u0131la\u015fma regionda s\u00fclh\u00fcn \u0259sas\u0131 olacaq\u201d"},"content":{"rendered":"<p>\u201cErm\u0259nistanla Az\u0259rbaycan aras\u0131nda s\u00fclh m\u00fcqavil\u0259sinin imzalanmas\u0131 regionda s\u00fclh\u00fcn b\u0259rq\u0259rar olmas\u0131na s\u0259b\u0259b olacaq\u201d.<\/p>\n<p>Bunu Erm\u0259nistan\u0131n ba\u015f naziri Nikol Pa\u015finyan Tbilisid\u0259 g\u00fcrc\u00fcstanl\u0131 h\u0259mkar\u0131 \u0130rakli Qariba\u015fvili il\u0259 dan\u0131\u015f\u0131qlardan sonra ke\u00e7iril\u0259n brifinqd\u0259 deyib.<\/p>\n<p>\u201cYaln\u0131z biz \u00fcmumi olaraq q\u0259bul edilmi\u015f prinsipl\u0259r\u0259 \u0259saslanan s\u00fclh sazi\u015fini (Az\u0259rbaycanla \u2013 red.) raz\u0131la\u015fd\u0131r\u0131b imzalayandan sonra regionda s\u00fclh \u0259ld\u0259 olunacaq\u201d, &#8211; dey\u0259 Pa\u015finyan bildirib.<\/p>\n<p>O \u0259lav\u0259 edib ki, sazi\u015f \u00fcz\u0259rind\u0259 i\u015f h\u0259l\u0259 d\u0259 davam edir.<\/p>\n<p>Qey ed\u0259k ki, Pa\u015finyan c\u00fcm\u0259 g\u00fcn\u00fc Tbilisiy\u0259 i\u015fg\u00fczar s\u0259f\u0259r\u0259 gedib. O, art\u0131q G\u00fcrc\u00fcstan\u0131n ba\u015f naziri il\u0259 t\u0259kb\u0259t\u0259k dan\u0131\u015f\u0131qlar apar\u0131b. Daha sonra t\u0259r\u0259fl\u0259r Erm\u0259nistan v\u0259 G\u00fcrc\u00fcstan aras\u0131nda iqtisadi \u0259m\u0259kda\u015fl\u0131q \u00fczr\u0259 h\u00f6kum\u0259tl\u0259raras\u0131 komissiyan\u0131n 13-c\u00fc iclas\u0131n\u0131 ke\u00e7iribl\u0259r.<\/p>\n<p>M\u0259nb\u0259: TASS<\/p>\n","protected":false},"excerpt":{"rendered":"<p>\u201cErm\u0259nistanla Az\u0259rbaycan aras\u0131nda s\u00fclh m\u00fcqavil\u0259sinin imzalanmas\u0131 regionda s\u00fclh\u00fcn b\u0259rq\u0259rar olmas\u0131na s\u0259b\u0259b olacaq\u201d. Bunu Erm\u0259nistan\u0131n ba\u015f naziri Nikol Pa\u015finyan Tbilisid\u0259 g\u00fcrc\u00fcstanl\u0131 h\u0259mkar\u0131 \u0130rakli Qariba\u015fvili il\u0259 dan\u0131\u015f\u0131qlardan sonra ke\u00e7iril\u0259n brifinqd\u0259 deyib. \u201cYaln\u0131z biz \u00fcmumi olaraq q\u0259bul edilmi\u015f prinsipl\u0259r\u0259 \u0259saslanan s\u00fclh sazi\u015fini (Az\u0259rbaycanla \u2013 red.) raz\u0131la\u015fd\u0131r\u0131b imzalayandan sonra regionda s\u00fclh \u0259ld\u0259 olunacaq\u201d, &#8211; dey\u0259 Pa\u015finyan bildirib. O \u0259lav\u0259 edib ki, sazi\u015f \u00fcz\u0259rind\u0259 i\u015f h\u0259l\u0259 d\u0259 davam edir. Qey ed\u0259k ki, Pa\u015finyan c\u00fcm\u0259 g\u00fcn\u00fc Tbilisiy\u0259 i\u015fg\u00fczar s\u0259f\u0259r\u0259 gedib. O, art\u0131q G\u00fcrc\u00fcstan\u0131n ba\u015f naziri il\u0259 t\u0259kb\u0259t\u0259k dan\u0131\u015f\u0131qlar apar\u0131b. Daha sonra t\u0259r\u0259fl\u0259r Erm\u0259nistan v\u0259 G\u00fcrc\u00fcstan aras\u0131nda&hellip;<\/p>\n","protected":false},"author":2,"featured_media":684103,"comment_status":"closed","ping_status":"closed","sticky":false,"template":"","format":"standard","meta":{"om_disable_all_campaigns":false,"_monsterinsights_skip_tracking":false,"_monsterinsights_sitenote_active":false,"_monsterinsights_sitenote_note":"","_monsterinsights_sitenote_category":0},"categories":[7],"tags":[],"aioseo_notices":[],"gutentor_comment":0,"rttpg_featured_image_url":{"full":["https:\/\/arantv.az\/wp-content\/uploads\/2024\/01\/416371675_262189980090879_4968073578073762415_n.jpg",620,413,false],"landscape":["https:\/\/arantv.az\/wp-content\/uploads\/2024\/01\/416371675_262189980090879_4968073578073762415_n.jpg",620,413,false],"portraits":["https:\/\/arantv.az\/wp-content\/uploads\/2024\/01\/416371675_262189980090879_4968073578073762415_n.jpg",620,413,false],"thumbnail":["https:\/\/arantv.az\/wp-content\/uploads\/2024\/01\/416371675_262189980090879_4968073578073762415_n-500x280.jpg",500,280,true],"medium":["https:\/\/arantv.az\/wp-content\/uploads\/2024\/01\/416371675_262189980090879_4968073578073762415_n-548x365.jpg",548,365,true],"large":["https:\/\/arantv.az\/wp-content\/uploads\/2024\/01\/416371675_262189980090879_4968073578073762415_n.jpg",620,413,false],"1536x1536":["https:\/\/arantv.az\/wp-content\/uploads\/2024\/01\/416371675_262189980090879_4968073578073762415_n.jpg",620,413,false],"2048x2048":["https:\/\/arantv.az\/wp-content\/uploads\/2024\/01\/416371675_262189980090879_4968073578073762415_n.jpg",620,413,false],"post-thumbnail":["https:\/\/arantv.az\/wp-content\/uploads\/2024\/01\/416371675_262189980090879_4968073578073762415_n-240x172.jpg",240,172,true],"advps-thumb-one":["https:\/\/arantv.az\/wp-content\/uploads\/2024\/01\/416371675_262189980090879_4968073578073762415_n.jpg",620,413,false]},"rttpg_author":{"display_name":"V\u00fcsal Rafiqo\u011flu","author_link":"https:\/\/arantv.az\/?author=2"},"rttpg_comment":0,"rttpg_category":"<a href=\"https:\/\/arantv.az\/?cat=7\" rel=\"category\">D\u00fcnya<\/a>","rttpg_excerpt":"\u201cErm\u0259nistanla Az\u0259rbaycan aras\u0131nda s\u00fclh m\u00fcqavil\u0259sinin imzalanmas\u0131 regionda s\u00fclh\u00fcn b\u0259rq\u0259rar olmas\u0131na s\u0259b\u0259b olacaq\u201d. Bunu Erm\u0259nistan\u0131n ba\u015f naziri Nikol Pa\u015finyan Tbilisid\u0259 g\u00fcrc\u00fcstanl\u0131 h\u0259mkar\u0131 \u0130rakli Qariba\u015fvili il\u0259 dan\u0131\u015f\u0131qlardan sonra ke\u00e7iril\u0259n brifinqd\u0259 deyib. \u201cYaln\u0131z biz \u00fcmumi olaraq q\u0259bul edilmi\u015f prinsipl\u0259r\u0259 \u0259saslanan s\u00fclh sazi\u015fini (Az\u0259rbaycanla \u2013 red.) raz\u0131la\u015fd\u0131r\u0131b imzalayandan sonra regionda s\u00fclh \u0259ld\u0259 olunacaq\u201d, &#8211; dey\u0259 Pa\u015finyan bildirib. O \u0259lav\u0259&hellip;","_links":{"self":[{"href":"https:\/\/arantv.az\/index.php?rest_route=\/wp\/v2\/posts\/684102"}],"collection":[{"href":"https:\/\/arantv.az\/index.php?rest_route=\/wp\/v2\/posts"}],"about":[{"href":"https:\/\/arantv.az\/index.php?rest_route=\/wp\/v2\/types\/post"}],"author":[{"embeddable":true,"href":"https:\/\/arantv.az\/index.php?rest_route=\/wp\/v2\/users\/2"}],"replies":[{"embeddable":true,"href":"https:\/\/arantv.az\/index.php?rest_route=%2Fwp%2Fv2%2Fcomments&post=684102"}],"version-history":[{"count":0,"href":"https:\/\/arantv.az\/index.php?rest_route=\/wp\/v2\/posts\/684102\/revisions"}],"wp:featuredmedia":[{"embeddable":true,"href":"https:\/\/arantv.az\/index.php?rest_route=\/wp\/v2\/media\/684103"}],"wp:attachment":[{"href":"https:\/\/arantv.az\/index.php?rest_route=%2Fwp%2Fv2%2Fmedia&parent=684102"}],"wp:term":[{"taxonomy":"category","embeddable":true,"href":"https:\/\/arantv.az\/index.php?rest_route=%2Fwp%2Fv2%2Fcategories&post=684102"},{"taxonomy":"post_tag","embeddable":true,"href":"https:\/\/arantv.az\/index.php?rest_route=%2Fwp%2Fv2%2Ftags&post=684102"}],"curies":[{"name":"wp","href":"https:\/\/api.w.org\/{rel}","templated":true}]}}