{"id":684211,"date":"2024-01-26T23:05:17","date_gmt":"2024-01-26T19:05:17","guid":{"rendered":"https:\/\/arantv.az\/?p=684211"},"modified":"2024-01-26T23:05:17","modified_gmt":"2024-01-26T19:05:17","slug":"avropa-yoxsa-erm%c9%99ni-surasi-alman-deputat-svaben-haqqinda-sensasion-m%c9%99lumatlar-ekskluziv","status":"publish","type":"post","link":"https:\/\/arantv.az\/?p=684211","title":{"rendered":"Avropa &#8230;yoxsa &#8230;erm\u0259ni \u015euras\u0131? &#8211; alman deputat \u015evaben haqq\u0131nda sensasion m\u0259lumatlar &#8211; EKSKL\u00dcZ\u0130V"},"content":{"rendered":"<h3><em><strong>Avropa \u015euras\u0131 Parlament Assambleyas\u0131 (A\u015ePA) q\u0131\u015f sessiyas\u0131nda Az\u0259rbaycan n\u00fcmay\u0259nd\u0259 hey\u0259tinin etimadnam\u0259si t\u0259sdiql\u0259nm\u0259m\u0259si \u00fc\u00e7\u00fcn x\u00fcsusi canf\u0259\u015fanl\u0131q ed\u0259n almaniyal\u0131 deputat Frank \u015evaben<\/strong><\/em><\/h3>\n<p>(Frank Schwabe) 2016-c\u0131 ild\u0259 (2 iyun) Almaniya parlamentind\u0259 qondarma erm\u0259ni genosidinin tan\u0131nmas\u0131 \u00fc\u00e7\u00fcn h\u0259r\u0259k\u0259t\u0259 ke\u00e7mi\u015fdi. Y\u0259ni Frank \u015evabe (Schwabe) erm\u0259ni lobbisinin sat\u0131n ald\u0131\u011f\u0131 siyas\u0259t\u00e7il\u0259rd\u0259n biridir.<\/p>\n<p>O da ayd\u0131nd\u0131r ki, onun Az\u0259rbaycana qar\u015f\u0131 haz\u0131rlad\u0131\u011f\u0131 &#8220;t\u0259\u015f\u0259bb\u00fcs&#8221; g\u00f6yd\u0259n d\u00fc\u015fm\u0259yib, \u0259vv\u0259lc\u0259d\u0259n \u0259n y\u00fcks\u0259k s\u0259viyy\u0259d\u0259 haz\u0131rlan\u0131b.<\/p>\n<p>Xat\u0131rlad\u0131m ki, Frank Schwabe 2019-cu ild\u0259 Almaniya parlamentind\u0259 \u00e7\u0131x\u0131\u015f\u0131 zaman\u0131 Az\u0259rbaycan\u0131 m\u00fcdafi\u0259 etmi\u015f deputat h\u0259mkar\u0131 Karin Strenz-i korrupsiyada ittiham etmi\u015fdi. Onun iddias\u0131ndan sonra xan\u0131m deputat\u0131n toxunulmazl\u0131\u011f\u0131n\u0131 qald\u0131rd\u0131lar. Yaz\u0131q qad\u0131n qorxusundan 2021-ci ild\u0259 53 ya\u015f\u0131nda d\u00fcnyas\u0131n\u0131 d\u0259yi\u015fdi. Dem\u0259li, adam \u00f6z\u00fc erm\u0259ni lobbisind\u0259n pul al\u0131r, h\u0259l\u0259 \u00fcst\u0259lik guya &#8220;Az\u0259rbaycandan pul alan&#8221; Karin Strenz\u0259 qar\u015f\u0131 \u00e7\u0131x\u0131r&#8230;<\/p>\n<p>Erm\u0259nil\u0259r Q\u0259rbd\u0259 el\u0259 bir atmosfer yarad\u0131blar ki, Az\u0259rbaycan\u0131n pulunu al\u0131b Az\u0259rbaycan\u0131 m\u00fcdafi\u0259 etm\u0259k korrupsiya say\u0131l\u0131r, erm\u0259nil\u0259rin pulunu al\u0131b Erm\u0259nistan\u0131 m\u00fcdafi\u0259 etm\u0259k is\u0259 \u0259sl demokratl\u0131qd\u0131r&#8230;<\/p>\n<p>Mustafas\u0131 budur ki, Frank Schwabe erm\u0259nil\u0259rin dostu, T\u00fcrkiy\u0259 v\u0259 Az\u0259rbaycan\u0131n is\u0259 d\u00fc\u015fm\u0259nidir.<\/p>\n<p>Daha iki t\u00fcrk d\u00fc\u015fm\u0259ni haqq\u0131nda da s\u00f6hb\u0259t a\u00e7acam.<\/p>\n<h4><strong>2009-2019-cu ill\u0259rd\u0259 Frank Engel (1975) Avropa Parlamentinin \u00fczv\u00fc olub.<\/strong>\u00a0O, d\u0259f\u0259l\u0259rl\u0259 ke\u00e7mi\u015f Da\u011fl\u0131q Qaraba\u011fa s\u0259f\u0259r edib, &#8220;Da\u011fl\u0131q Qaraba\u011f\u0131n m\u00fcst\u0259qilliyinin z\u0259ruriliyini&#8221; \u0259sasland\u0131rma\u011fa \u00e7al\u0131\u015f\u0131b. T\u0259qdim etdiyim fotolar\u0131n birind\u0259 o, erm\u0259ni milli paltar\u0131nda erm\u0259ni sevgilisi il\u0259 birlikd\u0259 yer al\u0131r.<\/h4>\n<p><img loading=\"lazy\" src=\"https:\/\/cdn.musavat.com\/news\/thumbnails\/eca4002b3f5633c3acb8744c2ad778b1.jpg\" alt=\"202b68ba-78ad-4343-a6d4-156d637bd8a5.jpg (57 KB)\" width=\"300\" height=\"500\" \/><\/p>\n<p><strong>O, 2016-c\u0131 ilin aprelind\u0259 ke\u00e7mi\u015f Da\u011fl\u0131q Qaraba\u011fdak\u0131 separat\u00e7\u0131 rejiml\u0259 ba\u011fl\u0131 Avropa Parlamentind\u0259ki \u00e7\u0131x\u0131\u015f\u0131nda bel\u0259 deyir: \u201cYegan\u0259 \u00e7\u0131x\u0131\u015f yolu Da\u011fl\u0131q Qaraba\u011f\u0131n m\u00fcst\u0259qilliyinin tan\u0131nmas\u0131d\u0131r, \u00e7\u00fcnki Az\u0259rbaycan i\u015f\u011fal\u00e7\u0131 \u00f6lk\u0259dir, 24 il \u0259vv\u0259l i\u015f\u011fal\u00e7\u0131 \u00f6lk\u0259 olub v\u0259 at\u0259\u015fk\u0259si daim pozub. Bak\u0131 qatil Ramil S\u0259f\u0259rovu v\u0259sf edir v\u0259 hesab edir ki, erm\u0259nil\u0259r b\u00f6lg\u0259d\u0259n yoxa \u00e7\u0131xmal\u0131d\u0131rlar\u201d&#8230;<\/strong><\/p>\n<p>Frank Engel erm\u0259ni sevgilisi- Tatev Manukyanla &#8220;Da\u011fl\u0131q Qaraba\u011fda&#8221; toy etm\u0259y\u0259 haz\u0131rla\u015f\u0131rd\u0131lar. Bu, toy oldumu, olmad\u0131m\u0131, d\u0259qiq bilinmir. \u00c7\u00fcnki r\u0259smi t\u0259rc\u00fcmeyi-hal\u0131nda Frank evli birisi kimi t\u0259qdim olunmur. Ola bil\u0259r ki, dost h\u0259yat\u0131 ya\u015fay\u0131rlar&#8230;<\/p>\n<p>\u00d6n\u0259mli olan ba\u015fqa m\u0259qamd\u0131r. Erm\u0259ni xan\u0131m milli paltardak\u0131 \u015f\u0259kilin tarix\u00e7\u0259si il\u0259 ba\u011fl\u0131 deyir ki, 4 g\u00fcnl\u00fck d\u00f6y\u00fc\u015fl\u0259rl\u0259rd\u0259n (1-4 Aprel d\u00f6y\u00fc\u015fl\u0259ri, 2016-c\u0131 il) sonra Frankla d\u00f6y\u00fc\u015fl\u0259rl\u0259 \u0259laq\u0259li q\u0131z\u011f\u0131n m\u00fcbahis\u0259l\u0259r etdik. Frank m\u0259n\u0259 dedi: \u201cOnlar (az\u0259rbaycanl\u0131lar) bir millimetr d\u0259 olsa (erm\u0259nil\u0259rd\u0259n) torpaq ala bilm\u0259y\u0259c\u0259kl\u0259r. Laz\u0131m olsa, m\u0259n d\u0259 h\u0259rbi forma geyin\u0259c\u0259m\u201d. Sanki b\u0259d\u0259nimd\u0259n il\u0131q bir c\u0259r\u0259yan ke\u00e7di, onun \u00fcz\u00fcn\u0259 g\u00fcl\u00fcms\u0259dim v\u0259 dedim: \u201cBu dedikl\u0259rin \u201cM\u0259n s\u0259ni sevir\u0259m\u201d dem\u0259kd\u0259n daha t\u0259sirli oldu\u201d&#8230;<\/p>\n<p>44 g\u00fcnl\u00fck m\u00fcharib\u0259d\u0259 herr Frank Engel Erm\u0259nistan Ordusunun h\u0259rbi paltar\u0131n\u0131 geydimi? M\u0259nc\u0259, yox. Geys\u0259ydi, h\u0259r halda onun bu &#8220;q\u0259hr\u0259manl\u0131\u011f\u0131ndan&#8221; x\u0259b\u0259r tutard\u0131q. \u018fn az\u0131, erm\u0259ni t\u0259bli\u011fat ma\u015f\u0131n\u0131 bu m\u0259s\u0259l\u0259d\u0259n dolay\u0131 b\u00fct\u00fcn d\u00fcnyaya hay salard\u0131.<\/p>\n<p>2018-ci ilin fevral\u0131nda Frank Engel Avropa Parlamentinin dig\u0259r 3 \u00fczv\u00fc il\u0259 birlikd\u0259 (Onlar\u0131n aras\u0131nda \u00e7exiyadan olan Jarom\u00edr \u0160t\u011btina da vard\u0131. O, rus dilind\u0259 erm\u0259ni l\u0259hc\u0259si il\u0259 dan\u0131\u015f\u0131rd\u0131. Y\u0259ni o d\u0259r\u0259c\u0259d\u0259 erm\u0259ni idi.) Kiprd\u0259n olan deputat \u0415\u043b\u0435\u043d\u0438 \u0422\u0435\u043e\u0445\u0430\u0440\u0443\u0441 da onlarla birlikd\u0259 idi; Ke\u00e7mi\u015f Da\u011fl\u0131q Qaraba\u011fa, Az\u0259rbaycan\u0131n i\u015f\u011faldak\u0131 torpaqlar\u0131na qanunsuz s\u0259f\u0259r etmi\u015fdil\u0259r. O zaman bizim Respublika Prokurorlu\u011fu onlara qar\u015f\u0131 cinay\u0259t i\u015fi a\u00e7m\u0131\u015fd\u0131. O vaxt Avropa Parlamenti b\u0259yan etdi ki, h\u0259min deputatlar\u0131n Da\u011fl\u0131q Qaraba\u011fa gedi\u015fi Avropa parlamentinin r\u0259smi m\u00f6vqeyin\u0259 ziddir&#8230;<\/p>\n<p><img loading=\"lazy\" src=\"https:\/\/cdn.musavat.com\/news\/thumbnails\/dbb4d49e7a1b79d4146e52c2182d6f34.jpg\" alt=\"7c74b03b-f511-4be8-94c3-30a325a967e9.jpg (49 KB)\" width=\"600\" height=\"378\" \/><\/p>\n<p><strong>Frank Engel<\/strong><\/p>\n<p>\u018fn maraql\u0131s\u0131 is\u0259 odur ki, c\u0259nab Engel Avropa Parlamentind\u0259 M\u00fct\u0259\u015f\u0259kkil Cinay\u0259tkarl\u0131q, Korrupsiya v\u0259 \u00c7irkli Pullar\u0131n Yuyulmas\u0131 Komit\u0259sinin (CRIM) s\u0259dr m\u00fcavini olub v\u0259 \u0259vv\u0259ll\u0259r korrupsiyaya qar\u015f\u0131 m\u00fcbariz\u0259nin \u00f6n\u00fcnd\u0259 ged\u0259n Engel L\u00fcksemburq Xristian Sosial Xalq Partiyas\u0131n\u0131n s\u0259drliyind\u0259n istefa verm\u0259k zounda qal\u0131b. Niy\u0259? \u00c7\u00fcnki o, \u00f6z\u00fc korrupsiyada \u015f\u00fcbh\u0259li bilinib. 2021-ci ilin oktyabr\u0131nda bu m\u0259s\u0259l\u0259 il\u0259 ba\u011fl\u0131 cinay\u0259t i\u015fi a\u00e7\u0131l\u0131b&#8230;<\/p>\n<h4><strong>1965-ci il do\u011fumlu Martin Hans Sonneborn 2014-c\u00fc ild\u0259n b\u0259ri Avropa Parlametind\u0259 yer al\u0131r.<\/strong>\u00a0Onun da xan\u0131m\u0131 Frau Claudia Toursarkissian \u0259sl\u0259n erm\u0259nidir v\u0259 c\u0259nab Sonnebornun h\u0259min xan\u0131mdan 2 q\u0131z\u0131 var.<\/h4>\n<p>Almaniyaya m\u0259xsus \u201cweltexpress.info\u201d sayt\u0131 2019-cu ild\u0259 \u201cWelche Gr\u00fcnde stecken hinter den Besuchen von EU-Abgeordneten in der separatistischen Region Bergkarabach? \u2013 Stehen EU-Abgeordnete im Dienst des armenischen Separatismus?\u201d (Avropa Parlamentinin deputatlar\u0131n\u0131n separat\u00e7\u0131 Da\u011fl\u0131q Qaraba\u011f b\u00f6lg\u0259sin\u0259 s\u0259f\u0259rl\u0259rinin arxas\u0131nda hans\u0131 m\u0259qs\u0259dl\u0259r dayan\u0131r? \u2013 Avropa Parlamentinin deputatlar\u0131 erm\u0259ni separatizmin\u0259 xidm\u0259t edirmi?) adl\u0131 m\u0259qal\u0259 il\u0259 \u00e7\u0131x\u0131\u015f edib. G\u00f6rd\u00fcy\u00fcn\u00fcz kimi, Almaniyada da rasional d\u00fc\u015f\u00fcn\u0259nl\u0259r var. H\u0259min m\u0259qal\u0259d\u0259n sad\u0259c\u0259 iki m\u0259qam\u0131 vur\u011fulayacam. M\u0259qal\u0259nin m\u00fc\u0259llifi soru\u015fur: \u201cMartin Sonnebornun Avropa d\u0259y\u0259rl\u0259rin\u0259 qar\u015f\u0131 h\u0259r\u0259k\u0259t\u0259 ke\u00e7m\u0259sin\u0259 s\u0259b\u0259b n\u0259dir? Avropa Parlamentinin deputat\u0131 separat\u00e7\u0131lar\u0131n idar\u0259 etdiyi \u00f6lk\u0259l\u0259rl\u0259 maraqlan\u0131rsa, niy\u0259 Osetiya, Abxaziya v\u0259 Kr\u0131ma da s\u0259f\u0259r etmir, niy\u0259 yaln\u0131z erm\u0259ni separat\u00e7\u0131lar\u0131n\u0131n idar\u0259 etdiyi Da\u011fl\u0131q Qaraba\u011fa gedir? O, az\u0259rbaycanl\u0131lar\u0131 \u201ck\u00f6\u00e7\u0259ri tatarlar\u201d kimi xarakteriz\u0259 edir v\u0259 avropal\u0131 turistl\u0259rin qondarma respublikaya s\u0259f\u0259rl\u0259rini t\u0259\u015fkil etm\u0259k arzusunu ifad\u0259 edir\u201d&#8230;<\/p>\n<p><img loading=\"lazy\" src=\"https:\/\/cdn.musavat.com\/news\/thumbnails\/e7c562d96ddd122dc452857197bf6c36.jpg\" alt=\"d7e9a5b8-e293-45e6-a089-ae4630d17dfa.jpg (59 KB)\" width=\"600\" height=\"400\" \/><\/p>\n<p><strong>Martin Sonneborn v\u0259 A\u015fot Qulyan<\/strong><\/p>\n<p>&nbsp;<\/p>\n<p>Diqq\u0259t edirsizmi? Az\u0259rbaycanl\u0131lara \u201ck\u00f6\u00e7\u0259ri tatarlar\u201d dey\u0259n Avropa Parlamentind\u0259 niy\u0259 oturur? Avropa parlamenti fa\u015fistl\u0259r\u0259mi qucaq a\u00e7\u0131b?&#8230;<\/p>\n<p>M\u00fc\u0259llif Osetiya, Abxaziya v\u0259 Kr\u0131m\u0131 soru\u015fur. M\u0259n is\u0259 sual\u0131 daha geni\u015f qoyard\u0131m. Avropada 260 separat\u00e7\u0131 h\u0259r\u0259kat var. Niy\u0259 Avropa Parlamentinin deputatlar\u0131 oralara separatizm\u0259 d\u0259st\u0259k anlam\u0131nda s\u0259f\u0259r etmirl\u0259r? \u00c7\u00fcnki bu domino effekti ver\u0259r v\u0259 Avropa \u0130ttifaq\u0131n\u0131 darmada\u011f\u0131n ed\u0259r. Fikir verin, avropal\u0131 deputatlar Avropada v\u0259 b\u00fct\u00f6vl\u00fckd\u0259 Q\u0259rbd\u0259 separatizm\u0259 qar\u015f\u0131d\u0131rlar, ancaq Az\u0259rbaycan v\u0259 T\u00fcrkiy\u0259d\u0259 is\u0259 iki\u0259lli separatizm\u0259 d\u0259st\u0259k verirl\u0259r. Az\u0259rbaycan insan\u0131 bu sual \u0259traf\u0131nda ciddi \u015f\u0259kild\u0259, \u00f6z\u00fc d\u0259 d\u00f6n\u0259-d\u00f6n\u0259 d\u00fc\u015f\u00fcnm\u0259lidir. Niy\u0259 bel\u0259dir? M\u0259ntiq deyir ki, Q\u0259rb Ukraynada Rusiyan\u0131n d\u0259st\u0259k verdiyi separatizm\u0259 qar\u015f\u0131 vuru\u015fur. Niy\u0259 Ukraynada separatizm\u0259 qar\u015f\u0131 m\u00fcharib\u0259 aparan Q\u0259rb Az\u0259rbaycanda separatizm\u0259 d\u0259st\u0259k verir? Bu suala \u00f6z\u00fcn\u00fc demokrat adland\u0131ran k\u0259simin cavab\u0131 varm\u0131? Varsa, bu suala onlar\u0131n cavab\u0131n\u0131 dinl\u0259m\u0259k \u00e7ox maraql\u0131 olard\u0131&#8230;<\/p>\n<p><strong>\u0130kinci m\u0259qama diqq\u0259t edin:<\/strong>\u00a0\u201cM\u0259nim h\u0259yat yolda\u015f\u0131m erm\u0259nidir. M\u0259n bundan \u0259vv\u0259l Avropa \u0130ttifaq\u0131n\u0131 T\u00fcrkiy\u0259nin \u00fczvl\u00fcy\u00fcn\u00fc q\u0259bul etm\u0259y\u0259 \u00e7a\u011f\u0131rm\u0131\u015fd\u0131m. Ail\u0259 quran kimi fikrimi d\u0259yi\u015fdim. Partiyam\u0131z hakimiyy\u0259t\u0259 g\u0259ls\u0259, t\u00fcrkl\u0259r he\u00e7 vaxt A\u0130-y\u0259 daxil ola bilm\u0259y\u0259c\u0259kl\u0259r\u201d, &#8211; Sonneborn bildirib.<\/p>\n<p><strong>M\u0259qal\u0259nin m\u00fc\u0259llifi soru\u015fur:<\/strong>\u00a0\u201cSonneborn siyasi f\u0259aliyy\u0259tind\u0259 \u00f6z \u015f\u0259xsi hissl\u0259rinin alman vergi \u00f6d\u0259yicil\u0259rinin maraqlar\u0131ndan v\u0259 Avropa d\u0259y\u0259rl\u0259rind\u0259n \u00fcst\u00fcn tutur v\u0259 bunu ona bildirm\u0259yin vaxt\u0131 \u00e7at\u0131b, yoxsa b\u00fct\u00fcn bunlar satirad\u0131r?\u201d Bu satira s\u00f6hb\u0259ti haradan \u00e7\u0131xd\u0131? C\u0259nab Martin Hans Sonneborn 1995-ci ild\u0259 \u201dEulenspiegel\u201d adl\u0131 satirik jurnalda i\u015fl\u0259yib&#8230;<\/p>\n<p><strong>M\u0259qal\u0259nin haz\u0131rlanmas\u0131nda istinad edil\u0259n qaynaqlar:\u00a0<\/strong><\/p>\n<p><a href=\"https:\/\/rusarminfo.ru\/2017\/04\/12\/armyanskaya-nevesta-deputata-evroparlamenta-i-svadba-v-karabaxe-podrobnosti\/\" target=\"_blank\" rel=\"noopener\">https:\/\/rusarminfo.ru\/2017\/04\/12\/armyanskaya-nevesta-deputata-evroparlamenta-i-svadba-v-karabaxe-podrobnosti\/<\/a><\/p>\n<p><a href=\"https:\/\/weltexpress.info\/welche-gruende-stecken-hinter-den-besuchen-von-eu-abgeordneten-in-der-separatistischen-region-bergkarabach-stehen-eu-abgeordnete-im-dienst-des-armenischen-separatismus\/\" target=\"_blank\" rel=\"noopener\">https:\/\/weltexpress.info\/welche-gruende-stecken-hinter-den-besuchen-von-eu-abgeordneten-in-der-separatistischen-region-bergkarabach-stehen-eu-abgeordnete-im-dienst-des-armenischen-separatismus\/<\/a><\/p>\n<p><a href=\"https:\/\/gisher.news\/ru\/politics\/deputati-evroparliamenta-prizivayut-priznat-nezavisimost-nkr.html\" target=\"_blank\" rel=\"noopener\">https:\/\/gisher.news\/ru\/politics\/deputati-evroparliamenta-prizivayut-priznat-nezavisimost-nkr.html<\/a><\/p>\n<p>&nbsp;<\/p>\n<p>&nbsp;<\/p>\n<p>&nbsp;<\/p>\n<div class=\"news-author text-left\"><a href=\"https:\/\/www.musavat.com\/author\/elbeyi-hesenli-surix_27\"><img class=\"img-responsive img-author\" src=\"https:\/\/cdn.musavat.com\/authors\/thumbnails\/cfd7ef3a106a8fd69652aadefe26de73.jpg\" \/>Elb\u0259yi H\u018fS\u018fNL\u0130, S\u00dcR\u0130X<\/a><\/div>\n","protected":false},"excerpt":{"rendered":"<p>Avropa \u015euras\u0131 Parlament Assambleyas\u0131 (A\u015ePA) q\u0131\u015f sessiyas\u0131nda Az\u0259rbaycan n\u00fcmay\u0259nd\u0259 hey\u0259tinin etimadnam\u0259si t\u0259sdiql\u0259nm\u0259m\u0259si \u00fc\u00e7\u00fcn x\u00fcsusi canf\u0259\u015fanl\u0131q ed\u0259n almaniyal\u0131 deputat Frank \u015evaben (Frank Schwabe) 2016-c\u0131 ild\u0259 (2 iyun) Almaniya parlamentind\u0259 qondarma erm\u0259ni genosidinin tan\u0131nmas\u0131 \u00fc\u00e7\u00fcn h\u0259r\u0259k\u0259t\u0259 ke\u00e7mi\u015fdi. Y\u0259ni Frank \u015evabe (Schwabe) erm\u0259ni lobbisinin sat\u0131n ald\u0131\u011f\u0131 siyas\u0259t\u00e7il\u0259rd\u0259n biridir. O da ayd\u0131nd\u0131r ki, onun Az\u0259rbaycana qar\u015f\u0131 haz\u0131rlad\u0131\u011f\u0131 &#8220;t\u0259\u015f\u0259bb\u00fcs&#8221; g\u00f6yd\u0259n d\u00fc\u015fm\u0259yib, \u0259vv\u0259lc\u0259d\u0259n \u0259n y\u00fcks\u0259k s\u0259viyy\u0259d\u0259 haz\u0131rlan\u0131b. Xat\u0131rlad\u0131m ki, Frank Schwabe 2019-cu ild\u0259 Almaniya parlamentind\u0259 \u00e7\u0131x\u0131\u015f\u0131 zaman\u0131 Az\u0259rbaycan\u0131 m\u00fcdafi\u0259 etmi\u015f deputat h\u0259mkar\u0131 Karin Strenz-i korrupsiyada ittiham etmi\u015fdi. Onun iddias\u0131ndan sonra xan\u0131m deputat\u0131n toxunulmazl\u0131\u011f\u0131n\u0131 qald\u0131rd\u0131lar. Yaz\u0131q qad\u0131n&hellip;<\/p>\n","protected":false},"author":2,"featured_media":684212,"comment_status":"closed","ping_status":"closed","sticky":false,"template":"","format":"standard","meta":{"om_disable_all_campaigns":false,"_monsterinsights_skip_tracking":false,"_monsterinsights_sitenote_active":false,"_monsterinsights_sitenote_note":"","_monsterinsights_sitenote_category":0},"categories":[19],"tags":[],"aioseo_notices":[],"gutentor_comment":0,"rttpg_featured_image_url":{"full":["https:\/\/arantv.az\/wp-content\/uploads\/2024\/01\/e4841b0c9da1b1115e830257dd8f1f3a.png",794,471,false],"landscape":["https:\/\/arantv.az\/wp-content\/uploads\/2024\/01\/e4841b0c9da1b1115e830257dd8f1f3a.png",794,471,false],"portraits":["https:\/\/arantv.az\/wp-content\/uploads\/2024\/01\/e4841b0c9da1b1115e830257dd8f1f3a.png",794,471,false],"thumbnail":["https:\/\/arantv.az\/wp-content\/uploads\/2024\/01\/e4841b0c9da1b1115e830257dd8f1f3a-500x280.png",500,280,true],"medium":["https:\/\/arantv.az\/wp-content\/uploads\/2024\/01\/e4841b0c9da1b1115e830257dd8f1f3a-615x365.png",615,365,true],"large":["https:\/\/arantv.az\/wp-content\/uploads\/2024\/01\/e4841b0c9da1b1115e830257dd8f1f3a.png",640,380,false],"1536x1536":["https:\/\/arantv.az\/wp-content\/uploads\/2024\/01\/e4841b0c9da1b1115e830257dd8f1f3a.png",794,471,false],"2048x2048":["https:\/\/arantv.az\/wp-content\/uploads\/2024\/01\/e4841b0c9da1b1115e830257dd8f1f3a.png",794,471,false],"post-thumbnail":["https:\/\/arantv.az\/wp-content\/uploads\/2024\/01\/e4841b0c9da1b1115e830257dd8f1f3a-240x172.png",240,172,true],"advps-thumb-one":["https:\/\/arantv.az\/wp-content\/uploads\/2024\/01\/e4841b0c9da1b1115e830257dd8f1f3a.png",794,471,false]},"rttpg_author":{"display_name":"V\u00fcsal Rafiqo\u011flu","author_link":"https:\/\/arantv.az\/?author=2"},"rttpg_comment":0,"rttpg_category":"<a href=\"https:\/\/arantv.az\/?cat=19\" rel=\"category\">G\u00fcnd\u0259m<\/a>","rttpg_excerpt":"Avropa \u015euras\u0131 Parlament Assambleyas\u0131 (A\u015ePA) q\u0131\u015f sessiyas\u0131nda Az\u0259rbaycan n\u00fcmay\u0259nd\u0259 hey\u0259tinin etimadnam\u0259si t\u0259sdiql\u0259nm\u0259m\u0259si \u00fc\u00e7\u00fcn x\u00fcsusi canf\u0259\u015fanl\u0131q ed\u0259n almaniyal\u0131 deputat Frank \u015evaben (Frank Schwabe) 2016-c\u0131 ild\u0259 (2 iyun) Almaniya parlamentind\u0259 qondarma erm\u0259ni genosidinin tan\u0131nmas\u0131 \u00fc\u00e7\u00fcn h\u0259r\u0259k\u0259t\u0259 ke\u00e7mi\u015fdi. Y\u0259ni Frank \u015evabe (Schwabe) erm\u0259ni lobbisinin sat\u0131n ald\u0131\u011f\u0131 siyas\u0259t\u00e7il\u0259rd\u0259n biridir. O da ayd\u0131nd\u0131r ki, onun Az\u0259rbaycana qar\u015f\u0131 haz\u0131rlad\u0131\u011f\u0131 &#8220;t\u0259\u015f\u0259bb\u00fcs&#8221; g\u00f6yd\u0259n&hellip;","_links":{"self":[{"href":"https:\/\/arantv.az\/index.php?rest_route=\/wp\/v2\/posts\/684211"}],"collection":[{"href":"https:\/\/arantv.az\/index.php?rest_route=\/wp\/v2\/posts"}],"about":[{"href":"https:\/\/arantv.az\/index.php?rest_route=\/wp\/v2\/types\/post"}],"author":[{"embeddable":true,"href":"https:\/\/arantv.az\/index.php?rest_route=\/wp\/v2\/users\/2"}],"replies":[{"embeddable":true,"href":"https:\/\/arantv.az\/index.php?rest_route=%2Fwp%2Fv2%2Fcomments&post=684211"}],"version-history":[{"count":0,"href":"https:\/\/arantv.az\/index.php?rest_route=\/wp\/v2\/posts\/684211\/revisions"}],"wp:featuredmedia":[{"embeddable":true,"href":"https:\/\/arantv.az\/index.php?rest_route=\/wp\/v2\/media\/684212"}],"wp:attachment":[{"href":"https:\/\/arantv.az\/index.php?rest_route=%2Fwp%2Fv2%2Fmedia&parent=684211"}],"wp:term":[{"taxonomy":"category","embeddable":true,"href":"https:\/\/arantv.az\/index.php?rest_route=%2Fwp%2Fv2%2Fcategories&post=684211"},{"taxonomy":"post_tag","embeddable":true,"href":"https:\/\/arantv.az\/index.php?rest_route=%2Fwp%2Fv2%2Ftags&post=684211"}],"curies":[{"name":"wp","href":"https:\/\/api.w.org\/{rel}","templated":true}]}}