{"id":684221,"date":"2024-01-26T23:11:47","date_gmt":"2024-01-26T19:11:47","guid":{"rendered":"https:\/\/arantv.az\/?p=684221"},"modified":"2024-01-26T23:11:47","modified_gmt":"2024-01-26T19:11:47","slug":"avropanin-biz%c9%99-sirimaga-calisdigi-r%c9%99ngli-d%c9%99y%c9%99rl%c9%99r","status":"publish","type":"post","link":"https:\/\/arantv.az\/?p=684221","title":{"rendered":"Avropan\u0131n biz\u0259 s\u0131r\u0131ma\u011fa \u00e7al\u0131\u015fd\u0131\u011f\u0131 \u201cr\u0259ngli d\u0259y\u0259rl\u0259r\u201d"},"content":{"rendered":"<p><strong><em>Yaxud cinsini don kimi d\u0259yi\u015f\u0259nl\u0259rin d\u00fcnyan\u0131 d\u0259yi\u015fm\u0259k iddialar\u0131&#8230;<\/em><\/strong><\/p>\n<p>X\u0259b\u0259r verildiyi kimi yanvar\u0131n 22-d\u0259 Avropa \u015euras\u0131 Parlament Assambleyas\u0131nda (A\u015ePA) Az\u0259rbaycan n\u00fcmay\u0259nd\u0259 hey\u0259ti \u00fczvl\u0259rinin etimadnam\u0259l\u0259rinin q\u0259bul edilm\u0259m\u0259si bar\u0259d\u0259 avropal\u0131 deputatlar\u0131n \u00e7a\u011f\u0131r\u0131\u015flar\u0131ndan sonra n\u00fcmay\u0259nd\u0259 hey\u0259ti A\u015ePA il\u0259 \u0259m\u0259kda\u015fl\u0131\u011f\u0131 v\u0259 t\u0259\u015fkilatda i\u015ftirak\u0131n\u0131 qeyri-m\u00fc\u0259yy\u0259n m\u00fcdd\u0259t\u0259 dayand\u0131rmaq q\u0259rar\u0131na g\u0259ldi, n\u00fcmay\u0259nd\u0259 hey\u0259ti bununla ba\u011fl\u0131 b\u0259yanat verdi. Avropa \u015euras\u0131 Parlament Assambleyas\u0131 r\u0259smi Bak\u0131n\u0131n \u00f6z \u00fcz\u0259rin\u0259 g\u00f6t\u00fcrd\u00fcy\u00fc \u201c\u0259sas \u00f6hd\u0259likl\u0259ri\u201d yerin\u0259 yetirm\u0259diyi q\u0259na\u0259tin\u0259 g\u0259lib v\u0259 bu bar\u0259d\u0259 q\u0259tnam\u0259 q\u0259bul edibl\u0259r. Guya r\u0259smi Bak\u0131 \u00f6lk\u0259d\u0259 pl\u00fcralist demokratiya v\u0259 qanunun aliliyi, el\u0259c\u0259 d\u0259 fundamental insan h\u00fcquq v\u0259 azadl\u0131qlar\u0131na h\u00f6rm\u0259tl\u0259 ba\u011fl\u0131 \u00f6hd\u0259lik g\u00f6t\u00fcrs\u0259 d\u0259 bu m\u00fcdd\u0259t \u0259rzind\u0259 bu t\u0259l\u0259bl\u0259ri h\u0259yata ke\u00e7irm\u0259yib. \u018fn \u0259sas\u0131 is\u0259 Az\u0259rbaycan\u0131n \u201cyerin\u0259 yetirm\u0259diyi\u201d \u00f6hd\u0259likl\u0259r dedikd\u0259 burada ilk n\u00f6vb\u0259d\u0259 \u201cLGBT h\u00fcquqlar\u0131n\u0131n qorunmas\u0131\u201d n\u0259z\u0259rd\u0259 tutulur. Y\u0259ni, A\u015ePA-n\u0131n Az\u0259rbaycandan \u0259sas ist\u0259yi bundan ibar\u0259tdir: Az\u0259rbaycan\u0131n milli-m\u0259n\u0259vi d\u0259y\u0259rl\u0259rin\u0259 k\u00f6k\u00fcnd\u0259n zidd olan LGBT h\u00fcquqlar\u0131n\u0131n qorunmas\u0131, eynicinsli nikahlara icaz\u0259nin verilm\u0259si, Az\u0259rbaycan orta m\u0259kt\u0259bl\u0259rd\u0259 LGBT m\u00f6vzusunun t\u0259dris edilm\u0259si v\u0259 s. Bu t\u0259l\u0259b x\u00fcsusil\u0259 2018-ci ild\u0259n etibar\u0259n a\u00e7\u0131q \u015f\u0259kild\u0259 dil\u0259 g\u0259tirilir. Alt\u0131 il \u00f6nc\u0259 Avropa \u015euras\u0131n\u0131n insan haqlar\u0131 \u00fczr\u0259 komissar\u0131 Nils Muiznieks iddia etdi ki, \u201cAz\u0259rbaycanda LGBT icmas\u0131na qar\u015f\u0131 ayr\u0131-se\u00e7kilik edilir v\u0259 bu, insan haqlar\u0131n\u0131n pozulmas\u0131d\u0131r\u201d. H\u0259m\u00e7inin bir ne\u00e7\u0259 il \u00f6nc\u0259 Avropa \u015euras\u0131n\u0131n (A\u015e) t\u0259\u015fkilat\u00e7\u0131l\u0131\u011f\u0131 il\u0259 videokonfrans format\u0131nda ke\u00e7iril\u0259n t\u0259dbird\u0259 A\u015e-d\u0259 x\u00fcsusi status da\u015f\u0131yan bir xan\u0131m (LGBT n\u00fcmay\u0259nd\u0259si) d\u00fcnyada, C\u0259nubi Qafqazda, x\u00fcsus\u0259n d\u0259 Az\u0259rbaycanda LGBT-y\u0259 m\u00fcnasib\u0259tin pis olmas\u0131n\u0131 k\u0259skin t\u0259nqid edir v\u0259 bu bar\u0259d\u0259 i\u00e7d\u0259n, \u00fcr\u0259k yan\u011f\u0131s\u0131 il\u0259 dan\u0131\u015f\u0131rd\u0131. Bu \u015f\u0259xs bizi d\u00fczg\u00fcn olmayan \u0259xlaq normalar\u0131nda, gerid\u0259 qalm\u0131\u015fl\u0131qda, yeni d\u00fcny\u0259vi \u00e7a\u011f\u0131r\u0131\u015flara cavab verm\u0259m\u0259kd\u0259 ittiham edirdi. A\u015ePA-n\u0131n 2019-ci ild\u0259 yay\u0131mlanan \u201cAz\u0259rbaycan\u0131n \u00f6hd\u0259likl\u0259rini yerin\u0259 yetirm\u0259si\u201d adl\u0131 hesabat\u0131nda da LGBT \u00fczvl\u0259rinin \u201covu\u201d haqq\u0131nda iddialar yer al\u0131rd\u0131. Az\u0259rbaycanda LGBT h\u00fcquqlar\u0131n\u0131n qorunmas\u0131 m\u0259s\u0259l\u0259sinin x\u00fcsusil\u0259 2018-ci ild\u0259n etibar\u0259n a\u00e7\u0131q t\u0259l\u0259b kimi qoyulmas\u0131 t\u0259sad\u00fcfi deyildi. \u00c7\u00fcnki 2015-ci ild\u0259 b\u00fct\u00fcn d\u00fcnyaya \u201cinsan haqlar\u0131n\u0131n t\u0259m\u0259l prinsipi\u201d kimi t\u0259qdim edil\u0259n eynicinsli nikahlara icaz\u0259nin verilm\u0259si prosesinin C\u0259nubi Qafqazda da q\u0259bul etdirilm\u0259sin\u0259 start verilmi\u015fdi.<\/p>\n<p>Xat\u0131rladaq ki, 2011-ci ild\u0259 \u0130stanbulda q\u0259bul edil\u0259n v\u0259 LGBT h\u00fcquqlar\u0131n\u0131n, el\u0259c\u0259 d\u0259 abort haqq\u0131n\u0131 m\u00fcdafi\u0259 ed\u0259n \u201cAvropa \u015euras\u0131n\u0131n Qad\u0131nlara qar\u015f\u0131 zorak\u0131l\u0131\u011f\u0131n v\u0259 m\u0259i\u015f\u0259t zorak\u0131l\u0131\u011f\u0131n\u0131n qar\u015f\u0131s\u0131n\u0131n al\u0131nmas\u0131 v\u0259 onlarla m\u00fcbariz\u0259 haqq\u0131nda Konvensiyas\u0131\u201dna qo\u015fulan \u00f6lk\u0259l\u0259rin say\u0131 da 2015-ci ild\u0259n sonra s\u00fcr\u0259tl\u0259 artma\u011fa ba\u015flad\u0131. Konvensiyaya 45 \u00f6lk\u0259 imza at\u0131b, 34 \u00f6lk\u0259 bunu ratifikasiya edib. \u0130stanbul Konvensiyas\u0131 q\u0259bul edil\u0259nd\u0259 T\u00fcrkiy\u0259 bunu ilk ratifikasiya ed\u0259n \u00f6lk\u0259 olsa da, 2021-ci ilin mart\u0131nda Prezident R\u0259c\u0259b Tayyip \u018frdo\u011fan Konvensiyadan \u00e7\u0131xmaq haqq\u0131nda f\u0259rman imzalad\u0131. \u00c7\u00fcnki Konvensiya qad\u0131n h\u00fcquqlar\u0131 ad\u0131 alt\u0131nda ail\u0259 d\u0259y\u0259rl\u0259rini h\u0259d\u0259f\u0259 al\u0131r, LGBT+ h\u00fcquqlar\u0131n\u0131 \u00f6lk\u0259l\u0259r \u00fcz\u0259rin\u0259 \u201c\u00f6hd\u0259lik\u201d olaraq qoyur. Az\u0259rbaycan\u0131n Konvensiyaya qo\u015fulmamas\u0131n\u0131n s\u0259b\u0259bi d\u0259 m\u0259hz milli-m\u0259n\u0259vi d\u0259y\u0259rl\u0259rimizin qorunmas\u0131d\u0131r v\u0259 buna g\u00f6r\u0259 zaman-zaman t\u0259zyiql\u0259r\u0259 m\u0259ruz qal\u0131r. A\u015ePA-n\u0131n m\u00fcxt\u0259lif b\u0259han\u0259l\u0259rl\u0259 Az\u0259rbaycana t\u0259zyiq etm\u0259sinin arxas\u0131ndak\u0131 \u0259sas s\u0259b\u0259bl\u0259rd\u0259n biri d\u0259 m\u0259hz budur. \u00c7\u00fcnki C\u0259nubi Qafqaz\u0131n \u00fc\u00e7 \u00f6lk\u0259sind\u0259n \u0259n \u00e7ox dir\u0259ni\u015f g\u00f6st\u0259r\u0259n yaln\u0131z Az\u0259rbaycand\u0131r.<\/p>\n<p>G\u00fcrc\u00fcstanda 2013-c\u00fc il\u0259 q\u0259d\u0259r eynicinsli nikahlara qar\u015f\u0131 kils\u0259 v\u0259 d\u00f6vl\u0259t s\u0259viyy\u0259sind\u0259 etiraz edilirdis\u0259, 2015-ci ild\u0259n sonra AB\u015e-\u0131n LGBT h\u00fcquqlar\u0131 haqq\u0131nda \u00e7a\u011f\u0131r\u0131\u015f\u0131ndan sonra m\u00fc\u0259yy\u0259n yum\u015falmalar ba\u015fland\u0131. Kils\u0259 s\u0259viyy\u0259sind\u0259 etirazlar davam ets\u0259 d\u0259, LGBT \u00fczvl\u0259rinin y\u00fcr\u00fc\u015f etm\u0259sin\u0259 \u015f\u0259rait yarad\u0131l\u0131r. Erm\u0259nistanda yum\u015falma d\u00f6vr\u00fc 2018-ci ild\u0259 q\u0259rby\u00f6n\u00fcml\u00fc kimi tan\u0131nan Nikol Pa\u015finyan\u0131n hakimiyy\u0259t\u0259 g\u0259li\u015find\u0259n sonra ba\u015fland\u0131. 2019-cu ild\u0259 transgender Lilit Martirosyan\u0131n Erm\u0259nistan parlamentind\u0259 \u00e7\u0131x\u0131\u015f\u0131 bunun \u0259sas n\u00fcmun\u0259l\u0259rind\u0259ndir.<\/p>\n<p>Bu g\u00fcn m\u00fcs\u0259lman \u0259xlaq\u0131ndan ir\u0259li g\u0259l\u0259n ail\u0259 institutu \u015e\u0259rqin bir \u00e7ox \u00f6lk\u0259l\u0259rind\u0259 oldu\u011fu kimi, Az\u0259rbaycanda da m\u00f6hk\u0259m dayaqlar \u00fcz\u0259rind\u0259 dayan\u0131b. \u018fg\u0259r c\u0259miyy\u0259t bu c\u00fcr hallar\u0131 q\u0259bul etmirs\u0259, n\u0259 etm\u0259k olar? Minillik ad\u0259t v\u0259 \u0259n\u0259n\u0259l\u0259rimizd\u0259n Avropan\u0131 m\u0259mnun etm\u0259k \u00fc\u00e7\u00fcn \u0259l \u00e7\u0259k\u0259, kiml\u0259r\u0259s\u0259 zorla \u00fc\u00e7\u00fcnc\u00fc cinsin n\u00fcmay\u0259nd\u0259l\u0259rini sevdir\u0259 bilm\u0259rik ki\u2026 Biz he\u00e7 birimiz yaranark\u0259n n\u0259 xalq\u0131m\u0131z\u0131, n\u0259 \u00f6lk\u0259mizi, n\u0259 ail\u0259mizi, n\u0259 cinsimizi se\u00e7\u0259 bilmirik. G\u00f6z\u0259l v\u0259 ya \u00e7irkin, sa\u011flam v\u0259 ya x\u0259st\u0259 do\u011fulmaq da bizim se\u00e7imimiz deyil. Ruhunun sahib olmad\u0131\u011f\u0131 b\u0259d\u0259nd\u0259 do\u011fulmaq da ay\u0131b say\u0131lmamal\u0131d\u0131r. Ay\u0131b olan \u015fey \u00f6z r\u0259ngli \u015f\u0259xsiyy\u0259tini, h\u0259tta \u00f6z \u201cyol\u201dunu \u0259xlaqs\u0131zca t\u0259bli\u011f etm\u0259k, bunu d\u00fcnyaya normativ kimi s\u0131r\u0131maqd\u0131r.<\/p>\n<p>\u0130ndi sual onunur, ill\u0259rl\u0259 1 milyon qa\u00e7q\u0131n\u0131m\u0131zla ba\u011fl\u0131 a\u011fz\u0131na su al\u0131b susan, i\u015f\u011fal alt\u0131ndak\u0131 torpaqlar\u0131m\u0131zda ba\u015f ver\u0259nl\u0259ri g\u00f6rm\u0259k ist\u0259m\u0259y\u0259n Avropaya n\u0259 oldu ki, bird\u0259n-bir\u0259 Az\u0259rbaycanda 3-5 LGBT n\u00fcmay\u0259nd\u0259sinin h\u00fcquqlar\u0131n\u0131n qorunmas\u0131 il\u0259 ba\u011fl\u0131 n\u00f6vb\u0259ti t\u0259l\u0259b ir\u0259li s\u00fcrd\u00fc? \u018fslind\u0259 burada s\u0259b\u0259b ba\u015fqad\u0131r: Bel\u0259 ki, Az\u0259rbaycan son ill\u0259rd\u0259 regional v\u0259 qlobal \u0259h\u0259miyy\u0259tli u\u011furlar \u0259ld\u0259 edir, layih\u0259l\u0259r realla\u015fd\u0131r\u0131r. \u018fn \u0259sas\u0131 is\u0259 \u00f6lk\u0259miz \u0259razi b\u00fct\u00f6vl\u00fcy\u00fcn\u00fc v\u0259 suverenliyini b\u0259rpa etm\u0259yi bacard\u0131. 2001-ci ild\u0259n 2020-ci il\u0259 q\u0259d\u0259r A\u015ePA-n\u0131n, el\u0259c\u0259 d\u0259 30 il\u0259 yax\u0131n m\u00fcdd\u0259td\u0259 BMT T\u0259hl\u00fck\u0259sizlik \u015euras\u0131 kimi n\u00fcfuzlu bir qurumun ed\u0259 bilm\u0259diyini Az\u0259rbaycan c\u0259mi 44 g\u00fcn \u0259rzind\u0259 yerin\u0259 yetirdi. Bundan \u00fc\u00e7 il sonra is\u0259 Qaraba\u011fda birg\u00fcnl\u00fck antiterror t\u0259dbirl\u0259ri zaman\u0131 Az\u0259rbaycan \u0259razi b\u00fct\u00f6vl\u00fcy\u00fcn\u00fc tam b\u0259rpa etdi. Bax, budur A\u015ePA, Fransa v\u0259 bunlara b\u0259nz\u0259r dig\u0259r erm\u0259nip\u0259r\u0259stl\u0259ri, a\u011fa qara dey\u0259n \u201cdemokratlar\u0131\u201d yand\u0131r\u0131b-yaxan. H\u0259m d\u0259 ona g\u00f6r\u0259 yan\u0131b-yax\u0131l\u0131rlar ki, onlar\u0131n \u00f6t\u0259n ild\u0259n La\u00e7\u0131n yoluna, \u00fcmumilikd\u0259 Qaraba\u011fa monitorinq g\u00f6nd\u0259rm\u0259k c\u0259hdl\u0259ri al\u0131nmad\u0131, Az\u0259rbaycan\u0131n \u0259razisind\u0259 ikinci Erm\u0259ni d\u00f6vl\u0259tinin yarad\u0131lmas\u0131 planlar\u0131 alt-\u00fcst oldu. C\u0259mi 32 il m\u00fcst\u0259qillik tarixi olan bir \u00f6lk\u0259nin siyasi, iqtisadi, h\u0259rbi v\u0259 m\u0259d\u0259ni sah\u0259l\u0259rd\u0259ki s\u00fcr\u0259tli inki\u015faf\u0131n\u0131 h\u0259zm ed\u0259 bilm\u0259y\u0259n \u201cr\u0259ngli demokratlar\u201d bu t\u0259r\u0259qqinin qar\u015f\u0131s\u0131n\u0131 almaqda aciz olduqlar\u0131n\u0131 art\u0131q gizl\u0259d\u0259 bilmirl\u0259r. H\u0259r d\u0259f\u0259 yalana, b\u00f6htana, saxtakarl\u0131\u011fa, riyakarl\u0131\u011fa \u0259l at\u0131rlar. Bu da he\u00e7 bir fayda vermir v\u0259 verm\u0259y\u0259c\u0259k. \u00c7\u00fcnki Az\u0259rbaycan bel\u0259 riyakarl\u0131qlarla, q\u0259r\u0259zli q\u0259tnam\u0259l\u0259rl\u0259, t\u0259hdid v\u0259 t\u0259zyiql\u0259rl\u0259 \u00e7ox qar\u015f\u0131la\u015f\u0131b, ham\u0131s\u0131na da layiqli cavab verib. \u0130flasa u\u011frayanlar is\u0259 mil\u00e7\u0259k kimi \u00fcr\u0259k buland\u0131rmaqda davam edirl\u0259r.<\/p>\n","protected":false},"excerpt":{"rendered":"<p>Yaxud cinsini don kimi d\u0259yi\u015f\u0259nl\u0259rin d\u00fcnyan\u0131 d\u0259yi\u015fm\u0259k iddialar\u0131&#8230; X\u0259b\u0259r verildiyi kimi yanvar\u0131n 22-d\u0259 Avropa \u015euras\u0131 Parlament Assambleyas\u0131nda (A\u015ePA) Az\u0259rbaycan n\u00fcmay\u0259nd\u0259 hey\u0259ti \u00fczvl\u0259rinin etimadnam\u0259l\u0259rinin q\u0259bul edilm\u0259m\u0259si bar\u0259d\u0259 avropal\u0131 deputatlar\u0131n \u00e7a\u011f\u0131r\u0131\u015flar\u0131ndan sonra n\u00fcmay\u0259nd\u0259 hey\u0259ti A\u015ePA il\u0259 \u0259m\u0259kda\u015fl\u0131\u011f\u0131 v\u0259 t\u0259\u015fkilatda i\u015ftirak\u0131n\u0131 qeyri-m\u00fc\u0259yy\u0259n m\u00fcdd\u0259t\u0259 dayand\u0131rmaq q\u0259rar\u0131na g\u0259ldi, n\u00fcmay\u0259nd\u0259 hey\u0259ti bununla ba\u011fl\u0131 b\u0259yanat verdi. Avropa \u015euras\u0131 Parlament Assambleyas\u0131 r\u0259smi Bak\u0131n\u0131n \u00f6z \u00fcz\u0259rin\u0259 g\u00f6t\u00fcrd\u00fcy\u00fc \u201c\u0259sas \u00f6hd\u0259likl\u0259ri\u201d yerin\u0259 yetirm\u0259diyi q\u0259na\u0259tin\u0259 g\u0259lib v\u0259 bu bar\u0259d\u0259 q\u0259tnam\u0259 q\u0259bul edibl\u0259r. Guya r\u0259smi Bak\u0131 \u00f6lk\u0259d\u0259 pl\u00fcralist demokratiya v\u0259 qanunun aliliyi, el\u0259c\u0259 d\u0259 fundamental insan h\u00fcquq v\u0259 azadl\u0131qlar\u0131na h\u00f6rm\u0259tl\u0259 ba\u011fl\u0131 \u00f6hd\u0259lik g\u00f6t\u00fcrs\u0259&hellip;<\/p>\n","protected":false},"author":2,"featured_media":684222,"comment_status":"closed","ping_status":"closed","sticky":false,"template":"","format":"standard","meta":{"om_disable_all_campaigns":false,"_monsterinsights_skip_tracking":false,"_monsterinsights_sitenote_active":false,"_monsterinsights_sitenote_note":"","_monsterinsights_sitenote_category":0},"categories":[19],"tags":[],"aioseo_notices":[],"gutentor_comment":0,"rttpg_featured_image_url":{"full":["https:\/\/arantv.az\/wp-content\/uploads\/2024\/01\/d7f6db68170628602037657220211109733.jpg",975,540,false],"landscape":["https:\/\/arantv.az\/wp-content\/uploads\/2024\/01\/d7f6db68170628602037657220211109733.jpg",975,540,false],"portraits":["https:\/\/arantv.az\/wp-content\/uploads\/2024\/01\/d7f6db68170628602037657220211109733.jpg",975,540,false],"thumbnail":["https:\/\/arantv.az\/wp-content\/uploads\/2024\/01\/d7f6db68170628602037657220211109733-500x280.jpg",500,280,true],"medium":["https:\/\/arantv.az\/wp-content\/uploads\/2024\/01\/d7f6db68170628602037657220211109733-660x365.jpg",660,365,true],"large":["https:\/\/arantv.az\/wp-content\/uploads\/2024\/01\/d7f6db68170628602037657220211109733-840x465.jpg",640,354,true],"1536x1536":["https:\/\/arantv.az\/wp-content\/uploads\/2024\/01\/d7f6db68170628602037657220211109733.jpg",975,540,false],"2048x2048":["https:\/\/arantv.az\/wp-content\/uploads\/2024\/01\/d7f6db68170628602037657220211109733.jpg",975,540,false],"post-thumbnail":["https:\/\/arantv.az\/wp-content\/uploads\/2024\/01\/d7f6db68170628602037657220211109733-240x172.jpg",240,172,true],"advps-thumb-one":["https:\/\/arantv.az\/wp-content\/uploads\/2024\/01\/d7f6db68170628602037657220211109733.jpg",975,540,false]},"rttpg_author":{"display_name":"V\u00fcsal Rafiqo\u011flu","author_link":"https:\/\/arantv.az\/?author=2"},"rttpg_comment":0,"rttpg_category":"<a href=\"https:\/\/arantv.az\/?cat=19\" rel=\"category\">G\u00fcnd\u0259m<\/a>","rttpg_excerpt":"Yaxud cinsini don kimi d\u0259yi\u015f\u0259nl\u0259rin d\u00fcnyan\u0131 d\u0259yi\u015fm\u0259k iddialar\u0131&#8230; X\u0259b\u0259r verildiyi kimi yanvar\u0131n 22-d\u0259 Avropa \u015euras\u0131 Parlament Assambleyas\u0131nda (A\u015ePA) Az\u0259rbaycan n\u00fcmay\u0259nd\u0259 hey\u0259ti \u00fczvl\u0259rinin etimadnam\u0259l\u0259rinin q\u0259bul edilm\u0259m\u0259si bar\u0259d\u0259 avropal\u0131 deputatlar\u0131n \u00e7a\u011f\u0131r\u0131\u015flar\u0131ndan sonra n\u00fcmay\u0259nd\u0259 hey\u0259ti A\u015ePA il\u0259 \u0259m\u0259kda\u015fl\u0131\u011f\u0131 v\u0259 t\u0259\u015fkilatda i\u015ftirak\u0131n\u0131 qeyri-m\u00fc\u0259yy\u0259n m\u00fcdd\u0259t\u0259 dayand\u0131rmaq q\u0259rar\u0131na g\u0259ldi, n\u00fcmay\u0259nd\u0259 hey\u0259ti bununla ba\u011fl\u0131 b\u0259yanat verdi. Avropa \u015euras\u0131 Parlament Assambleyas\u0131 r\u0259smi Bak\u0131n\u0131n&hellip;","_links":{"self":[{"href":"https:\/\/arantv.az\/index.php?rest_route=\/wp\/v2\/posts\/684221"}],"collection":[{"href":"https:\/\/arantv.az\/index.php?rest_route=\/wp\/v2\/posts"}],"about":[{"href":"https:\/\/arantv.az\/index.php?rest_route=\/wp\/v2\/types\/post"}],"author":[{"embeddable":true,"href":"https:\/\/arantv.az\/index.php?rest_route=\/wp\/v2\/users\/2"}],"replies":[{"embeddable":true,"href":"https:\/\/arantv.az\/index.php?rest_route=%2Fwp%2Fv2%2Fcomments&post=684221"}],"version-history":[{"count":0,"href":"https:\/\/arantv.az\/index.php?rest_route=\/wp\/v2\/posts\/684221\/revisions"}],"wp:featuredmedia":[{"embeddable":true,"href":"https:\/\/arantv.az\/index.php?rest_route=\/wp\/v2\/media\/684222"}],"wp:attachment":[{"href":"https:\/\/arantv.az\/index.php?rest_route=%2Fwp%2Fv2%2Fmedia&parent=684221"}],"wp:term":[{"taxonomy":"category","embeddable":true,"href":"https:\/\/arantv.az\/index.php?rest_route=%2Fwp%2Fv2%2Fcategories&post=684221"},{"taxonomy":"post_tag","embeddable":true,"href":"https:\/\/arantv.az\/index.php?rest_route=%2Fwp%2Fv2%2Ftags&post=684221"}],"curies":[{"name":"wp","href":"https:\/\/api.w.org\/{rel}","templated":true}]}}