{"id":684230,"date":"2024-01-26T23:18:06","date_gmt":"2024-01-26T19:18:06","guid":{"rendered":"https:\/\/arantv.az\/?p=684230"},"modified":"2024-01-26T23:18:06","modified_gmt":"2024-01-26T19:18:06","slug":"xalq-tarixi-z%c9%99f%c9%99r%c9%99-gor%c9%99-dovl%c9%99t-bascisina-minn%c9%99tdardir","status":"publish","type":"post","link":"https:\/\/arantv.az\/?p=684230","title":{"rendered":"Xalq tarixi Z\u0259f\u0259r\u0259 g\u00f6r\u0259 d\u00f6vl\u0259t ba\u015f\u00e7\u0131s\u0131na minn\u0259tdard\u0131r!"},"content":{"rendered":"<p>2024-c\u00fc il fevral\u0131n 7-d\u0259 \u00f6lk\u0259mizd\u0259 ke\u00e7iril\u0259c\u0259k prezident se\u00e7kil\u0259ri il\u0259 \u0259laq\u0259dar Yeni Az\u0259rbaycan Partiyas\u0131 t\u0259r\u0259find\u0259n namiz\u0259dliyi ir\u0259li s\u00fcr\u00fclm\u00fc\u015f \u0130lham Heyd\u0259r o\u011flu \u018fliyevin se\u00e7kiqaba\u011f\u0131 t\u0259\u015fviqat kampaniyas\u0131 \u00e7\u0259r\u00e7iv\u0259sind\u0259 yanvar\u0131n 25-d\u0259 B\u0259rd\u0259 rayonunda se\u00e7icil\u0259rl\u0259 g\u00f6r\u00fc\u015f ke\u00e7irilib.<\/p>\n<p>G\u00f6r\u00fc\u015fl\u0259rd\u0259 Az\u0259rbaycan Respublikas\u0131n\u0131n D\u00f6vl\u0259t Himni s\u0259sl\u0259ndirilib. \u00dcmummilli Lider Heyd\u0259r \u018fliyevin v\u0259 torpaqlar\u0131m\u0131z\u0131n \u0259razi b\u00fct\u00f6vl\u00fcy\u00fc u\u011frunda h\u0259lak olmu\u015f \u015f\u0259hidl\u0259rimizin \u0259ziz xatir\u0259si bir d\u0259qiq\u0259lik s\u00fckutla yad edilib.<\/p>\n<p>G\u00f6r\u00fc\u015fl\u0259rd\u0259 YAP B\u0259rd\u0259 rayon t\u0259\u015fkilat\u0131n\u0131n s\u0259dri Faq\u0259t \u015eadlinskaya, t\u0259bli\u011fat qrupunun \u00fczvl\u0259ri Qas\u0131m Hac\u0131yev, T\u0259rlan Musayeva, Aq\u015fin Hac\u0131zad\u0259, El\u00e7in C\u0259f\u0259rli, Birinci Qaraba\u011f m\u00fcharib\u0259si i\u015ftirak\u00e7\u0131s\u0131 G\u0259ray \u018fs\u0259dov, \u015f\u0259hid F\u0259xri Q\u0259ribzad\u0259nin anas\u0131 Mehpar\u0259 Q\u0259ribova, \u201cQaraba\u011f\u201d ordenli \u015f\u0259hid As\u0259f \u018fsg\u0259rovun qarda\u015f\u0131 Rahib \u018fsg\u0259rov \u00e7\u0131x\u0131\u015f edibl\u0259r.<\/p>\n<p>\u00c7\u0131x\u0131\u015flarda \u00dcmummilli Liderimiz Heyd\u0259r \u018fliyev t\u0259r\u0259find\u0259n \u0259sas\u0131 qoyulan v\u0259 bu g\u00fcn Prezident, Yeni Az\u0259rbaycan Partiyas\u0131n\u0131n S\u0259dri \u0130lham \u018fliyevin r\u0259hb\u0259rliyi alt\u0131nda h\u0259yata ke\u00e7iril\u0259n siyas\u0259tin u\u011furlar\u0131ndan geni\u015f b\u0259hs edilib. Bildirilib ki, 1993-c\u00fc ild\u0259n b\u0259ri Az\u0259rbaycan b\u00f6y\u00fck inki\u015faf yolu ke\u00e7ib, \u00f6lk\u0259mizin qar\u015f\u0131s\u0131nda yeni perspektivl\u0259r a\u00e7\u0131l\u0131b.<\/p>\n<p>M\u00fcst\u0259qil Az\u0259rbaycan\u0131n tarixind\u0259 ilk d\u0259f\u0259 olaraq b\u00fct\u00fcn \u00f6lk\u0259 \u0259razisind\u0259 prezident se\u00e7kil\u0259ri ke\u00e7iril\u0259c\u0259k. Ona g\u00f6r\u0259 d\u0259 qar\u015f\u0131dan g\u0259l\u0259n prezident se\u00e7kil\u0259ri haql\u0131 olaraq c\u0259miyy\u0259timiz t\u0259r\u0259find\u0259n Z\u0259f\u0259r se\u00e7kisi kimi d\u0259y\u0259rl\u0259ndirilir. Se\u00e7kil\u0259rin \u0259razi b\u00fct\u00f6vl\u00fcy\u00fcm\u00fcz\u00fcn v\u0259 suverenliyimizin t\u0259sbiti oldu\u011fu vur\u011fulan\u0131b.<\/p>\n<p>Natiql\u0259r se\u00e7icil\u0259ri prezident se\u00e7kil\u0259rind\u0259 f\u0259al i\u015ftirak etm\u0259y\u0259 v\u0259 c\u0259nab \u0130lham \u018fliyev\u0259 s\u0259s verm\u0259y\u0259 \u00e7a\u011f\u0131r\u0131blar.<\/p>\n<p>Se\u00e7icil\u0259r d\u0259 fevral\u0131n 7-d\u0259 se\u00e7ki m\u0259nt\u0259q\u0259l\u0259rin\u0259 ged\u0259r\u0259k qalib Lider \u0130lham \u018fliyev\u0259 s\u0259s ver\u0259c\u0259kl\u0259rini bildiribl\u0259r.<\/p>\n<p>G\u00f6r\u00fc\u015f Yeni Az\u0259rbaycan Partiyas\u0131n\u0131n Himninin s\u0259sl\u0259ndirilm\u0259si il\u0259 yekunla\u015f\u0131b.<\/p>\n<p>Qeyd ed\u0259k ki, h\u0259min g\u00fcn t\u0259\u015fviqat qrupunun \u00fczvl\u0259ri f\u0259rdi g\u00f6r\u00fc\u015fl\u0259r d\u0259 ke\u00e7iribl\u0259r.<\/p>\n<p><img loading=\"lazy\" class=\"alignnone size-full wp-image-684231\" src=\"https:\/\/arantv.az\/wp-content\/uploads\/2024\/01\/thumb-153.jpg\" alt=\"\" width=\"360\" height=\"239\" \/> <img loading=\"lazy\" class=\"alignnone size-medium wp-image-684232\" src=\"https:\/\/arantv.az\/wp-content\/uploads\/2024\/01\/thumb-154.jpg\" alt=\"\" width=\"188\" height=\"120\" \/> <img loading=\"lazy\" class=\"alignnone size-medium wp-image-684233\" src=\"https:\/\/arantv.az\/wp-content\/uploads\/2024\/01\/thumb-155.jpg\" alt=\"\" width=\"188\" height=\"120\" \/> <img loading=\"lazy\" class=\"alignnone size-medium wp-image-684234\" src=\"https:\/\/arantv.az\/wp-content\/uploads\/2024\/01\/thumb-156.jpg\" alt=\"\" width=\"188\" height=\"120\" \/> <img loading=\"lazy\" class=\"alignnone size-medium wp-image-684235\" src=\"https:\/\/arantv.az\/wp-content\/uploads\/2024\/01\/thumb-157.jpg\" alt=\"\" width=\"188\" height=\"120\" \/> <img loading=\"lazy\" class=\"alignnone size-medium wp-image-684236\" src=\"https:\/\/arantv.az\/wp-content\/uploads\/2024\/01\/thumb-158.jpg\" alt=\"\" width=\"188\" height=\"120\" \/> <img loading=\"lazy\" class=\"alignnone size-medium wp-image-684237\" src=\"https:\/\/arantv.az\/wp-content\/uploads\/2024\/01\/thumb-159.jpg\" alt=\"\" width=\"188\" height=\"120\" \/> <img loading=\"lazy\" class=\"alignnone size-medium wp-image-684238\" src=\"https:\/\/arantv.az\/wp-content\/uploads\/2024\/01\/thumb-160.jpg\" alt=\"\" width=\"188\" height=\"120\" \/> <img loading=\"lazy\" class=\"alignnone size-medium wp-image-684239\" src=\"https:\/\/arantv.az\/wp-content\/uploads\/2024\/01\/thumb-161.jpg\" alt=\"\" width=\"188\" height=\"120\" \/> <img loading=\"lazy\" class=\"alignnone size-medium wp-image-684240\" src=\"https:\/\/arantv.az\/wp-content\/uploads\/2024\/01\/thumb-162.jpg\" alt=\"\" width=\"188\" height=\"120\" \/> <img loading=\"lazy\" class=\"alignnone size-medium wp-image-684241\" src=\"https:\/\/arantv.az\/wp-content\/uploads\/2024\/01\/thumb-163.jpg\" alt=\"\" width=\"188\" height=\"120\" \/> <img loading=\"lazy\" class=\"alignnone size-medium wp-image-684242\" src=\"https:\/\/arantv.az\/wp-content\/uploads\/2024\/01\/thumb-164.jpg\" alt=\"\" width=\"188\" height=\"120\" \/> <img loading=\"lazy\" class=\"alignnone size-medium wp-image-684243\" src=\"https:\/\/arantv.az\/wp-content\/uploads\/2024\/01\/thumb-165.jpg\" alt=\"\" width=\"188\" height=\"120\" \/> <img loading=\"lazy\" class=\"alignnone size-medium wp-image-684244\" src=\"https:\/\/arantv.az\/wp-content\/uploads\/2024\/01\/thumb-166.jpg\" alt=\"\" width=\"188\" height=\"120\" \/> <img loading=\"lazy\" class=\"alignnone size-medium wp-image-684245\" src=\"https:\/\/arantv.az\/wp-content\/uploads\/2024\/01\/thumb-167.jpg\" alt=\"\" width=\"188\" height=\"120\" \/> <img loading=\"lazy\" class=\"alignnone size-medium wp-image-684246\" src=\"https:\/\/arantv.az\/wp-content\/uploads\/2024\/01\/thumb-168.jpg\" alt=\"\" width=\"188\" height=\"120\" \/> <img loading=\"lazy\" class=\"alignnone size-medium wp-image-684247\" src=\"https:\/\/arantv.az\/wp-content\/uploads\/2024\/01\/thumb-169.jpg\" alt=\"\" width=\"188\" height=\"120\" \/> <img loading=\"lazy\" class=\"alignnone size-medium wp-image-684248\" src=\"https:\/\/arantv.az\/wp-content\/uploads\/2024\/01\/thumb-170.jpg\" alt=\"\" width=\"188\" height=\"120\" \/> <img loading=\"lazy\" class=\"alignnone size-medium wp-image-684249\" src=\"https:\/\/arantv.az\/wp-content\/uploads\/2024\/01\/thumb-171.jpg\" alt=\"\" width=\"188\" height=\"120\" \/><\/p>\n","protected":false},"excerpt":{"rendered":"<p>2024-c\u00fc il fevral\u0131n 7-d\u0259 \u00f6lk\u0259mizd\u0259 ke\u00e7iril\u0259c\u0259k prezident se\u00e7kil\u0259ri il\u0259 \u0259laq\u0259dar Yeni Az\u0259rbaycan Partiyas\u0131 t\u0259r\u0259find\u0259n namiz\u0259dliyi ir\u0259li s\u00fcr\u00fclm\u00fc\u015f \u0130lham Heyd\u0259r o\u011flu \u018fliyevin se\u00e7kiqaba\u011f\u0131 t\u0259\u015fviqat kampaniyas\u0131 \u00e7\u0259r\u00e7iv\u0259sind\u0259 yanvar\u0131n 25-d\u0259 B\u0259rd\u0259 rayonunda se\u00e7icil\u0259rl\u0259 g\u00f6r\u00fc\u015f ke\u00e7irilib. G\u00f6r\u00fc\u015fl\u0259rd\u0259 Az\u0259rbaycan Respublikas\u0131n\u0131n D\u00f6vl\u0259t Himni s\u0259sl\u0259ndirilib. \u00dcmummilli Lider Heyd\u0259r \u018fliyevin v\u0259 torpaqlar\u0131m\u0131z\u0131n \u0259razi b\u00fct\u00f6vl\u00fcy\u00fc u\u011frunda h\u0259lak olmu\u015f \u015f\u0259hidl\u0259rimizin \u0259ziz xatir\u0259si bir d\u0259qiq\u0259lik s\u00fckutla yad edilib. G\u00f6r\u00fc\u015fl\u0259rd\u0259 YAP B\u0259rd\u0259 rayon t\u0259\u015fkilat\u0131n\u0131n s\u0259dri Faq\u0259t \u015eadlinskaya, t\u0259bli\u011fat qrupunun \u00fczvl\u0259ri Qas\u0131m Hac\u0131yev, T\u0259rlan Musayeva, Aq\u015fin Hac\u0131zad\u0259, El\u00e7in C\u0259f\u0259rli, Birinci Qaraba\u011f m\u00fcharib\u0259si i\u015ftirak\u00e7\u0131s\u0131 G\u0259ray \u018fs\u0259dov, \u015f\u0259hid F\u0259xri Q\u0259ribzad\u0259nin anas\u0131 Mehpar\u0259 Q\u0259ribova, \u201cQaraba\u011f\u201d ordenli&hellip;<\/p>\n","protected":false},"author":2,"featured_media":684231,"comment_status":"closed","ping_status":"closed","sticky":false,"template":"","format":"standard","meta":{"om_disable_all_campaigns":false,"_monsterinsights_skip_tracking":false,"_monsterinsights_sitenote_active":false,"_monsterinsights_sitenote_note":"","_monsterinsights_sitenote_category":0},"categories":[2],"tags":[],"aioseo_notices":[],"gutentor_comment":0,"rttpg_featured_image_url":{"full":["https:\/\/arantv.az\/wp-content\/uploads\/2024\/01\/thumb-153.jpg",360,239,false],"landscape":["https:\/\/arantv.az\/wp-content\/uploads\/2024\/01\/thumb-153.jpg",360,239,false],"portraits":["https:\/\/arantv.az\/wp-content\/uploads\/2024\/01\/thumb-153.jpg",360,239,false],"thumbnail":["https:\/\/arantv.az\/wp-content\/uploads\/2024\/01\/thumb-153.jpg",360,239,false],"medium":["https:\/\/arantv.az\/wp-content\/uploads\/2024\/01\/thumb-153.jpg",360,239,false],"large":["https:\/\/arantv.az\/wp-content\/uploads\/2024\/01\/thumb-153.jpg",360,239,false],"1536x1536":["https:\/\/arantv.az\/wp-content\/uploads\/2024\/01\/thumb-153.jpg",360,239,false],"2048x2048":["https:\/\/arantv.az\/wp-content\/uploads\/2024\/01\/thumb-153.jpg",360,239,false],"post-thumbnail":["https:\/\/arantv.az\/wp-content\/uploads\/2024\/01\/thumb-153-240x172.jpg",240,172,true],"advps-thumb-one":["https:\/\/arantv.az\/wp-content\/uploads\/2024\/01\/thumb-153.jpg",360,239,false]},"rttpg_author":{"display_name":"V\u00fcsal Rafiqo\u011flu","author_link":"https:\/\/arantv.az\/?author=2"},"rttpg_comment":0,"rttpg_category":"<a href=\"https:\/\/arantv.az\/?cat=2\" rel=\"category\">Region X\u0259b\u0259rl\u0259ri<\/a>","rttpg_excerpt":"2024-c\u00fc il fevral\u0131n 7-d\u0259 \u00f6lk\u0259mizd\u0259 ke\u00e7iril\u0259c\u0259k prezident se\u00e7kil\u0259ri il\u0259 \u0259laq\u0259dar Yeni Az\u0259rbaycan Partiyas\u0131 t\u0259r\u0259find\u0259n namiz\u0259dliyi ir\u0259li s\u00fcr\u00fclm\u00fc\u015f \u0130lham Heyd\u0259r o\u011flu \u018fliyevin se\u00e7kiqaba\u011f\u0131 t\u0259\u015fviqat kampaniyas\u0131 \u00e7\u0259r\u00e7iv\u0259sind\u0259 yanvar\u0131n 25-d\u0259 B\u0259rd\u0259 rayonunda se\u00e7icil\u0259rl\u0259 g\u00f6r\u00fc\u015f ke\u00e7irilib. G\u00f6r\u00fc\u015fl\u0259rd\u0259 Az\u0259rbaycan Respublikas\u0131n\u0131n D\u00f6vl\u0259t Himni s\u0259sl\u0259ndirilib. \u00dcmummilli Lider Heyd\u0259r \u018fliyevin v\u0259 torpaqlar\u0131m\u0131z\u0131n \u0259razi b\u00fct\u00f6vl\u00fcy\u00fc u\u011frunda h\u0259lak olmu\u015f \u015f\u0259hidl\u0259rimizin \u0259ziz xatir\u0259si bir d\u0259qiq\u0259lik s\u00fckutla&hellip;","_links":{"self":[{"href":"https:\/\/arantv.az\/index.php?rest_route=\/wp\/v2\/posts\/684230"}],"collection":[{"href":"https:\/\/arantv.az\/index.php?rest_route=\/wp\/v2\/posts"}],"about":[{"href":"https:\/\/arantv.az\/index.php?rest_route=\/wp\/v2\/types\/post"}],"author":[{"embeddable":true,"href":"https:\/\/arantv.az\/index.php?rest_route=\/wp\/v2\/users\/2"}],"replies":[{"embeddable":true,"href":"https:\/\/arantv.az\/index.php?rest_route=%2Fwp%2Fv2%2Fcomments&post=684230"}],"version-history":[{"count":0,"href":"https:\/\/arantv.az\/index.php?rest_route=\/wp\/v2\/posts\/684230\/revisions"}],"wp:featuredmedia":[{"embeddable":true,"href":"https:\/\/arantv.az\/index.php?rest_route=\/wp\/v2\/media\/684231"}],"wp:attachment":[{"href":"https:\/\/arantv.az\/index.php?rest_route=%2Fwp%2Fv2%2Fmedia&parent=684230"}],"wp:term":[{"taxonomy":"category","embeddable":true,"href":"https:\/\/arantv.az\/index.php?rest_route=%2Fwp%2Fv2%2Fcategories&post=684230"},{"taxonomy":"post_tag","embeddable":true,"href":"https:\/\/arantv.az\/index.php?rest_route=%2Fwp%2Fv2%2Ftags&post=684230"}],"curies":[{"name":"wp","href":"https:\/\/api.w.org\/{rel}","templated":true}]}}