{"id":684257,"date":"2024-01-27T10:11:00","date_gmt":"2024-01-27T06:11:00","guid":{"rendered":"https:\/\/arantv.az\/?p=684257"},"modified":"2024-01-27T10:11:00","modified_gmt":"2024-01-27T06:11:00","slug":"turkiy%c9%99d%c9%99-guclu-z%c9%99lz%c9%99l%c9%99-oldu-foto","status":"publish","type":"post","link":"https:\/\/arantv.az\/?p=684257","title":{"rendered":"T\u00fcrkiy\u0259d\u0259 g\u00fccl\u00fc z\u0259lz\u0259l\u0259 oldu &#8211; FOTO"},"content":{"rendered":"<p>T\u00fcrkiy\u0259nin \u0130zmir \u015f\u0259h\u0259ri v\u0259 \u0259traf vilay\u0259tl\u0259rd\u0259 hiss edil\u0259n z\u0259lz\u0259l\u0259 ba\u015f verib.<\/p>\n<p>Bu bar\u0259d\u0259 T\u00fcrkiy\u0259 T\u0259bii F\u0259lak\u0259tl\u0259r v\u0259 F\u00f6vq\u0259lad\u0259 Hallar\u0131n \u0130dar\u0259 Edilm\u0259si Agentliyind\u0259n (AFAD)\u00a0m\u0259lumat verilib.<\/p>\n<p>M\u0259lumata g\u00f6r\u0259, \u0130zmir Menderesd\u0259 8,51 kilometr d\u0259rinlikd\u0259 ba\u015f ver\u0259n z\u0259lz\u0259l\u0259nin g\u00fcc\u00fc 5,1 bal olub. Z\u0259lz\u0259l\u0259 Manisa v\u0259 Ayd\u0131n kimi \u0259traf vilay\u0259tl\u0259rd\u0259 d\u0259 hiss olunub.<\/p>\n<p>H\u0259m\u00e7inin M\u0259rm\u0259r\u0259 d\u0259nizinin Mudanya sahill\u0259rind\u0259 d\u0259 \u00fc\u00e7 bal g\u00fcc\u00fcnd\u0259 z\u0259lz\u0259l\u0259 olub. Z\u0259lz\u0259l\u0259 9,51 kilometr d\u0259rinlikd\u0259 qeyd\u0259 al\u0131n\u0131b.<\/p>\n<p>&nbsp;<\/p>\n<div class=\"gallery\">\n<div class=\"gallery-i\"><img src=\"https:\/\/cdn.oxu.az\/uploads\/W1siZiIsIjIwMjQvMDEvMjcvMDkvNDUvMTAvZjNhMjk4YmQtNjU3ZC00MGJlLTg0NjAtYWMyMTkzMzYxYzg0LzQxNTA2NDUxMV85MzI2NTkxMDUwNDEyNjlfNTA2ODA5NzA2NTkxNDczODUxMV9uLnBuZyJdLFsicCIsImVuY29kZSIsImpwZyIsIi1xdWFsaXR5IDgwIl0sWyJwIiwidGh1bWIiLCI1OTB4NTkwXHUwMDNlIl1d?sha=006c80b4a3438681\" alt=\"\" \/><\/p>\n<div class=\"gallery-i-caption\"><\/div>\n<\/div>\n<\/div>\n<p>M\u0259nb\u0259: Haber Global<\/p>\n","protected":false},"excerpt":{"rendered":"<p>T\u00fcrkiy\u0259nin \u0130zmir \u015f\u0259h\u0259ri v\u0259 \u0259traf vilay\u0259tl\u0259rd\u0259 hiss edil\u0259n z\u0259lz\u0259l\u0259 ba\u015f verib. Bu bar\u0259d\u0259 T\u00fcrkiy\u0259 T\u0259bii F\u0259lak\u0259tl\u0259r v\u0259 F\u00f6vq\u0259lad\u0259 Hallar\u0131n \u0130dar\u0259 Edilm\u0259si Agentliyind\u0259n (AFAD)\u00a0m\u0259lumat verilib. M\u0259lumata g\u00f6r\u0259, \u0130zmir Menderesd\u0259 8,51 kilometr d\u0259rinlikd\u0259 ba\u015f ver\u0259n z\u0259lz\u0259l\u0259nin g\u00fcc\u00fc 5,1 bal olub. Z\u0259lz\u0259l\u0259 Manisa v\u0259 Ayd\u0131n kimi \u0259traf vilay\u0259tl\u0259rd\u0259 d\u0259 hiss olunub. H\u0259m\u00e7inin M\u0259rm\u0259r\u0259 d\u0259nizinin Mudanya sahill\u0259rind\u0259 d\u0259 \u00fc\u00e7 bal g\u00fcc\u00fcnd\u0259 z\u0259lz\u0259l\u0259 olub. Z\u0259lz\u0259l\u0259 9,51 kilometr d\u0259rinlikd\u0259 qeyd\u0259 al\u0131n\u0131b. &nbsp; M\u0259nb\u0259: Haber Global<\/p>\n","protected":false},"author":2,"featured_media":684258,"comment_status":"closed","ping_status":"closed","sticky":false,"template":"","format":"standard","meta":{"om_disable_all_campaigns":false,"_monsterinsights_skip_tracking":false,"_monsterinsights_sitenote_active":false,"_monsterinsights_sitenote_note":"","_monsterinsights_sitenote_category":0},"categories":[7],"tags":[],"aioseo_notices":[],"gutentor_comment":0,"rttpg_featured_image_url":{"full":["https:\/\/arantv.az\/wp-content\/uploads\/2024\/01\/FotoJet-2024-01-27T094129.549.jpg",620,413,false],"landscape":["https:\/\/arantv.az\/wp-content\/uploads\/2024\/01\/FotoJet-2024-01-27T094129.549.jpg",620,413,false],"portraits":["https:\/\/arantv.az\/wp-content\/uploads\/2024\/01\/FotoJet-2024-01-27T094129.549.jpg",620,413,false],"thumbnail":["https:\/\/arantv.az\/wp-content\/uploads\/2024\/01\/FotoJet-2024-01-27T094129.549-500x280.jpg",500,280,true],"medium":["https:\/\/arantv.az\/wp-content\/uploads\/2024\/01\/FotoJet-2024-01-27T094129.549-548x365.jpg",548,365,true],"large":["https:\/\/arantv.az\/wp-content\/uploads\/2024\/01\/FotoJet-2024-01-27T094129.549.jpg",620,413,false],"1536x1536":["https:\/\/arantv.az\/wp-content\/uploads\/2024\/01\/FotoJet-2024-01-27T094129.549.jpg",620,413,false],"2048x2048":["https:\/\/arantv.az\/wp-content\/uploads\/2024\/01\/FotoJet-2024-01-27T094129.549.jpg",620,413,false],"post-thumbnail":["https:\/\/arantv.az\/wp-content\/uploads\/2024\/01\/FotoJet-2024-01-27T094129.549-240x172.jpg",240,172,true],"advps-thumb-one":["https:\/\/arantv.az\/wp-content\/uploads\/2024\/01\/FotoJet-2024-01-27T094129.549.jpg",620,413,false]},"rttpg_author":{"display_name":"V\u00fcsal Rafiqo\u011flu","author_link":"https:\/\/arantv.az\/?author=2"},"rttpg_comment":0,"rttpg_category":"<a href=\"https:\/\/arantv.az\/?cat=7\" rel=\"category\">D\u00fcnya<\/a>","rttpg_excerpt":"T\u00fcrkiy\u0259nin \u0130zmir \u015f\u0259h\u0259ri v\u0259 \u0259traf vilay\u0259tl\u0259rd\u0259 hiss edil\u0259n z\u0259lz\u0259l\u0259 ba\u015f verib. Bu bar\u0259d\u0259 T\u00fcrkiy\u0259 T\u0259bii F\u0259lak\u0259tl\u0259r v\u0259 F\u00f6vq\u0259lad\u0259 Hallar\u0131n \u0130dar\u0259 Edilm\u0259si Agentliyind\u0259n (AFAD)\u00a0m\u0259lumat verilib. M\u0259lumata g\u00f6r\u0259, \u0130zmir Menderesd\u0259 8,51 kilometr d\u0259rinlikd\u0259 ba\u015f ver\u0259n z\u0259lz\u0259l\u0259nin g\u00fcc\u00fc 5,1 bal olub. Z\u0259lz\u0259l\u0259 Manisa v\u0259 Ayd\u0131n kimi \u0259traf vilay\u0259tl\u0259rd\u0259 d\u0259 hiss olunub. H\u0259m\u00e7inin M\u0259rm\u0259r\u0259 d\u0259nizinin Mudanya sahill\u0259rind\u0259 d\u0259 \u00fc\u00e7&hellip;","_links":{"self":[{"href":"https:\/\/arantv.az\/index.php?rest_route=\/wp\/v2\/posts\/684257"}],"collection":[{"href":"https:\/\/arantv.az\/index.php?rest_route=\/wp\/v2\/posts"}],"about":[{"href":"https:\/\/arantv.az\/index.php?rest_route=\/wp\/v2\/types\/post"}],"author":[{"embeddable":true,"href":"https:\/\/arantv.az\/index.php?rest_route=\/wp\/v2\/users\/2"}],"replies":[{"embeddable":true,"href":"https:\/\/arantv.az\/index.php?rest_route=%2Fwp%2Fv2%2Fcomments&post=684257"}],"version-history":[{"count":0,"href":"https:\/\/arantv.az\/index.php?rest_route=\/wp\/v2\/posts\/684257\/revisions"}],"wp:featuredmedia":[{"embeddable":true,"href":"https:\/\/arantv.az\/index.php?rest_route=\/wp\/v2\/media\/684258"}],"wp:attachment":[{"href":"https:\/\/arantv.az\/index.php?rest_route=%2Fwp%2Fv2%2Fmedia&parent=684257"}],"wp:term":[{"taxonomy":"category","embeddable":true,"href":"https:\/\/arantv.az\/index.php?rest_route=%2Fwp%2Fv2%2Fcategories&post=684257"},{"taxonomy":"post_tag","embeddable":true,"href":"https:\/\/arantv.az\/index.php?rest_route=%2Fwp%2Fv2%2Ftags&post=684257"}],"curies":[{"name":"wp","href":"https:\/\/api.w.org\/{rel}","templated":true}]}}