{"id":684264,"date":"2024-01-27T10:12:48","date_gmt":"2024-01-27T06:12:48","guid":{"rendered":"https:\/\/arantv.az\/?p=684264"},"modified":"2024-01-27T10:12:48","modified_gmt":"2024-01-27T06:12:48","slug":"iranda-s%c9%99firliyimizd%c9%99-terror-akti-t%c9%99skil-ed%c9%99n-s%c9%99xsin-ilk-m%c9%99hk%c9%99m%c9%99-iclasi-bu-gun-keciril%c9%99c%c9%99k-foto","status":"publish","type":"post","link":"https:\/\/arantv.az\/?p=684264","title":{"rendered":"\u0130randa s\u0259firliyimizd\u0259 terror akt\u0131 t\u0259\u015fkil ed\u0259n \u015f\u0259xsin ilk m\u0259hk\u0259m\u0259 iclas\u0131 bu g\u00fcn ke\u00e7iril\u0259c\u0259k &#8211; FOTO"},"content":{"rendered":"<p>Az\u0259rbaycan Respublikas\u0131n\u0131n \u0130ran \u0130slam Respublikas\u0131ndak\u0131 S\u0259firliyin\u0259 qar\u015f\u0131 terror h\u00fccumunu t\u00f6r\u0259tmi\u015f Yasin H\u00fcseynzad\u0259 hakim qar\u015f\u0131s\u0131na \u00e7\u0131xar\u0131l\u0131r.<\/p>\n<p>Bununla ba\u011fl\u0131 m\u0259lumat Az\u0259rbaycan Xarici \u0130\u015fl\u0259r Nazirliyinin terakt\u0131n birinci ild\u00f6n\u00fcm\u00fc il\u0259 ba\u011fl\u0131 b\u0259yanat\u0131nda qeyd olunub.<\/p>\n<p>Bildirilib ki, m\u0259hk\u0259m\u0259nin ilk iclas\u0131 bu g\u00fcn\u0259 t\u0259yin olunub.<\/p>\n<p>Qeyd ed\u0259k ki, terror h\u00fccumu n\u0259tic\u0259sind\u0259 S\u0259firliyin bir \u0259m\u0259kda\u015f\u0131 h\u0259lak olub, dig\u0259r iki \u0259m\u0259lda\u015f\u0131 is\u0259 m\u00fcxt\u0259lif b\u0259d\u0259n x\u0259sar\u0259tl\u0259ri alaraq a\u011f\u0131r yaralan\u0131b. H\u00fccumdan sonra insanlar\u0131n h\u0259yat v\u0259 t\u0259hl\u00fck\u0259sizliyin\u0259 yaranm\u0131\u015f ciddi risk v\u0259ziyy\u0259ti n\u0259z\u0259r\u0259 al\u0131naraq, S\u0259firliyin \u0259m\u0259kda\u015flar\u0131n\u0131n v\u0259 ail\u0259 \u00fczvl\u0259rinin t\u0259xliy\u0259si h\u0259yata ke\u00e7irilib.<\/p>\n<p>&nbsp;<\/p>\n<div class=\"gallery\">\n<div class=\"gallery-i\"><img src=\"https:\/\/cdn.oxu.az\/uploads\/W1siZiIsIjIwMjQvMDEvMjcvMDkvMjcvMDIvOTc1NjRlMzktNDYxZC00NDAzLWI1YjAtOTQ5NzFjZjg2M2UyL0ZvdG9KZXQgLSAyMDIzLTAxLTI3VDE3MTQ1Ni4xNjAuanBnIl0sWyJwIiwiZW5jb2RlIiwianBnIiwiLXF1YWxpdHkgODAiXSxbInAiLCJ0aHVtYiIsIjU5MHg1OTBcdTAwM2UiXV0?sha=28584c2b3576ac0f\" alt=\"\" \/><\/div>\n<\/div>\n","protected":false},"excerpt":{"rendered":"<p>Az\u0259rbaycan Respublikas\u0131n\u0131n \u0130ran \u0130slam Respublikas\u0131ndak\u0131 S\u0259firliyin\u0259 qar\u015f\u0131 terror h\u00fccumunu t\u00f6r\u0259tmi\u015f Yasin H\u00fcseynzad\u0259 hakim qar\u015f\u0131s\u0131na \u00e7\u0131xar\u0131l\u0131r. Bununla ba\u011fl\u0131 m\u0259lumat Az\u0259rbaycan Xarici \u0130\u015fl\u0259r Nazirliyinin terakt\u0131n birinci ild\u00f6n\u00fcm\u00fc il\u0259 ba\u011fl\u0131 b\u0259yanat\u0131nda qeyd olunub. Bildirilib ki, m\u0259hk\u0259m\u0259nin ilk iclas\u0131 bu g\u00fcn\u0259 t\u0259yin olunub. Qeyd ed\u0259k ki, terror h\u00fccumu n\u0259tic\u0259sind\u0259 S\u0259firliyin bir \u0259m\u0259kda\u015f\u0131 h\u0259lak olub, dig\u0259r iki \u0259m\u0259lda\u015f\u0131 is\u0259 m\u00fcxt\u0259lif b\u0259d\u0259n x\u0259sar\u0259tl\u0259ri alaraq a\u011f\u0131r yaralan\u0131b. H\u00fccumdan sonra insanlar\u0131n h\u0259yat v\u0259 t\u0259hl\u00fck\u0259sizliyin\u0259 yaranm\u0131\u015f ciddi risk v\u0259ziyy\u0259ti n\u0259z\u0259r\u0259 al\u0131naraq, S\u0259firliyin \u0259m\u0259kda\u015flar\u0131n\u0131n v\u0259 ail\u0259 \u00fczvl\u0259rinin t\u0259xliy\u0259si h\u0259yata ke\u00e7irilib. &nbsp;<\/p>\n","protected":false},"author":2,"featured_media":684265,"comment_status":"closed","ping_status":"closed","sticky":false,"template":"","format":"standard","meta":{"om_disable_all_campaigns":false,"_monsterinsights_skip_tracking":false,"_monsterinsights_sitenote_active":false,"_monsterinsights_sitenote_note":"","_monsterinsights_sitenote_category":0},"categories":[1],"tags":[],"aioseo_notices":[],"gutentor_comment":0,"rttpg_featured_image_url":{"full":["https:\/\/arantv.az\/wp-content\/uploads\/2024\/01\/FotoJet-24-4.jpg",620,413,false],"landscape":["https:\/\/arantv.az\/wp-content\/uploads\/2024\/01\/FotoJet-24-4.jpg",620,413,false],"portraits":["https:\/\/arantv.az\/wp-content\/uploads\/2024\/01\/FotoJet-24-4.jpg",620,413,false],"thumbnail":["https:\/\/arantv.az\/wp-content\/uploads\/2024\/01\/FotoJet-24-4-500x280.jpg",500,280,true],"medium":["https:\/\/arantv.az\/wp-content\/uploads\/2024\/01\/FotoJet-24-4-548x365.jpg",548,365,true],"large":["https:\/\/arantv.az\/wp-content\/uploads\/2024\/01\/FotoJet-24-4.jpg",620,413,false],"1536x1536":["https:\/\/arantv.az\/wp-content\/uploads\/2024\/01\/FotoJet-24-4.jpg",620,413,false],"2048x2048":["https:\/\/arantv.az\/wp-content\/uploads\/2024\/01\/FotoJet-24-4.jpg",620,413,false],"post-thumbnail":["https:\/\/arantv.az\/wp-content\/uploads\/2024\/01\/FotoJet-24-4-240x172.jpg",240,172,true],"advps-thumb-one":["https:\/\/arantv.az\/wp-content\/uploads\/2024\/01\/FotoJet-24-4.jpg",620,413,false]},"rttpg_author":{"display_name":"V\u00fcsal Rafiqo\u011flu","author_link":"https:\/\/arantv.az\/?author=2"},"rttpg_comment":0,"rttpg_category":"<a href=\"https:\/\/arantv.az\/?cat=1\" rel=\"category\">C\u0259miyy\u0259t<\/a>","rttpg_excerpt":"Az\u0259rbaycan Respublikas\u0131n\u0131n \u0130ran \u0130slam Respublikas\u0131ndak\u0131 S\u0259firliyin\u0259 qar\u015f\u0131 terror h\u00fccumunu t\u00f6r\u0259tmi\u015f Yasin H\u00fcseynzad\u0259 hakim qar\u015f\u0131s\u0131na \u00e7\u0131xar\u0131l\u0131r. Bununla ba\u011fl\u0131 m\u0259lumat Az\u0259rbaycan Xarici \u0130\u015fl\u0259r Nazirliyinin terakt\u0131n birinci ild\u00f6n\u00fcm\u00fc il\u0259 ba\u011fl\u0131 b\u0259yanat\u0131nda qeyd olunub. Bildirilib ki, m\u0259hk\u0259m\u0259nin ilk iclas\u0131 bu g\u00fcn\u0259 t\u0259yin olunub. Qeyd ed\u0259k ki, terror h\u00fccumu n\u0259tic\u0259sind\u0259 S\u0259firliyin bir \u0259m\u0259kda\u015f\u0131 h\u0259lak olub, dig\u0259r iki \u0259m\u0259lda\u015f\u0131 is\u0259 m\u00fcxt\u0259lif&hellip;","_links":{"self":[{"href":"https:\/\/arantv.az\/index.php?rest_route=\/wp\/v2\/posts\/684264"}],"collection":[{"href":"https:\/\/arantv.az\/index.php?rest_route=\/wp\/v2\/posts"}],"about":[{"href":"https:\/\/arantv.az\/index.php?rest_route=\/wp\/v2\/types\/post"}],"author":[{"embeddable":true,"href":"https:\/\/arantv.az\/index.php?rest_route=\/wp\/v2\/users\/2"}],"replies":[{"embeddable":true,"href":"https:\/\/arantv.az\/index.php?rest_route=%2Fwp%2Fv2%2Fcomments&post=684264"}],"version-history":[{"count":0,"href":"https:\/\/arantv.az\/index.php?rest_route=\/wp\/v2\/posts\/684264\/revisions"}],"wp:featuredmedia":[{"embeddable":true,"href":"https:\/\/arantv.az\/index.php?rest_route=\/wp\/v2\/media\/684265"}],"wp:attachment":[{"href":"https:\/\/arantv.az\/index.php?rest_route=%2Fwp%2Fv2%2Fmedia&parent=684264"}],"wp:term":[{"taxonomy":"category","embeddable":true,"href":"https:\/\/arantv.az\/index.php?rest_route=%2Fwp%2Fv2%2Fcategories&post=684264"},{"taxonomy":"post_tag","embeddable":true,"href":"https:\/\/arantv.az\/index.php?rest_route=%2Fwp%2Fv2%2Ftags&post=684264"}],"curies":[{"name":"wp","href":"https:\/\/api.w.org\/{rel}","templated":true}]}}