{"id":684267,"date":"2024-01-27T10:13:42","date_gmt":"2024-01-27T06:13:42","guid":{"rendered":"https:\/\/arantv.az\/?p=684267"},"modified":"2024-01-27T10:13:42","modified_gmt":"2024-01-27T06:13:42","slug":"irandaki-s%c9%99firliyimizd%c9%99-tor%c9%99dil%c9%99n-teraktdan-bir-il-otur-xin-d%c9%99n-b%c9%99yanat-video","status":"publish","type":"post","link":"https:\/\/arantv.az\/?p=684267","title":{"rendered":"\u0130randak\u0131 s\u0259firliyimizd\u0259 t\u00f6r\u0259dil\u0259n teraktdan bir il \u00f6t\u00fcr &#8211; X\u0130N-d\u0259n B\u018fYANAT + V\u0130DEO"},"content":{"rendered":"<p>Az\u0259rbaycan Respublikas\u0131n\u0131n \u0130ran \u0130slam Respublikas\u0131ndak\u0131 S\u0259firliyin\u0259 qar\u015f\u0131 terror h\u00fccumunun birinci ild\u00f6n\u00fcm\u00fc il\u0259 ba\u011fl\u0131 Xarici \u0130\u015fl\u0259r Nazirliyi b\u0259yanat yay\u0131b.<\/p>\n<p>B\u0259yanatda deyilir:<\/p>\n<p>\u201c27 yanvar 2024-c\u00fc il tarixind\u0259 Az\u0259rbaycan Respublikas\u0131n\u0131n \u0130ran \u0130slam Respublikas\u0131ndak\u0131 S\u0259firliyin\u0259 qar\u015f\u0131 t\u00f6r\u0259dilmi\u015f terror h\u00fccumundan bir il \u00f6t\u00fcr.<\/p>\n<p>Terror h\u00fccumu n\u0259tic\u0259sind\u0259 S\u0259firliyin bir \u0259m\u0259kda\u015f\u0131 h\u0259lak olub, dig\u0259r iki \u0259m\u0259lda\u015f\u0131 is\u0259 m\u00fcxt\u0259lif b\u0259d\u0259n x\u0259sar\u0259tl\u0259ri alaraq a\u011f\u0131r yaralan\u0131b. H\u00fccumdan sonra insanlar\u0131n h\u0259yat v\u0259 t\u0259hl\u00fck\u0259sizliyin\u0259 yaranm\u0131\u015f ciddi risk v\u0259ziyy\u0259ti n\u0259z\u0259r\u0259 al\u0131naraq, S\u0259firliyin \u0259m\u0259kda\u015flar\u0131n\u0131n v\u0259 ail\u0259 \u00fczvl\u0259rinin t\u0259xliy\u0259si h\u0259yata ke\u00e7irilib.<\/p>\n<p>S\u0259firliy\u0259 qar\u015f\u0131 t\u00f6r\u0259dilmi\u015f terror akt\u0131 fonunda akkreditasiya \u00f6lk\u0259si kimi \u0130ran t\u0259r\u0259fi \u201cDiplomatik \u018flaq\u0259l\u0259r haqq\u0131nda Vyana Konvensiyas\u0131\u201dndan ir\u0259li g\u0259l\u0259r\u0259k S\u0259firliyin binas\u0131n\u0131n h\u0259r c\u00fcr h\u00fccumlardan qorunmas\u0131 v\u0259 onun \u0259m\u0259kda\u015flar\u0131n\u0131n t\u0259hl\u00fck\u0259sizliyinin t\u0259minat\u0131na dair \u00f6hd\u0259liyini yerin\u0259 yetirm\u0259yib.<\/p>\n<p>Terror akt\u0131ndan sonra bir \u00e7ox d\u00f6vl\u0259tl\u0259r v\u0259 beyn\u0259lxalq t\u0259\u015fkilatlar beyn\u0259lxalq m\u00fcnasib\u0259tl\u0259rd\u0259 diplomatik missiyalara h\u00fccumun q\u0259buledilm\u0259z oldu\u011fu, terror akt\u0131n\u0131n q\u0259tiyy\u0259tl\u0259 pisl\u0259ndiyi b\u0259yanatlarla \u00e7\u0131x\u0131\u015f edibl\u0259r.<\/p>\n<p>Terror h\u00fccumu il\u0259 ba\u011fl\u0131 Az\u0259rbaycanla \u0130ran aras\u0131nda yaranm\u0131\u015f v\u0259ziyy\u0259tin aradan qald\u0131r\u0131lmas\u0131, s\u00f6z\u00fcged\u0259n terror akt\u0131n\u0131n t\u0259\u015fkili v\u0259 t\u00f6r\u0259dilm\u0259sind\u0259 \u0259li olanlar\u0131n \u0259n a\u011f\u0131r \u015f\u0259kild\u0259 c\u0259zaland\u0131r\u0131lmas\u0131, S\u0259firliyin t\u0259hl\u00fck\u0259sizliyin\u0259 tam t\u0259minat\u0131n verilm\u0259si istiqam\u0259tind\u0259 son bir il \u0259rzind\u0259 iki \u00f6lk\u0259nin r\u0259smi \u015f\u0259xsl\u0259ri v\u0259 aidiyy\u0259ti qurumlar\u0131 aras\u0131nda m\u00fct\u0259madi t\u0259maslar davam etdirilib, Az\u0259rbaycan t\u0259r\u0259finin g\u00f6zl\u0259ntil\u0259ri qar\u015f\u0131 t\u0259r\u0259f\u0259 \u00e7atd\u0131r\u0131b. \u0130ran t\u0259r\u0259fi apar\u0131lan istintaq t\u0259dbirl\u0259ri bar\u0259d\u0259 m\u00fct\u0259madi \u0259sasda Az\u0259rbaycan t\u0259r\u0259fini m\u0259lumatland\u0131r\u0131b, uzun m\u00fcdd\u0259t apar\u0131lm\u0131\u015f prosesd\u0259n sonra terror akt\u0131n\u0131 t\u00f6r\u0259d\u0259n \u015f\u0259xsin m\u0259hk\u0259m\u0259sinin ilk iclas\u0131n\u0131 27 yanvar 2024-c\u00fc il tarixin\u0259 t\u0259yin edib.<\/p>\n<p>S\u0259firliy\u0259 qar\u015f\u0131 t\u00f6r\u0259dilmi\u015f terror akt\u0131n\u0131n birinci ild\u00f6n\u00fcm\u00fcnd\u0259 \u015f\u0259hidimizin yax\u0131nlar\u0131na d\u0259rin h\u00fcznl\u0259 ba\u015fsa\u011fl\u0131\u011f\u0131 verir, bu h\u00fccumu bir daha q\u0259tiyy\u0259tl\u0259 pisl\u0259yir, g\u00fcnahkarlar\u0131n \u00f6z layiqli c\u0259zalar\u0131na \u00e7atmalar\u0131 v\u0259 g\u0259l\u0259c\u0259kd\u0259 bu q\u0259bild\u0259n \u0259m\u0259ll\u0259rin qar\u015f\u0131s\u0131n\u0131n al\u0131nmas\u0131 istiqam\u0259tind\u0259 \u0130ran t\u0259r\u0259find\u0259n tezlikl\u0259 n\u0259tic\u0259y\u00f6n\u00fcml\u00fc add\u0131mlar\u0131n at\u0131laca\u011f\u0131n\u0131 g\u00f6zl\u0259yirik\u201d.<\/p>\n<div><iframe loading=\"lazy\" id=\"telegram-post-oxuaze-78862\" src=\"https:\/\/t.me\/oxuaze\/78862?embed=1\" width=\"100%\" height=\"\" frameborder=\"0\" scrolling=\"no\" data-mce-fragment=\"1\"><\/iframe><\/div>\n<p>&nbsp;<\/p>\n","protected":false},"excerpt":{"rendered":"<p>Az\u0259rbaycan Respublikas\u0131n\u0131n \u0130ran \u0130slam Respublikas\u0131ndak\u0131 S\u0259firliyin\u0259 qar\u015f\u0131 terror h\u00fccumunun birinci ild\u00f6n\u00fcm\u00fc il\u0259 ba\u011fl\u0131 Xarici \u0130\u015fl\u0259r Nazirliyi b\u0259yanat yay\u0131b. B\u0259yanatda deyilir: \u201c27 yanvar 2024-c\u00fc il tarixind\u0259 Az\u0259rbaycan Respublikas\u0131n\u0131n \u0130ran \u0130slam Respublikas\u0131ndak\u0131 S\u0259firliyin\u0259 qar\u015f\u0131 t\u00f6r\u0259dilmi\u015f terror h\u00fccumundan bir il \u00f6t\u00fcr. Terror h\u00fccumu n\u0259tic\u0259sind\u0259 S\u0259firliyin bir \u0259m\u0259kda\u015f\u0131 h\u0259lak olub, dig\u0259r iki \u0259m\u0259lda\u015f\u0131 is\u0259 m\u00fcxt\u0259lif b\u0259d\u0259n x\u0259sar\u0259tl\u0259ri alaraq a\u011f\u0131r yaralan\u0131b. H\u00fccumdan sonra insanlar\u0131n h\u0259yat v\u0259 t\u0259hl\u00fck\u0259sizliyin\u0259 yaranm\u0131\u015f ciddi risk v\u0259ziyy\u0259ti n\u0259z\u0259r\u0259 al\u0131naraq, S\u0259firliyin \u0259m\u0259kda\u015flar\u0131n\u0131n v\u0259 ail\u0259 \u00fczvl\u0259rinin t\u0259xliy\u0259si h\u0259yata ke\u00e7irilib. S\u0259firliy\u0259 qar\u015f\u0131 t\u00f6r\u0259dilmi\u015f terror akt\u0131 fonunda akkreditasiya \u00f6lk\u0259si kimi \u0130ran t\u0259r\u0259fi \u201cDiplomatik \u018flaq\u0259l\u0259r haqq\u0131nda&hellip;<\/p>\n","protected":false},"author":2,"featured_media":557829,"comment_status":"closed","ping_status":"closed","sticky":false,"template":"","format":"standard","meta":{"om_disable_all_campaigns":false,"_monsterinsights_skip_tracking":false,"_monsterinsights_sitenote_active":false,"_monsterinsights_sitenote_note":"","_monsterinsights_sitenote_category":0},"categories":[4],"tags":[],"aioseo_notices":[],"gutentor_comment":0,"rttpg_featured_image_url":{"full":["https:\/\/arantv.az\/wp-content\/uploads\/2023\/01\/XIN.jpg",975,540,false],"landscape":["https:\/\/arantv.az\/wp-content\/uploads\/2023\/01\/XIN.jpg",975,540,false],"portraits":["https:\/\/arantv.az\/wp-content\/uploads\/2023\/01\/XIN.jpg",975,540,false],"thumbnail":["https:\/\/arantv.az\/wp-content\/uploads\/2023\/01\/XIN-500x280.jpg",500,280,true],"medium":["https:\/\/arantv.az\/wp-content\/uploads\/2023\/01\/XIN-660x365.jpg",660,365,true],"large":["https:\/\/arantv.az\/wp-content\/uploads\/2023\/01\/XIN-840x465.jpg",640,354,true],"1536x1536":["https:\/\/arantv.az\/wp-content\/uploads\/2023\/01\/XIN.jpg",975,540,false],"2048x2048":["https:\/\/arantv.az\/wp-content\/uploads\/2023\/01\/XIN.jpg",975,540,false],"post-thumbnail":["https:\/\/arantv.az\/wp-content\/uploads\/2023\/01\/XIN-240x172.jpg",240,172,true],"advps-thumb-one":["https:\/\/arantv.az\/wp-content\/uploads\/2023\/01\/XIN.jpg",975,540,false]},"rttpg_author":{"display_name":"V\u00fcsal Rafiqo\u011flu","author_link":"https:\/\/arantv.az\/?author=2"},"rttpg_comment":0,"rttpg_category":"<a href=\"https:\/\/arantv.az\/?cat=4\" rel=\"category\">Siyas\u0259t<\/a>","rttpg_excerpt":"Az\u0259rbaycan Respublikas\u0131n\u0131n \u0130ran \u0130slam Respublikas\u0131ndak\u0131 S\u0259firliyin\u0259 qar\u015f\u0131 terror h\u00fccumunun birinci ild\u00f6n\u00fcm\u00fc il\u0259 ba\u011fl\u0131 Xarici \u0130\u015fl\u0259r Nazirliyi b\u0259yanat yay\u0131b. B\u0259yanatda deyilir: \u201c27 yanvar 2024-c\u00fc il tarixind\u0259 Az\u0259rbaycan Respublikas\u0131n\u0131n \u0130ran \u0130slam Respublikas\u0131ndak\u0131 S\u0259firliyin\u0259 qar\u015f\u0131 t\u00f6r\u0259dilmi\u015f terror h\u00fccumundan bir il \u00f6t\u00fcr. Terror h\u00fccumu n\u0259tic\u0259sind\u0259 S\u0259firliyin bir \u0259m\u0259kda\u015f\u0131 h\u0259lak olub, dig\u0259r iki \u0259m\u0259lda\u015f\u0131 is\u0259 m\u00fcxt\u0259lif b\u0259d\u0259n x\u0259sar\u0259tl\u0259ri alaraq a\u011f\u0131r&hellip;","_links":{"self":[{"href":"https:\/\/arantv.az\/index.php?rest_route=\/wp\/v2\/posts\/684267"}],"collection":[{"href":"https:\/\/arantv.az\/index.php?rest_route=\/wp\/v2\/posts"}],"about":[{"href":"https:\/\/arantv.az\/index.php?rest_route=\/wp\/v2\/types\/post"}],"author":[{"embeddable":true,"href":"https:\/\/arantv.az\/index.php?rest_route=\/wp\/v2\/users\/2"}],"replies":[{"embeddable":true,"href":"https:\/\/arantv.az\/index.php?rest_route=%2Fwp%2Fv2%2Fcomments&post=684267"}],"version-history":[{"count":0,"href":"https:\/\/arantv.az\/index.php?rest_route=\/wp\/v2\/posts\/684267\/revisions"}],"wp:featuredmedia":[{"embeddable":true,"href":"https:\/\/arantv.az\/index.php?rest_route=\/wp\/v2\/media\/557829"}],"wp:attachment":[{"href":"https:\/\/arantv.az\/index.php?rest_route=%2Fwp%2Fv2%2Fmedia&parent=684267"}],"wp:term":[{"taxonomy":"category","embeddable":true,"href":"https:\/\/arantv.az\/index.php?rest_route=%2Fwp%2Fv2%2Fcategories&post=684267"},{"taxonomy":"post_tag","embeddable":true,"href":"https:\/\/arantv.az\/index.php?rest_route=%2Fwp%2Fv2%2Ftags&post=684267"}],"curies":[{"name":"wp","href":"https:\/\/api.w.org\/{rel}","templated":true}]}}