{"id":684277,"date":"2024-01-27T10:16:32","date_gmt":"2024-01-27T06:16:32","guid":{"rendered":"https:\/\/arantv.az\/?p=684277"},"modified":"2024-01-27T10:16:32","modified_gmt":"2024-01-27T06:16:32","slug":"s%c9%99fir-yaxin-uc-ild%c9%99-qarabaga-v%c9%99-s%c9%99rqi-z%c9%99ng%c9%99zura-100-mind%c9%99n-cox-insan-qayidacaq","status":"publish","type":"post","link":"https:\/\/arantv.az\/?p=684277","title":{"rendered":"S\u0259fir: \u201cYax\u0131n \u00fc\u00e7 ild\u0259 Qaraba\u011fa v\u0259 \u015e\u0259rqi Z\u0259ng\u0259zura 100 mind\u0259n \u00e7ox insan qay\u0131dacaq\u201d"},"content":{"rendered":"<p>\u201cYax\u0131n \u00fc\u00e7 ild\u0259 Qaraba\u011f v\u0259 \u015e\u0259rqi Z\u0259ng\u0259zur iqtisadi rayonlar\u0131na 100 mind\u0259n \u00e7ox insan qay\u0131dacaq, m\u0259cburi k\u00f6\u00e7k\u00fcnl\u0259rin qaytar\u0131lmas\u0131 d\u00f6vl\u0259t proqram\u0131 \u00e7\u0259r\u00e7iv\u0259sind\u0259 h\u0259yata ke\u00e7irilir\u201d.<\/p>\n<p>Bunu Rusiyan\u0131n TASS agentliyin\u0259 m\u00fcsahib\u0259sind\u0259 Az\u0259rbaycan\u0131n bu \u00f6lk\u0259d\u0259ki s\u0259firi Polad B\u00fclb\u00fclo\u011flu deyib.<\/p>\n<p>Onun s\u00f6zl\u0259rin\u0259 g\u00f6r\u0259, \u201cAz\u0259rbaycan Respublikas\u0131n\u0131n i\u015f\u011faldan azad edilmi\u015f \u0259razil\u0259rin\u0259 B\u00f6y\u00fck Qay\u0131d\u0131\u015f D\u00f6vl\u0259t Proqram\u0131\u201dn\u0131n icras\u0131 n\u0259tic\u0259sind\u0259 m\u0259cburi k\u00f6\u00e7k\u00fcnl\u0259rin \u00f6z do\u011fma yurdlar\u0131na qay\u0131tmas\u0131 h\u0259yata ke\u00e7irilir.<\/p>\n<p>Bel\u0259 ki, \u00fcmumilikd\u0259 qar\u015f\u0131dak\u0131 \u00fc\u00e7 il \u0259rzind\u0259 100 mind\u0259n \u00e7ox insan\u0131n Qaraba\u011f v\u0259 \u015e\u0259rqi Z\u0259ng\u0259zur iqtisadi rayonlar\u0131na qay\u0131tmas\u0131 g\u00f6zl\u0259nilir.<\/p>\n<p>S\u0259fir bildirib ki, Az\u0259rbaycan \u0259razil\u0259rinin i\u015f\u011faldan azad edilm\u0259si t\u0259kc\u0259 Az\u0259rbaycanda deyil, b\u00fct\u00fcn regionda yeni reall\u0131qlar yarad\u0131b.<\/p>\n<p>Polad B\u00fclb\u00fclo\u011flu qeyd edib ki, son \u00fc\u00e7 ild\u0259 bu \u0259razil\u0259rd\u0259 geni\u015fmiqyasl\u0131 b\u0259rpa i\u015fl\u0259ri apar\u0131l\u0131b:<\/p>\n<p>\u201cBu g\u00fcn\u0259 q\u0259d\u0259r \u00f6lk\u0259 b\u00fcdc\u0259sind\u0259n bu m\u0259qs\u0259dl\u0259r \u00fc\u00e7\u00fcn b\u00f6y\u00fck maliyy\u0259 v\u0259saiti ayr\u0131l\u0131b. Bu, d\u00f6vl\u0259tin \u00f6z maliyy\u0259 resurslar\u0131 hesab\u0131na h\u0259yata ke\u00e7irdiyi m\u00fcnaqi\u015f\u0259d\u0259n sonrak\u0131 s\u00fcr\u0259tli yenid\u0259nqurman\u0131n unikal v\u0259 misilsiz modelidir\u201d.<\/p>\n","protected":false},"excerpt":{"rendered":"<p>\u201cYax\u0131n \u00fc\u00e7 ild\u0259 Qaraba\u011f v\u0259 \u015e\u0259rqi Z\u0259ng\u0259zur iqtisadi rayonlar\u0131na 100 mind\u0259n \u00e7ox insan qay\u0131dacaq, m\u0259cburi k\u00f6\u00e7k\u00fcnl\u0259rin qaytar\u0131lmas\u0131 d\u00f6vl\u0259t proqram\u0131 \u00e7\u0259r\u00e7iv\u0259sind\u0259 h\u0259yata ke\u00e7irilir\u201d. Bunu Rusiyan\u0131n TASS agentliyin\u0259 m\u00fcsahib\u0259sind\u0259 Az\u0259rbaycan\u0131n bu \u00f6lk\u0259d\u0259ki s\u0259firi Polad B\u00fclb\u00fclo\u011flu deyib. Onun s\u00f6zl\u0259rin\u0259 g\u00f6r\u0259, \u201cAz\u0259rbaycan Respublikas\u0131n\u0131n i\u015f\u011faldan azad edilmi\u015f \u0259razil\u0259rin\u0259 B\u00f6y\u00fck Qay\u0131d\u0131\u015f D\u00f6vl\u0259t Proqram\u0131\u201dn\u0131n icras\u0131 n\u0259tic\u0259sind\u0259 m\u0259cburi k\u00f6\u00e7k\u00fcnl\u0259rin \u00f6z do\u011fma yurdlar\u0131na qay\u0131tmas\u0131 h\u0259yata ke\u00e7irilir. Bel\u0259 ki, \u00fcmumilikd\u0259 qar\u015f\u0131dak\u0131 \u00fc\u00e7 il \u0259rzind\u0259 100 mind\u0259n \u00e7ox insan\u0131n Qaraba\u011f v\u0259 \u015e\u0259rqi Z\u0259ng\u0259zur iqtisadi rayonlar\u0131na qay\u0131tmas\u0131 g\u00f6zl\u0259nilir. S\u0259fir bildirib ki, Az\u0259rbaycan \u0259razil\u0259rinin i\u015f\u011faldan azad edilm\u0259si t\u0259kc\u0259 Az\u0259rbaycanda deyil, b\u00fct\u00fcn regionda yeni&hellip;<\/p>\n","protected":false},"author":2,"featured_media":640780,"comment_status":"closed","ping_status":"closed","sticky":false,"template":"","format":"standard","meta":{"om_disable_all_campaigns":false,"_monsterinsights_skip_tracking":false,"_monsterinsights_sitenote_active":false,"_monsterinsights_sitenote_note":"","_monsterinsights_sitenote_category":0},"categories":[4],"tags":[],"aioseo_notices":[],"gutentor_comment":0,"rttpg_featured_image_url":{"full":["https:\/\/arantv.az\/wp-content\/uploads\/2023\/10\/XankE_ndi-sE_hE_ri-Qarabag-iqtisadi-rayonu.jpg",620,413,false],"landscape":["https:\/\/arantv.az\/wp-content\/uploads\/2023\/10\/XankE_ndi-sE_hE_ri-Qarabag-iqtisadi-rayonu.jpg",620,413,false],"portraits":["https:\/\/arantv.az\/wp-content\/uploads\/2023\/10\/XankE_ndi-sE_hE_ri-Qarabag-iqtisadi-rayonu.jpg",620,413,false],"thumbnail":["https:\/\/arantv.az\/wp-content\/uploads\/2023\/10\/XankE_ndi-sE_hE_ri-Qarabag-iqtisadi-rayonu-500x280.jpg",500,280,true],"medium":["https:\/\/arantv.az\/wp-content\/uploads\/2023\/10\/XankE_ndi-sE_hE_ri-Qarabag-iqtisadi-rayonu-548x365.jpg",548,365,true],"large":["https:\/\/arantv.az\/wp-content\/uploads\/2023\/10\/XankE_ndi-sE_hE_ri-Qarabag-iqtisadi-rayonu.jpg",620,413,false],"1536x1536":["https:\/\/arantv.az\/wp-content\/uploads\/2023\/10\/XankE_ndi-sE_hE_ri-Qarabag-iqtisadi-rayonu.jpg",620,413,false],"2048x2048":["https:\/\/arantv.az\/wp-content\/uploads\/2023\/10\/XankE_ndi-sE_hE_ri-Qarabag-iqtisadi-rayonu.jpg",620,413,false],"post-thumbnail":["https:\/\/arantv.az\/wp-content\/uploads\/2023\/10\/XankE_ndi-sE_hE_ri-Qarabag-iqtisadi-rayonu-240x172.jpg",240,172,true],"advps-thumb-one":["https:\/\/arantv.az\/wp-content\/uploads\/2023\/10\/XankE_ndi-sE_hE_ri-Qarabag-iqtisadi-rayonu.jpg",620,413,false]},"rttpg_author":{"display_name":"V\u00fcsal Rafiqo\u011flu","author_link":"https:\/\/arantv.az\/?author=2"},"rttpg_comment":0,"rttpg_category":"<a href=\"https:\/\/arantv.az\/?cat=4\" rel=\"category\">Siyas\u0259t<\/a>","rttpg_excerpt":"\u201cYax\u0131n \u00fc\u00e7 ild\u0259 Qaraba\u011f v\u0259 \u015e\u0259rqi Z\u0259ng\u0259zur iqtisadi rayonlar\u0131na 100 mind\u0259n \u00e7ox insan qay\u0131dacaq, m\u0259cburi k\u00f6\u00e7k\u00fcnl\u0259rin qaytar\u0131lmas\u0131 d\u00f6vl\u0259t proqram\u0131 \u00e7\u0259r\u00e7iv\u0259sind\u0259 h\u0259yata ke\u00e7irilir\u201d. Bunu Rusiyan\u0131n TASS agentliyin\u0259 m\u00fcsahib\u0259sind\u0259 Az\u0259rbaycan\u0131n bu \u00f6lk\u0259d\u0259ki s\u0259firi Polad B\u00fclb\u00fclo\u011flu deyib. Onun s\u00f6zl\u0259rin\u0259 g\u00f6r\u0259, \u201cAz\u0259rbaycan Respublikas\u0131n\u0131n i\u015f\u011faldan azad edilmi\u015f \u0259razil\u0259rin\u0259 B\u00f6y\u00fck Qay\u0131d\u0131\u015f D\u00f6vl\u0259t Proqram\u0131\u201dn\u0131n icras\u0131 n\u0259tic\u0259sind\u0259 m\u0259cburi k\u00f6\u00e7k\u00fcnl\u0259rin \u00f6z do\u011fma yurdlar\u0131na qay\u0131tmas\u0131&hellip;","_links":{"self":[{"href":"https:\/\/arantv.az\/index.php?rest_route=\/wp\/v2\/posts\/684277"}],"collection":[{"href":"https:\/\/arantv.az\/index.php?rest_route=\/wp\/v2\/posts"}],"about":[{"href":"https:\/\/arantv.az\/index.php?rest_route=\/wp\/v2\/types\/post"}],"author":[{"embeddable":true,"href":"https:\/\/arantv.az\/index.php?rest_route=\/wp\/v2\/users\/2"}],"replies":[{"embeddable":true,"href":"https:\/\/arantv.az\/index.php?rest_route=%2Fwp%2Fv2%2Fcomments&post=684277"}],"version-history":[{"count":0,"href":"https:\/\/arantv.az\/index.php?rest_route=\/wp\/v2\/posts\/684277\/revisions"}],"wp:featuredmedia":[{"embeddable":true,"href":"https:\/\/arantv.az\/index.php?rest_route=\/wp\/v2\/media\/640780"}],"wp:attachment":[{"href":"https:\/\/arantv.az\/index.php?rest_route=%2Fwp%2Fv2%2Fmedia&parent=684277"}],"wp:term":[{"taxonomy":"category","embeddable":true,"href":"https:\/\/arantv.az\/index.php?rest_route=%2Fwp%2Fv2%2Fcategories&post=684277"},{"taxonomy":"post_tag","embeddable":true,"href":"https:\/\/arantv.az\/index.php?rest_route=%2Fwp%2Fv2%2Ftags&post=684277"}],"curies":[{"name":"wp","href":"https:\/\/api.w.org\/{rel}","templated":true}]}}