{"id":684821,"date":"2024-01-29T11:47:56","date_gmt":"2024-01-29T07:47:56","guid":{"rendered":"https:\/\/arantv.az\/?p=684821"},"modified":"2024-01-29T11:47:56","modified_gmt":"2024-01-29T07:47:56","slug":"x%c9%99b%c9%99rdarliq-prezident-g%c9%99l%c9%99n-ay-imzalayacaq-pensiya-kapitaliniz-bu-q%c9%99d%c9%99r-artacaq","status":"publish","type":"post","link":"https:\/\/arantv.az\/?p=684821","title":{"rendered":"X\u0259b\u0259rdarl\u0131q: Prezident g\u0259l\u0259n ay imzalayacaq, pensiya kapital\u0131n\u0131z bu q\u0259d\u0259r artacaq"},"content":{"rendered":"<p><strong>\u201c\u018fm\u0259k Pensiyalar\u0131\u201d haqq\u0131nda Qanuna \u0259sas\u0259n, yaln\u0131z \u0259m\u0259k pensiyalar\u0131 deyil, h\u0259m\u00e7inin v\u0259t\u0259nda\u015flar\u0131m\u0131z\u0131n pensiya kapital\u0131 da 2024-c\u00fc ild\u0259 indeksl\u0259\u015fdiril\u0259r\u0259k art\u0131r\u0131lmal\u0131d\u0131r. H\u0259min qanunun 29.1-1 madd\u0259sind\u0259 qeyd olunur ki, s\u0131\u011fortaolunanlar\u0131n f\u0259rdi \u015f\u0259xsi hesab\u0131n\u0131n s\u0131\u011forta hiss\u0259sind\u0259 qeyd\u0259 al\u0131nan pensiya kapital\u0131 ild\u0259 bir d\u0259f\u0259 istehlak qiym\u0259tl\u0259ri indeksinin illik s\u0259viyy\u0259sin\u0259 uy\u011fun olaraq indeksl\u0259\u015fdirilir. Y\u0259ni pensiya kapitallar\u0131 2023-c\u00fc ild\u0259ki illik inflyasiya s\u0259viyy\u0259sin\u0259 uy\u011fun olaraq art\u0131r\u0131lacaq.<\/strong><\/p>\n<p><b>ARANTV.AZ <\/b>x\u0259b\u0259r verir ki, Milli M\u0259clisin \u0130qtisadi siyas\u0259t, s\u0259naye v\u0259 sahibkarl\u0131q komit\u0259sinin \u00fczv\u00fc V\u00fcqar Bayramov m\u0259s\u0259l\u0259 il\u0259 ba\u011fl\u0131 deyib ki, istehlak qiym\u0259tl\u0259ri indeksi 2023-ci ild\u0259 8,8 faiz olub:<\/p>\n<p>&#8220;Bu o dem\u0259kdir, m\u00f6vcud qanuna \u0259sas\u0259n, v\u0259t\u0259nda\u015flar\u0131n pensiya kapital\u0131 8.8 faiz art\u0131r\u0131lacaq. Y\u0259ni \u0259g\u0259r v\u0259t\u0259nda\u015f\u0131m\u0131z\u0131n 50 min manat pensiya kapital\u0131 varsa, onun v\u0259saiti bu il 4 min 400 manat art\u0131r\u0131lacaq. Bu h\u0259min \u015f\u0259xsin pensiyaya \u00e7\u0131xan zaman daha \u00e7ox pensiya almas\u0131 v\u0259 kapital\u0131n inflyasiyadan qorunmas\u0131 bax\u0131mdan vacibdir.<\/p>\n<p>Pensiya kapital\u0131 \u0259m\u0259k pensiyalar\u0131 il\u0259 birlikd\u0259 indeksl\u0259\u015fdirilir. \u018fm\u0259k pensiyalar\u0131n\u0131n 11 faiz\u0259 yax\u0131n indeksasiya olunaca\u011f\u0131 g\u00f6zl\u0259nilir. H\u0259r iki g\u00f6st\u0259rici il\u0259 ba\u011fl\u0131 s\u0259r\u0259ncam\u0131n c\u0259nab Prezident t\u0259r\u0259find\u0259n g\u0259l\u0259n ay imzalanaca\u011f\u0131 g\u00f6zl\u0259nilir&#8221;.<\/p>\n","protected":false},"excerpt":{"rendered":"<p>\u201c\u018fm\u0259k Pensiyalar\u0131\u201d haqq\u0131nda Qanuna \u0259sas\u0259n, yaln\u0131z \u0259m\u0259k pensiyalar\u0131 deyil, h\u0259m\u00e7inin v\u0259t\u0259nda\u015flar\u0131m\u0131z\u0131n pensiya kapital\u0131 da 2024-c\u00fc ild\u0259 indeksl\u0259\u015fdiril\u0259r\u0259k art\u0131r\u0131lmal\u0131d\u0131r. H\u0259min qanunun 29.1-1 madd\u0259sind\u0259 qeyd olunur ki, s\u0131\u011fortaolunanlar\u0131n f\u0259rdi \u015f\u0259xsi hesab\u0131n\u0131n s\u0131\u011forta hiss\u0259sind\u0259 qeyd\u0259 al\u0131nan pensiya kapital\u0131 ild\u0259 bir d\u0259f\u0259 istehlak qiym\u0259tl\u0259ri indeksinin illik s\u0259viyy\u0259sin\u0259 uy\u011fun olaraq indeksl\u0259\u015fdirilir. Y\u0259ni pensiya kapitallar\u0131 2023-c\u00fc ild\u0259ki illik inflyasiya s\u0259viyy\u0259sin\u0259 uy\u011fun olaraq art\u0131r\u0131lacaq. ARANTV.AZ x\u0259b\u0259r verir ki, Milli M\u0259clisin \u0130qtisadi siyas\u0259t, s\u0259naye v\u0259 sahibkarl\u0131q komit\u0259sinin \u00fczv\u00fc V\u00fcqar Bayramov m\u0259s\u0259l\u0259 il\u0259 ba\u011fl\u0131 deyib ki, istehlak qiym\u0259tl\u0259ri indeksi 2023-ci ild\u0259 8,8 faiz olub: &#8220;Bu o dem\u0259kdir, m\u00f6vcud qanuna&hellip;<\/p>\n","protected":false},"author":2,"featured_media":684822,"comment_status":"closed","ping_status":"closed","sticky":false,"template":"","format":"standard","meta":{"om_disable_all_campaigns":false,"_monsterinsights_skip_tracking":false,"_monsterinsights_sitenote_active":false,"_monsterinsights_sitenote_note":"","_monsterinsights_sitenote_category":0},"categories":[26],"tags":[],"aioseo_notices":[],"gutentor_comment":0,"rttpg_featured_image_url":{"full":["https:\/\/arantv.az\/wp-content\/uploads\/2024\/01\/333e981e-4d9f-38e4-8f68-f2960c96e54b_850.jpg",850,530,false],"landscape":["https:\/\/arantv.az\/wp-content\/uploads\/2024\/01\/333e981e-4d9f-38e4-8f68-f2960c96e54b_850.jpg",850,530,false],"portraits":["https:\/\/arantv.az\/wp-content\/uploads\/2024\/01\/333e981e-4d9f-38e4-8f68-f2960c96e54b_850.jpg",850,530,false],"thumbnail":["https:\/\/arantv.az\/wp-content\/uploads\/2024\/01\/333e981e-4d9f-38e4-8f68-f2960c96e54b_850-500x280.jpg",500,280,true],"medium":["https:\/\/arantv.az\/wp-content\/uploads\/2024\/01\/333e981e-4d9f-38e4-8f68-f2960c96e54b_850-585x365.jpg",585,365,true],"large":["https:\/\/arantv.az\/wp-content\/uploads\/2024\/01\/333e981e-4d9f-38e4-8f68-f2960c96e54b_850-840x524.jpg",640,399,true],"1536x1536":["https:\/\/arantv.az\/wp-content\/uploads\/2024\/01\/333e981e-4d9f-38e4-8f68-f2960c96e54b_850.jpg",850,530,false],"2048x2048":["https:\/\/arantv.az\/wp-content\/uploads\/2024\/01\/333e981e-4d9f-38e4-8f68-f2960c96e54b_850.jpg",850,530,false],"post-thumbnail":["https:\/\/arantv.az\/wp-content\/uploads\/2024\/01\/333e981e-4d9f-38e4-8f68-f2960c96e54b_850-240x172.jpg",240,172,true],"advps-thumb-one":["https:\/\/arantv.az\/wp-content\/uploads\/2024\/01\/333e981e-4d9f-38e4-8f68-f2960c96e54b_850.jpg",850,530,false]},"rttpg_author":{"display_name":"V\u00fcsal Rafiqo\u011flu","author_link":"https:\/\/arantv.az\/?author=2"},"rttpg_comment":0,"rttpg_category":"<a href=\"https:\/\/arantv.az\/?cat=26\" rel=\"category\">Sosial<\/a>","rttpg_excerpt":"\u201c\u018fm\u0259k Pensiyalar\u0131\u201d haqq\u0131nda Qanuna \u0259sas\u0259n, yaln\u0131z \u0259m\u0259k pensiyalar\u0131 deyil, h\u0259m\u00e7inin v\u0259t\u0259nda\u015flar\u0131m\u0131z\u0131n pensiya kapital\u0131 da 2024-c\u00fc ild\u0259 indeksl\u0259\u015fdiril\u0259r\u0259k art\u0131r\u0131lmal\u0131d\u0131r. H\u0259min qanunun 29.1-1 madd\u0259sind\u0259 qeyd olunur ki, s\u0131\u011fortaolunanlar\u0131n f\u0259rdi \u015f\u0259xsi hesab\u0131n\u0131n s\u0131\u011forta hiss\u0259sind\u0259 qeyd\u0259 al\u0131nan pensiya kapital\u0131 ild\u0259 bir d\u0259f\u0259 istehlak qiym\u0259tl\u0259ri indeksinin illik s\u0259viyy\u0259sin\u0259 uy\u011fun olaraq indeksl\u0259\u015fdirilir. Y\u0259ni pensiya kapitallar\u0131 2023-c\u00fc ild\u0259ki illik inflyasiya s\u0259viyy\u0259sin\u0259 uy\u011fun&hellip;","_links":{"self":[{"href":"https:\/\/arantv.az\/index.php?rest_route=\/wp\/v2\/posts\/684821"}],"collection":[{"href":"https:\/\/arantv.az\/index.php?rest_route=\/wp\/v2\/posts"}],"about":[{"href":"https:\/\/arantv.az\/index.php?rest_route=\/wp\/v2\/types\/post"}],"author":[{"embeddable":true,"href":"https:\/\/arantv.az\/index.php?rest_route=\/wp\/v2\/users\/2"}],"replies":[{"embeddable":true,"href":"https:\/\/arantv.az\/index.php?rest_route=%2Fwp%2Fv2%2Fcomments&post=684821"}],"version-history":[{"count":0,"href":"https:\/\/arantv.az\/index.php?rest_route=\/wp\/v2\/posts\/684821\/revisions"}],"wp:featuredmedia":[{"embeddable":true,"href":"https:\/\/arantv.az\/index.php?rest_route=\/wp\/v2\/media\/684822"}],"wp:attachment":[{"href":"https:\/\/arantv.az\/index.php?rest_route=%2Fwp%2Fv2%2Fmedia&parent=684821"}],"wp:term":[{"taxonomy":"category","embeddable":true,"href":"https:\/\/arantv.az\/index.php?rest_route=%2Fwp%2Fv2%2Fcategories&post=684821"},{"taxonomy":"post_tag","embeddable":true,"href":"https:\/\/arantv.az\/index.php?rest_route=%2Fwp%2Fv2%2Ftags&post=684821"}],"curies":[{"name":"wp","href":"https:\/\/api.w.org\/{rel}","templated":true}]}}