{"id":684913,"date":"2024-01-29T14:03:47","date_gmt":"2024-01-29T10:03:47","guid":{"rendered":"https:\/\/arantv.az\/?p=684913"},"modified":"2024-01-29T14:03:47","modified_gmt":"2024-01-29T10:03:47","slug":"qalib-liderl%c9%99-yeni-h%c9%99d%c9%99fl%c9%99r-ugrunda","status":"publish","type":"post","link":"https:\/\/arantv.az\/?p=684913","title":{"rendered":"Qalib Liderl\u0259 yeni h\u0259d\u0259fl\u0259r u\u011frunda!"},"content":{"rendered":"<p>2024-c\u00fc il fevral\u0131n 7-d\u0259 \u00f6lk\u0259mizd\u0259 ke\u00e7iril\u0259c\u0259k prezident se\u00e7kil\u0259ri il\u0259 \u0259laq\u0259dar Yeni Az\u0259rbaycan Partiyas\u0131 t\u0259r\u0259find\u0259n namiz\u0259dliyi ir\u0259li s\u00fcr\u00fclm\u00fc\u015f \u0130lham Heyd\u0259r o\u011flu \u018fliyevin se\u00e7kiqaba\u011f\u0131 t\u0259\u015fviqat kampaniyas\u0131 \u00e7\u0259r\u00e7iv\u0259sind\u0259 yanvar\u0131n 27-d\u0259 B\u0259rd\u0259 rayon M\u0259d\u0259niyy\u0259t M\u0259rk\u0259zind\u0259 se\u00e7icil\u0259rl\u0259 n\u00f6vb\u0259ti g\u00f6r\u00fc\u015f ke\u00e7irilib.<\/p>\n<p>\u018fvv\u0259lc\u0259, D\u00f6vl\u0259t Himni s\u0259sl\u0259ndirilib, \u00dcmummilli Lider Heyd\u0259r \u018fliyevin v\u0259 torpaqlar\u0131m\u0131z\u0131n \u0259razi b\u00fct\u00f6vl\u00fcy\u00fc u\u011frunda h\u0259lak olan \u015f\u0259hidl\u0259rimizin \u0259ziz\u00a0 xatir\u0259si bir d\u0259qiq\u0259lik s\u00fckutla yad edilib.<\/p>\n<p>G\u00f6r\u00fc\u015fd\u0259 YAP B\u0259rd\u0259 rayon t\u0259\u015fkilat\u0131n\u0131n s\u0259dri Faq\u0259t \u015eadlinskaya, YAP \u0130dar\u0259 Hey\u0259tinin \u00fczv\u00fc Asif \u018fsg\u0259rli, Milli M\u0259clisin deputat\u0131 Fatma Y\u0131ld\u0131r\u0131m, t\u0259bli\u011fat qrupunun \u00fczvl\u0259ri Qas\u0131m Hac\u0131yev, \u015f\u0259hid F\u0259xri Q\u0259ribzad\u0259nin anas\u0131 Mehpar\u0259 Q\u0259ribova, Birinci Qaraba\u011f m\u00fcharib\u0259si i\u015ftirak\u00e7\u0131s\u0131 G\u0259ray \u018fs\u0259dov, Aq\u015fin Hac\u0131zad\u0259 v\u0259 ba\u015fqalar\u0131 \u00e7\u0131x\u0131\u015f edibl\u0259r. Qeyd olunub ki, Yeni Az\u0259rbaycan Partiyas\u0131 bu se\u00e7kil\u0259r\u0259 \u201cQalib xalq\u0131n qalib Lideri!\u201d \u015f\u00fcar\u0131 il\u0259 gedir. \u00c7\u0131x\u0131\u015flarda \u00dcmummilli Lider Heyd\u0259r \u018fliyev t\u0259r\u0259find\u0259n \u0259sas\u0131 qoyulan v\u0259 bu g\u00fcn Prezident, Yeni Az\u0259rbaycan Partiyas\u0131n\u0131n S\u0259dri \u0130lham \u018fliyevin r\u0259hb\u0259rliyi alt\u0131nda h\u0259yata ke\u00e7iril\u0259n siyas\u0259tin u\u011furlar\u0131ndan geni\u015f b\u0259hs edilib. Bildirilib ki, 1993-c\u00fc ild\u0259n b\u0259ri Az\u0259rbaycan b\u00f6y\u00fck inki\u015faf yolu ke\u00e7ib, \u00f6lk\u0259mizin qar\u015f\u0131s\u0131nda yeni perspektivl\u0259r a\u00e7\u0131l\u0131b. B\u00fct\u00fcn sah\u0259l\u0259r \u2013 siyasi, sosial-iqtisadi, humanitar, m\u0259d\u0259niyy\u0259t sah\u0259l\u0259rind\u0259 ciddi nailiyy\u0259tl\u0259r qazan\u0131l\u0131b.<\/p>\n<p>B\u00fct\u00fcn \u00e7\u0131x\u0131\u015flarda m\u00fcst\u0259qil Az\u0259rbaycan tarixind\u0259 ilk d\u0259f\u0259 respublikam\u0131z\u0131n b\u00fct\u00fcn \u0259razil\u0259rind\u0259 se\u00e7kil\u0259rin ke\u00e7iril\u0259c\u0259yi diqq\u0259t\u0259 \u00e7atd\u0131r\u0131l\u0131b. Ona g\u00f6r\u0259 d\u0259 qar\u015f\u0131dan g\u0259l\u0259n prezident se\u00e7kil\u0259ri haql\u0131 olaraq c\u0259miyy\u0259timiz t\u0259r\u0259find\u0259n Z\u0259f\u0259r se\u00e7kisi kimi d\u0259y\u0259rl\u0259ndirilir.<\/p>\n<p>Natiql\u0259r se\u00e7icil\u0259ri prezident se\u00e7kil\u0259rind\u0259 f\u0259al i\u015ftirak etm\u0259y\u0259 v\u0259 qalib Lider \u0130lham \u018fliyev\u0259 s\u0259s verm\u0259y\u0259 \u00e7a\u011f\u0131r\u0131blar.<\/p>\n<p>Se\u00e7icil\u0259r d\u0259 fevral\u0131n 7-d\u0259 se\u00e7ki m\u0259nt\u0259q\u0259l\u0259rin\u0259 ged\u0259r\u0259k qalib Lider\u0259 s\u0259s ver\u0259c\u0259kl\u0259rini bildiribl\u0259r.<\/p>\n<p>G\u00f6r\u00fc\u015f Yeni Az\u0259rbaycan Partiyas\u0131n\u0131n Himninin s\u0259sl\u0259ndirilm\u0259si il\u0259 yekunla\u015f\u0131b.<\/p>\n<p>Qeyd ed\u0259k ki, rayonun Xan\u0259r\u0259b v\u0259 \u015e\u0259r\u0259fli k\u0259ndinin se\u00e7icil\u0259ril\u0259, o c\u00fcml\u0259d\u0259n f\u0259rdi \u00a0g\u00f6r\u00fc\u015fl\u0259r ke\u00e7irilib.<\/p>\n<p><img loading=\"lazy\" class=\"alignnone size-full wp-image-684914\" src=\"https:\/\/arantv.az\/wp-content\/uploads\/2024\/01\/thumb-187.jpg\" alt=\"\" width=\"360\" height=\"239\" \/> <img loading=\"lazy\" class=\"alignnone size-medium wp-image-684915\" src=\"https:\/\/arantv.az\/wp-content\/uploads\/2024\/01\/thumb-188.jpg\" alt=\"\" width=\"188\" height=\"120\" \/> <img loading=\"lazy\" class=\"alignnone size-medium wp-image-684916\" src=\"https:\/\/arantv.az\/wp-content\/uploads\/2024\/01\/thumb-189.jpg\" alt=\"\" width=\"188\" height=\"120\" \/> <img loading=\"lazy\" class=\"alignnone size-medium wp-image-684917\" src=\"https:\/\/arantv.az\/wp-content\/uploads\/2024\/01\/thumb-190.jpg\" alt=\"\" width=\"188\" height=\"120\" \/> <img loading=\"lazy\" class=\"alignnone size-medium wp-image-684918\" src=\"https:\/\/arantv.az\/wp-content\/uploads\/2024\/01\/thumb-191.jpg\" alt=\"\" width=\"188\" height=\"120\" \/> <img loading=\"lazy\" class=\"alignnone size-medium wp-image-684919\" src=\"https:\/\/arantv.az\/wp-content\/uploads\/2024\/01\/thumb-192.jpg\" alt=\"\" width=\"188\" height=\"120\" \/> <img loading=\"lazy\" class=\"alignnone size-medium wp-image-684920\" src=\"https:\/\/arantv.az\/wp-content\/uploads\/2024\/01\/thumb-193.jpg\" alt=\"\" width=\"188\" height=\"120\" \/> <img loading=\"lazy\" class=\"alignnone size-medium wp-image-684921\" src=\"https:\/\/arantv.az\/wp-content\/uploads\/2024\/01\/thumb-194.jpg\" alt=\"\" width=\"188\" height=\"120\" \/> <img loading=\"lazy\" class=\"alignnone size-medium wp-image-684922\" src=\"https:\/\/arantv.az\/wp-content\/uploads\/2024\/01\/thumb-195.jpg\" alt=\"\" width=\"188\" height=\"120\" \/> <img loading=\"lazy\" class=\"alignnone size-medium wp-image-684923\" src=\"https:\/\/arantv.az\/wp-content\/uploads\/2024\/01\/thumb-196.jpg\" alt=\"\" width=\"188\" height=\"120\" \/> <img loading=\"lazy\" class=\"alignnone size-medium wp-image-684924\" src=\"https:\/\/arantv.az\/wp-content\/uploads\/2024\/01\/thumb-197.jpg\" alt=\"\" width=\"188\" height=\"120\" \/> <img loading=\"lazy\" class=\"alignnone size-medium wp-image-684925\" src=\"https:\/\/arantv.az\/wp-content\/uploads\/2024\/01\/thumb-198.jpg\" alt=\"\" width=\"188\" height=\"120\" \/> <img loading=\"lazy\" class=\"alignnone size-medium wp-image-684926\" src=\"https:\/\/arantv.az\/wp-content\/uploads\/2024\/01\/thumb-199.jpg\" alt=\"\" width=\"188\" height=\"120\" \/> <img loading=\"lazy\" class=\"alignnone size-medium wp-image-684927\" src=\"https:\/\/arantv.az\/wp-content\/uploads\/2024\/01\/thumb-200.jpg\" alt=\"\" width=\"188\" height=\"120\" \/><\/p>\n","protected":false},"excerpt":{"rendered":"<p>2024-c\u00fc il fevral\u0131n 7-d\u0259 \u00f6lk\u0259mizd\u0259 ke\u00e7iril\u0259c\u0259k prezident se\u00e7kil\u0259ri il\u0259 \u0259laq\u0259dar Yeni Az\u0259rbaycan Partiyas\u0131 t\u0259r\u0259find\u0259n namiz\u0259dliyi ir\u0259li s\u00fcr\u00fclm\u00fc\u015f \u0130lham Heyd\u0259r o\u011flu \u018fliyevin se\u00e7kiqaba\u011f\u0131 t\u0259\u015fviqat kampaniyas\u0131 \u00e7\u0259r\u00e7iv\u0259sind\u0259 yanvar\u0131n 27-d\u0259 B\u0259rd\u0259 rayon M\u0259d\u0259niyy\u0259t M\u0259rk\u0259zind\u0259 se\u00e7icil\u0259rl\u0259 n\u00f6vb\u0259ti g\u00f6r\u00fc\u015f ke\u00e7irilib. \u018fvv\u0259lc\u0259, D\u00f6vl\u0259t Himni s\u0259sl\u0259ndirilib, \u00dcmummilli Lider Heyd\u0259r \u018fliyevin v\u0259 torpaqlar\u0131m\u0131z\u0131n \u0259razi b\u00fct\u00f6vl\u00fcy\u00fc u\u011frunda h\u0259lak olan \u015f\u0259hidl\u0259rimizin \u0259ziz\u00a0 xatir\u0259si bir d\u0259qiq\u0259lik s\u00fckutla yad edilib. G\u00f6r\u00fc\u015fd\u0259 YAP B\u0259rd\u0259 rayon t\u0259\u015fkilat\u0131n\u0131n s\u0259dri Faq\u0259t \u015eadlinskaya, YAP \u0130dar\u0259 Hey\u0259tinin \u00fczv\u00fc Asif \u018fsg\u0259rli, Milli M\u0259clisin deputat\u0131 Fatma Y\u0131ld\u0131r\u0131m, t\u0259bli\u011fat qrupunun \u00fczvl\u0259ri Qas\u0131m Hac\u0131yev, \u015f\u0259hid F\u0259xri Q\u0259ribzad\u0259nin anas\u0131 Mehpar\u0259 Q\u0259ribova, Birinci Qaraba\u011f&hellip;<\/p>\n","protected":false},"author":2,"featured_media":684914,"comment_status":"closed","ping_status":"closed","sticky":false,"template":"","format":"standard","meta":{"om_disable_all_campaigns":false,"_monsterinsights_skip_tracking":false,"_monsterinsights_sitenote_active":false,"_monsterinsights_sitenote_note":"","_monsterinsights_sitenote_category":0},"categories":[2],"tags":[],"aioseo_notices":[],"gutentor_comment":0,"rttpg_featured_image_url":{"full":["https:\/\/arantv.az\/wp-content\/uploads\/2024\/01\/thumb-187.jpg",360,239,false],"landscape":["https:\/\/arantv.az\/wp-content\/uploads\/2024\/01\/thumb-187.jpg",360,239,false],"portraits":["https:\/\/arantv.az\/wp-content\/uploads\/2024\/01\/thumb-187.jpg",360,239,false],"thumbnail":["https:\/\/arantv.az\/wp-content\/uploads\/2024\/01\/thumb-187.jpg",360,239,false],"medium":["https:\/\/arantv.az\/wp-content\/uploads\/2024\/01\/thumb-187.jpg",360,239,false],"large":["https:\/\/arantv.az\/wp-content\/uploads\/2024\/01\/thumb-187.jpg",360,239,false],"1536x1536":["https:\/\/arantv.az\/wp-content\/uploads\/2024\/01\/thumb-187.jpg",360,239,false],"2048x2048":["https:\/\/arantv.az\/wp-content\/uploads\/2024\/01\/thumb-187.jpg",360,239,false],"post-thumbnail":["https:\/\/arantv.az\/wp-content\/uploads\/2024\/01\/thumb-187-240x172.jpg",240,172,true],"advps-thumb-one":["https:\/\/arantv.az\/wp-content\/uploads\/2024\/01\/thumb-187.jpg",360,239,false]},"rttpg_author":{"display_name":"V\u00fcsal Rafiqo\u011flu","author_link":"https:\/\/arantv.az\/?author=2"},"rttpg_comment":0,"rttpg_category":"<a href=\"https:\/\/arantv.az\/?cat=2\" rel=\"category\">Region X\u0259b\u0259rl\u0259ri<\/a>","rttpg_excerpt":"2024-c\u00fc il fevral\u0131n 7-d\u0259 \u00f6lk\u0259mizd\u0259 ke\u00e7iril\u0259c\u0259k prezident se\u00e7kil\u0259ri il\u0259 \u0259laq\u0259dar Yeni Az\u0259rbaycan Partiyas\u0131 t\u0259r\u0259find\u0259n namiz\u0259dliyi ir\u0259li s\u00fcr\u00fclm\u00fc\u015f \u0130lham Heyd\u0259r o\u011flu \u018fliyevin se\u00e7kiqaba\u011f\u0131 t\u0259\u015fviqat kampaniyas\u0131 \u00e7\u0259r\u00e7iv\u0259sind\u0259 yanvar\u0131n 27-d\u0259 B\u0259rd\u0259 rayon M\u0259d\u0259niyy\u0259t M\u0259rk\u0259zind\u0259 se\u00e7icil\u0259rl\u0259 n\u00f6vb\u0259ti g\u00f6r\u00fc\u015f ke\u00e7irilib. \u018fvv\u0259lc\u0259, D\u00f6vl\u0259t Himni s\u0259sl\u0259ndirilib, \u00dcmummilli Lider Heyd\u0259r \u018fliyevin v\u0259 torpaqlar\u0131m\u0131z\u0131n \u0259razi b\u00fct\u00f6vl\u00fcy\u00fc u\u011frunda h\u0259lak olan \u015f\u0259hidl\u0259rimizin \u0259ziz\u00a0 xatir\u0259si bir d\u0259qiq\u0259lik&hellip;","_links":{"self":[{"href":"https:\/\/arantv.az\/index.php?rest_route=\/wp\/v2\/posts\/684913"}],"collection":[{"href":"https:\/\/arantv.az\/index.php?rest_route=\/wp\/v2\/posts"}],"about":[{"href":"https:\/\/arantv.az\/index.php?rest_route=\/wp\/v2\/types\/post"}],"author":[{"embeddable":true,"href":"https:\/\/arantv.az\/index.php?rest_route=\/wp\/v2\/users\/2"}],"replies":[{"embeddable":true,"href":"https:\/\/arantv.az\/index.php?rest_route=%2Fwp%2Fv2%2Fcomments&post=684913"}],"version-history":[{"count":0,"href":"https:\/\/arantv.az\/index.php?rest_route=\/wp\/v2\/posts\/684913\/revisions"}],"wp:featuredmedia":[{"embeddable":true,"href":"https:\/\/arantv.az\/index.php?rest_route=\/wp\/v2\/media\/684914"}],"wp:attachment":[{"href":"https:\/\/arantv.az\/index.php?rest_route=%2Fwp%2Fv2%2Fmedia&parent=684913"}],"wp:term":[{"taxonomy":"category","embeddable":true,"href":"https:\/\/arantv.az\/index.php?rest_route=%2Fwp%2Fv2%2Fcategories&post=684913"},{"taxonomy":"post_tag","embeddable":true,"href":"https:\/\/arantv.az\/index.php?rest_route=%2Fwp%2Fv2%2Ftags&post=684913"}],"curies":[{"name":"wp","href":"https:\/\/api.w.org\/{rel}","templated":true}]}}