{"id":684933,"date":"2024-01-29T14:14:35","date_gmt":"2024-01-29T10:14:35","guid":{"rendered":"https:\/\/arantv.az\/?p=684933"},"modified":"2024-01-29T14:14:35","modified_gmt":"2024-01-29T10:14:35","slug":"ilham-%c9%99liyev-hulusi-akari-q%c9%99bul-etdi-yenil%c9%99nib-foto","status":"publish","type":"post","link":"https:\/\/arantv.az\/?p=684933","title":{"rendered":"\u0130lham \u018fliyev Hulusi Akar\u0131 q\u0259bul etdi &#8211; YEN\u0130L\u018fN\u0130B + FOTO"},"content":{"rendered":"<p>Az\u0259rbaycan Respublikas\u0131n\u0131n Prezidenti\u00a0<strong>\u0130lham \u018fliyev<\/strong>\u00a0yanvar\u0131n 29-da T\u00fcrkiy\u0259 B\u00f6y\u00fck Mill\u0259t M\u0259clisinin deputat\u0131, parlamentin Milli m\u00fcdafi\u0259 komissiyas\u0131n\u0131n s\u0259dri, T\u00fcrkiy\u0259 Respublikas\u0131n\u0131n sabiq milli m\u00fcdafi\u0259 naziri Hulusi Akar\u0131n r\u0259hb\u0259rlik etdiyi n\u00fcmay\u0259nd\u0259 hey\u0259tini q\u0259bul edib.<\/p>\n<p>Bununla ba\u011fl\u0131\u00a0<a href=\"https:\/\/president.az\/az\/articles\/view\/63403\" target=\"_blank\" rel=\"noopener\"><strong>President.az<\/strong><\/a>\u00a0m\u0259lumat yay\u0131b.<\/p>\n<p>Hulusi Akar T\u00fcrkiy\u0259 Prezidenti R\u0259c\u0259b Tayyib \u018frdo\u011fan\u0131n salamlar\u0131n\u0131 d\u00f6vl\u0259timizin ba\u015f\u00e7\u0131s\u0131na \u00e7atd\u0131r\u0131b.<\/p>\n<p>Prezident \u0130lham \u018fliyev salamlara g\u00f6r\u0259 minn\u0259tdarl\u0131\u011f\u0131n\u0131 bildirib, onun da salamlar\u0131n\u0131 T\u00fcrkiy\u0259 d\u00f6vl\u0259tinin ba\u015f\u00e7\u0131s\u0131na \u00e7atd\u0131rma\u011f\u0131 xahi\u015f edib.<\/p>\n<p>Hulusi Akar Az\u0259rbaycan il\u0259 T\u00fcrkiy\u0259 aras\u0131nda dostluq v\u0259 qarda\u015fl\u0131q \u0259laq\u0259l\u0259rinin ulu \u00f6nd\u0259r Heyd\u0259r \u018fliyevin dediyi kimi, \u201cBir mill\u0259t, iki d\u00f6vl\u0259t\u201d prinsipi \u00fczr\u0259 inki\u015faf etdiyini v\u0259 bunun bir \u00f6rn\u0259k oldu\u011funu vur\u011fulay\u0131b. Qonaq Az\u0259rbaycan Prezidenti \u0130lham \u018fliyev v\u0259 T\u00fcrkiy\u0259 Prezidenti R\u0259c\u0259b Tayyib \u018frdo\u011fan\u0131n dostluq v\u0259 qarda\u015fl\u0131q m\u00fcnasib\u0259tl\u0259rinin \u00f6lk\u0259l\u0259rimiz aras\u0131nda \u0259laq\u0259l\u0259rin strateji m\u00fctt\u0259fiqlik s\u0259viyy\u0259sin\u0259 \u00e7atmas\u0131nda m\u00fch\u00fcm rol oynad\u0131\u011f\u0131n\u0131 deyib.<\/p>\n<p>Hulusi Akar V\u0259t\u0259n m\u00fcharib\u0259sind\u0259 Az\u0259rbaycan\u0131n qazand\u0131\u011f\u0131 Q\u0259l\u0259b\u0259d\u0259 Prezident, Ali Ba\u015f Komandan \u0130lham \u018fliyevin m\u00fcst\u0259sna rolunu bir daha vur\u011fulay\u0131b.<\/p>\n<p>Prezident \u0130lham \u018fliyev 44 g\u00fcnl\u00fck V\u0259t\u0259n m\u00fcharib\u0259sinin ilk g\u00fcnl\u0259rind\u0259n R\u0259c\u0259b Tayyib \u018frdo\u011fan\u0131n v\u0259 qarda\u015f T\u00fcrkiy\u0259nin Az\u0259rbaycana g\u00f6st\u0259rdiyi m\u0259n\u0259vi, siyasi v\u0259 diplomatik d\u0259st\u0259yi bir daha y\u00fcks\u0259k qiym\u0259tl\u0259ndirib.<\/p>\n<p>S\u00f6hb\u0259t zaman\u0131 \u00f6t\u0259n il sentyabr\u0131n 19-20-d\u0259 Az\u0259rbaycan\u0131n 23 saatdan da az bir m\u00fcdd\u0259td\u0259 h\u0259yata ke\u00e7irdiyi antiterror t\u0259dbirl\u0259ri zaman\u0131 \u0259razimizd\u0259 qeyri-qanuni silahl\u0131 birl\u0259\u015fm\u0259l\u0259rin m\u00f6vcudlu\u011funa v\u0259 t\u0259cav\u00fczkar separatizm\u0259 son qoyuldu\u011fu, suverenliyimizin tam b\u0259rpa olundu\u011fu vur\u011fulan\u0131b.<\/p>\n<p>D\u00f6vl\u0259timizin ba\u015f\u00e7\u0131s\u0131 44 g\u00fcnl\u00fck V\u0259t\u0259n m\u00fcharib\u0259sind\u0259n sonra da Az\u0259rbaycan Silahl\u0131 Q\u00fcvv\u0259l\u0259rind\u0259 yeni islahatlar\u0131n apar\u0131ld\u0131\u011f\u0131n\u0131 deyib, Ordumuzun d\u00f6y\u00fc\u015f qabiliyy\u0259tinin daha da g\u00fccl\u0259ndiyini qeyd edib v\u0259 b\u00fct\u00fcn bunlar\u0131n \u00f6t\u0259n ilin sentyabr\u0131nda ke\u00e7irilmi\u015f antiterror t\u0259dbirl\u0259rind\u0259 bir daha \u00f6z\u00fcn\u00fc bariz \u015f\u0259kild\u0259 g\u00f6st\u0259rdiyini bildirib.<\/p>\n<p>S\u00f6hb\u0259t zaman\u0131 T\u00fcrk D\u00f6vl\u0259tl\u0259ri T\u0259\u015fkilat\u0131 \u00e7\u0259r\u00e7iv\u0259sind\u0259 \u0259m\u0259kda\u015fl\u0131\u011f\u0131n inki\u015faf\u0131 v\u0259 yeni sah\u0259l\u0259ri \u0259hat\u0259 etm\u0259si m\u0259mnunluqla qeyd olunub, bu t\u0259\u015fkilat\u0131n parlamentl\u0259r x\u0259tti il\u0259 d\u0259 m\u00fcvafiq komit\u0259l\u0259r s\u0259viyy\u0259sind\u0259 \u0259laq\u0259l\u0259rin yarad\u0131lmas\u0131 v\u0259 bu komit\u0259l\u0259rin birg\u0259 iclaslar\u0131n\u0131n ke\u00e7irilm\u0259sinin vacibliyi diqq\u0259t\u0259 \u00e7atd\u0131r\u0131l\u0131b. \u015eu\u015fa B\u0259yannam\u0259sinin \u0259h\u0259miyy\u0259ti vur\u011fulan\u0131b, Az\u0259rbaycan il\u0259 T\u00fcrkiy\u0259 aras\u0131nda h\u0259rbi, m\u00fcdafi\u0259 s\u0259nayesi, t\u0259hl\u00fck\u0259sizlik, parlamentl\u0259raras\u0131 \u0259laq\u0259l\u0259r v\u0259 dig\u0259r sah\u0259l\u0259rd\u0259 \u0259m\u0259kda\u015fl\u0131qla ba\u011fl\u0131 fikir m\u00fcbadil\u0259si apar\u0131l\u0131b, h\u0259r iki \u00f6lk\u0259nin silahl\u0131 q\u00fcvv\u0259l\u0259ri t\u0259r\u0259find\u0259n birg\u0259 ke\u00e7iril\u0259n h\u0259rbi t\u0259liml\u0259rin \u0259h\u0259miyy\u0259ti x\u00fcsusil\u0259 qeyd edilib.<\/p>\n<p>Sonda Hulusi Akar d\u00f6vl\u0259timizin ba\u015f\u00e7\u0131s\u0131na xatir\u0259 h\u0259diyy\u0259si t\u0259qdim edib.<\/p>\n<p><strong>13:41<\/strong><\/p>\n<p>Az\u0259rbaycan Respublikas\u0131n\u0131n Prezidenti\u00a0<strong>\u0130lham \u018fliyev<\/strong>\u00a0yanvar\u0131n 29-da T\u00fcrkiy\u0259 B\u00f6y\u00fck Mill\u0259t M\u0259clisinin deputat\u0131, parlamentin Milli m\u00fcdafi\u0259 komissiyas\u0131n\u0131n s\u0259dri, T\u00fcrkiy\u0259 Respublikas\u0131n\u0131n sabiq milli m\u00fcdafi\u0259 naziri Hulusi Akar\u0131n r\u0259hb\u0259rlik etdiyi n\u00fcmay\u0259nd\u0259 hey\u0259tini q\u0259bul edib.<\/p>\n<p>Bununla ba\u011fl\u0131\u00a0<a href=\"https:\/\/president.az\/az\/articles\/view\/63403\" target=\"_blank\" rel=\"noopener\"><strong>President.az<\/strong><\/a>\u00a0m\u0259lumat yay\u0131b.<\/p>\n<p>&nbsp;<\/p>\n<div class=\"gallery\">\n<div class=\"gallery-i\"><img src=\"https:\/\/cdn.oxu.az\/uploads\/W1siZiIsIjIwMjQvMDEvMjkvMTMvNDAvMjMvNzY0YTE1MTAtNDkzZC00MDE2LWFiZTAtNzNmOTE1OGMxMTdmLzE3MDY1MjExNDI2NDA0NjgzODdfMTIwMHg2MzAuanBnIl0sWyJwIiwiZW5jb2RlIiwianBnIiwiLXF1YWxpdHkgODAiXSxbInAiLCJ0aHVtYiIsIjU5MHg1OTBcdTAwM2UiXV0?sha=9d8159c1a3a72968\" alt=\"\" \/><\/p>\n<div class=\"gallery-i-caption\"><\/div>\n<\/div>\n<div class=\"gallery-i\"><img src=\"https:\/\/cdn.oxu.az\/uploads\/W1siZiIsIjIwMjQvMDEvMjkvMTMvNDAvMjIvN2Q1YzdmOTktODNlNC00YzYzLWJjNWItODQyMTI5ZTU3NTRjLzE3MDY1MjExNDIyODc1MDQ1OTMxXzEyMDB4NjMwLmpwZyJdLFsicCIsImVuY29kZSIsImpwZyIsIi1xdWFsaXR5IDgwIl0sWyJwIiwidGh1bWIiLCI1OTB4NTkwXHUwMDNlIl1d?sha=ef9120da7f2b8d30\" alt=\"\" \/><\/p>\n<div class=\"gallery-i-caption\"><\/div>\n<\/div>\n<div class=\"gallery-i\"><img src=\"https:\/\/cdn.oxu.az\/uploads\/W1siZiIsIjIwMjQvMDEvMjkvMTMvNDAvMjIvNDMzMjllZWItM2M1MS00NWUzLWJiNjgtY2VlODUyOWQwMTdlLzE3MDY1MjExNDI0NjkzODIyMDc1XzEyMDB4NjMwLmpwZyJdLFsicCIsImVuY29kZSIsImpwZyIsIi1xdWFsaXR5IDgwIl0sWyJwIiwidGh1bWIiLCI1OTB4NTkwXHUwMDNlIl1d?sha=43c2c2d6217a7843\" alt=\"\" \/><\/p>\n<div class=\"gallery-i-caption\"><\/div>\n<\/div>\n<div class=\"gallery-i\"><img src=\"https:\/\/cdn.oxu.az\/uploads\/W1siZiIsIjIwMjQvMDEvMjkvMTMvNDAvMjIvNDQ4MmE1M2UtM2JjMi00YmRlLThmMTAtNThiOGUwOTQxYzk3LzE3MDY1MjExNDI1OTM0NTA5NjVfMTIwMHg2MzAuanBnIl0sWyJwIiwiZW5jb2RlIiwianBnIiwiLXF1YWxpdHkgODAiXSxbInAiLCJ0aHVtYiIsIjU5MHg1OTBcdTAwM2UiXV0?sha=f49db1868fda0dc6\" alt=\"\" \/><\/div>\n<\/div>\n","protected":false},"excerpt":{"rendered":"<p>Az\u0259rbaycan Respublikas\u0131n\u0131n Prezidenti\u00a0\u0130lham \u018fliyev\u00a0yanvar\u0131n 29-da T\u00fcrkiy\u0259 B\u00f6y\u00fck Mill\u0259t M\u0259clisinin deputat\u0131, parlamentin Milli m\u00fcdafi\u0259 komissiyas\u0131n\u0131n s\u0259dri, T\u00fcrkiy\u0259 Respublikas\u0131n\u0131n sabiq milli m\u00fcdafi\u0259 naziri Hulusi Akar\u0131n r\u0259hb\u0259rlik etdiyi n\u00fcmay\u0259nd\u0259 hey\u0259tini q\u0259bul edib. Bununla ba\u011fl\u0131\u00a0President.az\u00a0m\u0259lumat yay\u0131b. Hulusi Akar T\u00fcrkiy\u0259 Prezidenti R\u0259c\u0259b Tayyib \u018frdo\u011fan\u0131n salamlar\u0131n\u0131 d\u00f6vl\u0259timizin ba\u015f\u00e7\u0131s\u0131na \u00e7atd\u0131r\u0131b. Prezident \u0130lham \u018fliyev salamlara g\u00f6r\u0259 minn\u0259tdarl\u0131\u011f\u0131n\u0131 bildirib, onun da salamlar\u0131n\u0131 T\u00fcrkiy\u0259 d\u00f6vl\u0259tinin ba\u015f\u00e7\u0131s\u0131na \u00e7atd\u0131rma\u011f\u0131 xahi\u015f edib. Hulusi Akar Az\u0259rbaycan il\u0259 T\u00fcrkiy\u0259 aras\u0131nda dostluq v\u0259 qarda\u015fl\u0131q \u0259laq\u0259l\u0259rinin ulu \u00f6nd\u0259r Heyd\u0259r \u018fliyevin dediyi kimi, \u201cBir mill\u0259t, iki d\u00f6vl\u0259t\u201d prinsipi \u00fczr\u0259 inki\u015faf etdiyini v\u0259 bunun bir \u00f6rn\u0259k oldu\u011funu vur\u011fulay\u0131b. Qonaq&hellip;<\/p>\n","protected":false},"author":2,"featured_media":684910,"comment_status":"closed","ping_status":"closed","sticky":false,"template":"","format":"standard","meta":{"om_disable_all_campaigns":false,"_monsterinsights_skip_tracking":false,"_monsterinsights_sitenote_active":false,"_monsterinsights_sitenote_note":"","_monsterinsights_sitenote_category":0},"categories":[4],"tags":[],"aioseo_notices":[],"gutentor_comment":0,"rttpg_featured_image_url":{"full":["https:\/\/arantv.az\/wp-content\/uploads\/2024\/01\/1706521142555459743_1200x630.jpg",620,413,false],"landscape":["https:\/\/arantv.az\/wp-content\/uploads\/2024\/01\/1706521142555459743_1200x630.jpg",620,413,false],"portraits":["https:\/\/arantv.az\/wp-content\/uploads\/2024\/01\/1706521142555459743_1200x630.jpg",620,413,false],"thumbnail":["https:\/\/arantv.az\/wp-content\/uploads\/2024\/01\/1706521142555459743_1200x630-500x280.jpg",500,280,true],"medium":["https:\/\/arantv.az\/wp-content\/uploads\/2024\/01\/1706521142555459743_1200x630-548x365.jpg",548,365,true],"large":["https:\/\/arantv.az\/wp-content\/uploads\/2024\/01\/1706521142555459743_1200x630.jpg",620,413,false],"1536x1536":["https:\/\/arantv.az\/wp-content\/uploads\/2024\/01\/1706521142555459743_1200x630.jpg",620,413,false],"2048x2048":["https:\/\/arantv.az\/wp-content\/uploads\/2024\/01\/1706521142555459743_1200x630.jpg",620,413,false],"post-thumbnail":["https:\/\/arantv.az\/wp-content\/uploads\/2024\/01\/1706521142555459743_1200x630-240x172.jpg",240,172,true],"advps-thumb-one":["https:\/\/arantv.az\/wp-content\/uploads\/2024\/01\/1706521142555459743_1200x630.jpg",620,413,false]},"rttpg_author":{"display_name":"V\u00fcsal Rafiqo\u011flu","author_link":"https:\/\/arantv.az\/?author=2"},"rttpg_comment":0,"rttpg_category":"<a href=\"https:\/\/arantv.az\/?cat=4\" rel=\"category\">Siyas\u0259t<\/a>","rttpg_excerpt":"Az\u0259rbaycan Respublikas\u0131n\u0131n Prezidenti\u00a0\u0130lham \u018fliyev\u00a0yanvar\u0131n 29-da T\u00fcrkiy\u0259 B\u00f6y\u00fck Mill\u0259t M\u0259clisinin deputat\u0131, parlamentin Milli m\u00fcdafi\u0259 komissiyas\u0131n\u0131n s\u0259dri, T\u00fcrkiy\u0259 Respublikas\u0131n\u0131n sabiq milli m\u00fcdafi\u0259 naziri Hulusi Akar\u0131n r\u0259hb\u0259rlik etdiyi n\u00fcmay\u0259nd\u0259 hey\u0259tini q\u0259bul edib. Bununla ba\u011fl\u0131\u00a0President.az\u00a0m\u0259lumat yay\u0131b. Hulusi Akar T\u00fcrkiy\u0259 Prezidenti R\u0259c\u0259b Tayyib \u018frdo\u011fan\u0131n salamlar\u0131n\u0131 d\u00f6vl\u0259timizin ba\u015f\u00e7\u0131s\u0131na \u00e7atd\u0131r\u0131b. Prezident \u0130lham \u018fliyev salamlara g\u00f6r\u0259 minn\u0259tdarl\u0131\u011f\u0131n\u0131 bildirib, onun da salamlar\u0131n\u0131 T\u00fcrkiy\u0259 d\u00f6vl\u0259tinin&hellip;","_links":{"self":[{"href":"https:\/\/arantv.az\/index.php?rest_route=\/wp\/v2\/posts\/684933"}],"collection":[{"href":"https:\/\/arantv.az\/index.php?rest_route=\/wp\/v2\/posts"}],"about":[{"href":"https:\/\/arantv.az\/index.php?rest_route=\/wp\/v2\/types\/post"}],"author":[{"embeddable":true,"href":"https:\/\/arantv.az\/index.php?rest_route=\/wp\/v2\/users\/2"}],"replies":[{"embeddable":true,"href":"https:\/\/arantv.az\/index.php?rest_route=%2Fwp%2Fv2%2Fcomments&post=684933"}],"version-history":[{"count":0,"href":"https:\/\/arantv.az\/index.php?rest_route=\/wp\/v2\/posts\/684933\/revisions"}],"wp:featuredmedia":[{"embeddable":true,"href":"https:\/\/arantv.az\/index.php?rest_route=\/wp\/v2\/media\/684910"}],"wp:attachment":[{"href":"https:\/\/arantv.az\/index.php?rest_route=%2Fwp%2Fv2%2Fmedia&parent=684933"}],"wp:term":[{"taxonomy":"category","embeddable":true,"href":"https:\/\/arantv.az\/index.php?rest_route=%2Fwp%2Fv2%2Fcategories&post=684933"},{"taxonomy":"post_tag","embeddable":true,"href":"https:\/\/arantv.az\/index.php?rest_route=%2Fwp%2Fv2%2Ftags&post=684933"}],"curies":[{"name":"wp","href":"https:\/\/api.w.org\/{rel}","templated":true}]}}