{"id":685090,"date":"2024-01-29T20:06:15","date_gmt":"2024-01-29T16:06:15","guid":{"rendered":"https:\/\/arantv.az\/?p=685090"},"modified":"2024-01-29T20:06:15","modified_gmt":"2024-01-29T16:06:15","slug":"almaniyanin-dovl%c9%99t-katibi-az%c9%99rbaycan-enerji-sah%c9%99sind%c9%99-kecid-etm%c9%99k-ucun-unikal-v%c9%99ziyy%c9%99td%c9%99dir","status":"publish","type":"post","link":"https:\/\/arantv.az\/?p=685090","title":{"rendered":"Almaniyan\u0131n d\u00f6vl\u0259t katibi: \u201cAz\u0259rbaycan enerji sah\u0259sind\u0259 ke\u00e7id etm\u0259k \u00fc\u00e7\u00fcn unikal v\u0259ziyy\u0259td\u0259dir\u201d"},"content":{"rendered":"<p>\u201cAz\u0259rbaycan pay\u0131zda ke\u00e7iril\u0259c\u0259k COP29-un prezidenti olmaqla \u00fcz\u0259rin\u0259 b\u00f6y\u00fck rol g\u00f6t\u00fcr\u00fcb ki, bu, \u00f6lk\u0259 \u00fc\u00e7\u00fcn b\u00f6y\u00fck imkanlar, amma eyni zamanda b\u00f6y\u00fck \u00f6hd\u0259likl\u0259r dem\u0259kdir\u201d.<\/p>\n<p>\u201cReport\u201d\u00a0x\u0259b\u0259r verir ki, bunu Almaniya Xarici \u0130\u015fl\u0259r Nazirliyinin beyn\u0259lxalq iqlim siyas\u0259ti \u00fczr\u0259 x\u00fcsusi n\u00fcmay\u0259nd\u0259si, d\u00f6vl\u0259t katibi Cenifer Morqan Bak\u0131da bir qrup jurnalistl\u0259 g\u00f6r\u00fc\u015f\u00fcnd\u0259 deyib.<\/p>\n<p>T\u0259dbir\u0259 ev sahibliyi ed\u0259c\u0259yi il\u0259 ba\u011fl\u0131 \u00f6lk\u0259 h\u00f6kum\u0259tini t\u0259brik ed\u0259n C.Morqan qeyd edib ki, COP-un Bak\u0131da ke\u00e7irilm\u0259si m\u00fc\u0259yy\u0259n m\u0259nada \u201ctam tsikl\u201d yarad\u0131r: \u201cD\u00fcnyada b\u00f6y\u00fck miqdarda qal\u0131q yanacaq ehtiyatlar\u0131n\u0131n intensiv k\u0259\u015ffiyyat\u0131na v\u0259 i\u015fl\u0259nm\u0259sin\u0259 ba\u015flayan ilk \u00f6lk\u0259 kimi Az\u0259rbaycan\u0131n haz\u0131rda b\u0259rpa olunan enerji m\u0259nb\u0259l\u0259rin\u0259 ke\u00e7id \u00fcz\u0259rind\u0259 i\u015fl\u0259m\u0259si v\u0259 enerji s\u0259m\u0259r\u0259liliyin\u0259 \u00e7al\u0131\u015fmas\u0131 h\u0259qiq\u0259t\u0259n maraql\u0131d\u0131r. \u00d6lk\u0259 h\u00f6kum\u0259ti b\u0259rpaolunan enerji m\u0259nb\u0259l\u0259rin\u0259 ke\u00e7idd\u0259 maraql\u0131 oldu\u011funu bildirir. COP28-d\u0259 q\u0259bul edilmi\u015f q\u0259rarlar\u0131 h\u0259yata ke\u00e7irm\u0259k \u00fc\u00e7\u00fcn daha yax\u015f\u0131 yeri haradan tapmaq olar?!\u201d<\/p>\n<p>Onun s\u00f6zl\u0259rin\u0259 g\u00f6r\u0259, Almaniya \u0259n\u0259n\u0259vi enerji resurslar\u0131ndan b\u0259rpa olunan m\u0259nb\u0259l\u0259r\u0259 ke\u00e7idi \u00e7ox f\u0259al \u015f\u0259kild\u0259 h\u0259yata ke\u00e7irir, elektrik enerjisinin dem\u0259k olar 50 %-i onlardan \u0259ld\u0259 edilir v\u0259 \u00f6lk\u0259 neft, qaz v\u0259 k\u00f6m\u00fcrd\u0259n tamamil\u0259 imtinaya do\u011fru gedir. \u201cAlmaniya bu sah\u0259d\u0259 toplanm\u0131\u015f t\u0259cr\u00fcb\u0259sini b\u00f6l\u00fc\u015fm\u0259y\u0259 haz\u0131rd\u0131r\u201d, &#8211; C.Morqan bildirib.<\/p>\n<p>Almaniya X\u0130N n\u00fcmay\u0259nd\u0259sinin fikrinc\u0259, iqlim b\u00f6hran\u0131 ham\u0131n\u0131n raz\u0131la\u015fd\u0131\u011f\u0131 reall\u0131qd\u0131r v\u0259 v\u0259ziyy\u0259t getdikc\u0259 daha da pisl\u0259\u015fir. \u201c2023-c\u00fc il Yer k\u00fcr\u0259sind\u0259 \u0259n y\u00fcks\u0259k temperaturun oldu\u011fu il kimi qeyd\u0259 al\u0131n\u0131b, eyni zamanda intensiv ya\u011f\u0131\u015flar v\u0259 n\u0259tic\u0259d\u0259 da\u015fq\u0131nlar v\u0259 quraql\u0131q olub\u201d, &#8211; o s\u00f6yl\u0259yib.<\/p>\n<p>Az\u0259rbaycan da d\u00fcnyan\u0131n dig\u0259r \u00f6lk\u0259l\u0259ri kimi iqlim d\u0259yi\u015fikliyinin n\u0259tic\u0259l\u0259rini, o c\u00fcml\u0259d\u0259n su q\u0131tl\u0131\u011f\u0131 v\u0259 quraql\u0131q hallar\u0131, dig\u0259r t\u0259r\u0259fd\u0259n leysan ya\u011f\u0131\u015flar\u0131n yaratd\u0131\u011f\u0131 s\u00fcr\u00fc\u015fm\u0259l\u0259r v\u0259 dig\u0259r neqativ n\u0259tic\u0259l\u0259r il\u0259 \u00fczl\u0259\u015fir.<\/p>\n<p>\u201cAyd\u0131nd\u0131r ki, b\u00fct\u00fcn \u00f6lk\u0259l\u0259r Paris Sazi\u015finin \u00fc\u00e7 \u0259sas m\u0259qs\u0259din\u0259, o c\u00fcml\u0259d\u0259n qlobal temperatur art\u0131m\u0131n\u0131 1,5 d\u0259r\u0259c\u0259 Selsi civar\u0131nda qorumaq, 2030-cu il\u0259 q\u0259d\u0259r istixana qaz\u0131 emissiyalar\u0131n\u0131 43 faiz azaltmaq v\u0259 2050-ci il\u0259 q\u0259d\u0259r s\u0131f\u0131r emissiyaya nail olmaq, iqlim d\u0259yi\u015fikliyi v\u0259 maliyy\u0259 resurslar\u0131n\u0131n yenid\u0259n y\u00f6nl\u0259ndirilm\u0259si \u015f\u0259raitind\u0259 davaml\u0131l\u0131q v\u0259 adaptasiyaya nail olmaq \u00fc\u00e7\u00fcn s\u0259y g\u00f6st\u0259rm\u0259lidirl\u0259r\u201d, &#8211; o deyib.<\/p>\n","protected":false},"excerpt":{"rendered":"<p>\u201cAz\u0259rbaycan pay\u0131zda ke\u00e7iril\u0259c\u0259k COP29-un prezidenti olmaqla \u00fcz\u0259rin\u0259 b\u00f6y\u00fck rol g\u00f6t\u00fcr\u00fcb ki, bu, \u00f6lk\u0259 \u00fc\u00e7\u00fcn b\u00f6y\u00fck imkanlar, amma eyni zamanda b\u00f6y\u00fck \u00f6hd\u0259likl\u0259r dem\u0259kdir\u201d. \u201cReport\u201d\u00a0x\u0259b\u0259r verir ki, bunu Almaniya Xarici \u0130\u015fl\u0259r Nazirliyinin beyn\u0259lxalq iqlim siyas\u0259ti \u00fczr\u0259 x\u00fcsusi n\u00fcmay\u0259nd\u0259si, d\u00f6vl\u0259t katibi Cenifer Morqan Bak\u0131da bir qrup jurnalistl\u0259 g\u00f6r\u00fc\u015f\u00fcnd\u0259 deyib. T\u0259dbir\u0259 ev sahibliyi ed\u0259c\u0259yi il\u0259 ba\u011fl\u0131 \u00f6lk\u0259 h\u00f6kum\u0259tini t\u0259brik ed\u0259n C.Morqan qeyd edib ki, COP-un Bak\u0131da ke\u00e7irilm\u0259si m\u00fc\u0259yy\u0259n m\u0259nada \u201ctam tsikl\u201d yarad\u0131r: \u201cD\u00fcnyada b\u00f6y\u00fck miqdarda qal\u0131q yanacaq ehtiyatlar\u0131n\u0131n intensiv k\u0259\u015ffiyyat\u0131na v\u0259 i\u015fl\u0259nm\u0259sin\u0259 ba\u015flayan ilk \u00f6lk\u0259 kimi Az\u0259rbaycan\u0131n haz\u0131rda b\u0259rpa olunan enerji m\u0259nb\u0259l\u0259rin\u0259 ke\u00e7id \u00fcz\u0259rind\u0259&hellip;<\/p>\n","protected":false},"author":2,"featured_media":685091,"comment_status":"closed","ping_status":"closed","sticky":false,"template":"","format":"standard","meta":{"om_disable_all_campaigns":false,"_monsterinsights_skip_tracking":false,"_monsterinsights_sitenote_active":false,"_monsterinsights_sitenote_note":"","_monsterinsights_sitenote_category":0},"categories":[4],"tags":[],"aioseo_notices":[],"gutentor_comment":0,"rttpg_featured_image_url":{"full":["https:\/\/arantv.az\/wp-content\/uploads\/2024\/01\/4dc19e9f-8b15-3fe8-a27e-5929ceea729e_850.jpg",620,413,false],"landscape":["https:\/\/arantv.az\/wp-content\/uploads\/2024\/01\/4dc19e9f-8b15-3fe8-a27e-5929ceea729e_850.jpg",620,413,false],"portraits":["https:\/\/arantv.az\/wp-content\/uploads\/2024\/01\/4dc19e9f-8b15-3fe8-a27e-5929ceea729e_850.jpg",620,413,false],"thumbnail":["https:\/\/arantv.az\/wp-content\/uploads\/2024\/01\/4dc19e9f-8b15-3fe8-a27e-5929ceea729e_850-500x280.jpg",500,280,true],"medium":["https:\/\/arantv.az\/wp-content\/uploads\/2024\/01\/4dc19e9f-8b15-3fe8-a27e-5929ceea729e_850-548x365.jpg",548,365,true],"large":["https:\/\/arantv.az\/wp-content\/uploads\/2024\/01\/4dc19e9f-8b15-3fe8-a27e-5929ceea729e_850.jpg",620,413,false],"1536x1536":["https:\/\/arantv.az\/wp-content\/uploads\/2024\/01\/4dc19e9f-8b15-3fe8-a27e-5929ceea729e_850.jpg",620,413,false],"2048x2048":["https:\/\/arantv.az\/wp-content\/uploads\/2024\/01\/4dc19e9f-8b15-3fe8-a27e-5929ceea729e_850.jpg",620,413,false],"post-thumbnail":["https:\/\/arantv.az\/wp-content\/uploads\/2024\/01\/4dc19e9f-8b15-3fe8-a27e-5929ceea729e_850-240x172.jpg",240,172,true],"advps-thumb-one":["https:\/\/arantv.az\/wp-content\/uploads\/2024\/01\/4dc19e9f-8b15-3fe8-a27e-5929ceea729e_850.jpg",620,413,false]},"rttpg_author":{"display_name":"V\u00fcsal Rafiqo\u011flu","author_link":"https:\/\/arantv.az\/?author=2"},"rttpg_comment":0,"rttpg_category":"<a href=\"https:\/\/arantv.az\/?cat=4\" rel=\"category\">Siyas\u0259t<\/a>","rttpg_excerpt":"\u201cAz\u0259rbaycan pay\u0131zda ke\u00e7iril\u0259c\u0259k COP29-un prezidenti olmaqla \u00fcz\u0259rin\u0259 b\u00f6y\u00fck rol g\u00f6t\u00fcr\u00fcb ki, bu, \u00f6lk\u0259 \u00fc\u00e7\u00fcn b\u00f6y\u00fck imkanlar, amma eyni zamanda b\u00f6y\u00fck \u00f6hd\u0259likl\u0259r dem\u0259kdir\u201d. \u201cReport\u201d\u00a0x\u0259b\u0259r verir ki, bunu Almaniya Xarici \u0130\u015fl\u0259r Nazirliyinin beyn\u0259lxalq iqlim siyas\u0259ti \u00fczr\u0259 x\u00fcsusi n\u00fcmay\u0259nd\u0259si, d\u00f6vl\u0259t katibi Cenifer Morqan Bak\u0131da bir qrup jurnalistl\u0259 g\u00f6r\u00fc\u015f\u00fcnd\u0259 deyib. T\u0259dbir\u0259 ev sahibliyi ed\u0259c\u0259yi il\u0259 ba\u011fl\u0131 \u00f6lk\u0259 h\u00f6kum\u0259tini t\u0259brik&hellip;","_links":{"self":[{"href":"https:\/\/arantv.az\/index.php?rest_route=\/wp\/v2\/posts\/685090"}],"collection":[{"href":"https:\/\/arantv.az\/index.php?rest_route=\/wp\/v2\/posts"}],"about":[{"href":"https:\/\/arantv.az\/index.php?rest_route=\/wp\/v2\/types\/post"}],"author":[{"embeddable":true,"href":"https:\/\/arantv.az\/index.php?rest_route=\/wp\/v2\/users\/2"}],"replies":[{"embeddable":true,"href":"https:\/\/arantv.az\/index.php?rest_route=%2Fwp%2Fv2%2Fcomments&post=685090"}],"version-history":[{"count":0,"href":"https:\/\/arantv.az\/index.php?rest_route=\/wp\/v2\/posts\/685090\/revisions"}],"wp:featuredmedia":[{"embeddable":true,"href":"https:\/\/arantv.az\/index.php?rest_route=\/wp\/v2\/media\/685091"}],"wp:attachment":[{"href":"https:\/\/arantv.az\/index.php?rest_route=%2Fwp%2Fv2%2Fmedia&parent=685090"}],"wp:term":[{"taxonomy":"category","embeddable":true,"href":"https:\/\/arantv.az\/index.php?rest_route=%2Fwp%2Fv2%2Fcategories&post=685090"},{"taxonomy":"post_tag","embeddable":true,"href":"https:\/\/arantv.az\/index.php?rest_route=%2Fwp%2Fv2%2Ftags&post=685090"}],"curies":[{"name":"wp","href":"https:\/\/api.w.org\/{rel}","templated":true}]}}