{"id":685093,"date":"2024-01-29T20:07:00","date_gmt":"2024-01-29T16:07:00","guid":{"rendered":"https:\/\/arantv.az\/?p=685093"},"modified":"2024-01-29T20:07:00","modified_gmt":"2024-01-29T16:07:00","slug":"dovl%c9%99t-s%c9%99rh%c9%99d-xidm%c9%99tin%c9%99-yeni-s%c9%99lahiyy%c9%99t-verilib","status":"publish","type":"post","link":"https:\/\/arantv.az\/?p=685093","title":{"rendered":"D\u00f6vl\u0259t S\u0259rh\u0259d Xidm\u0259tin\u0259 yeni s\u0259lahiyy\u0259t verilib"},"content":{"rendered":"<p>D\u00f6vl\u0259t S\u0259rh\u0259d Xidm\u0259tin\u0259 yeni s\u0259lahiyy\u0259t verilib.<\/p>\n<p>APA\u00a0x\u0259b\u0259r verir ki, bu, Ba\u015f nazir \u018fli \u018fs\u0259dovun bu g\u00fcn imzalad\u0131\u011f\u0131 \u201cStrateji Obyektl\u0259rin M\u00fchafiz\u0259si D\u00f6vl\u0259t Agentliyinin \u0259m\u0259kda\u015flar\u0131n\u0131n sa\u011flaml\u0131\u011f\u0131n\u0131n m\u00fchafiz\u0259si il\u0259 \u0259laq\u0259dar bir s\u0131ra m\u0259s\u0259l\u0259l\u0259rin t\u0259nziml\u0259nm\u0259si haqq\u0131nda\u201d q\u0259rarda \u0259ksini tap\u0131b.<\/p>\n<p>Q\u0259rara \u0259sas\u0259n, Az\u0259rbaycan Respublikas\u0131 Strateji Obyektl\u0259rin M\u00fchafiz\u0259si D\u00f6vl\u0259t Agentliyinin \u0259m\u0259kda\u015flar\u0131na (pensiyaya \u00e7\u0131xm\u0131\u015f \u0259m\u0259kda\u015flar da daxil olmaqla) v\u0259 onlar\u0131n ail\u0259 \u00fczvl\u0259rin\u0259 tibbi xidm\u0259tin g\u00f6st\u0259rilm\u0259si, o c\u00fcml\u0259d\u0259n x\u0259st\u0259likl\u0259rin profilaktikas\u0131, ilkin tibbi-sanitariya yard\u0131m\u0131, t\u0259cili v\u0259 t\u0259xir\u0259sal\u0131nmaz tibbi yard\u0131m, ambulator-poliklinik v\u0259 stasionar tibbi yard\u0131m, onlar\u0131n tibbi reabilitasiyas\u0131 v\u0259 sa\u011flamla\u015fd\u0131r\u0131lmas\u0131n\u0131n t\u0259min edilm\u0259si \u201cH\u0259rbi qulluq\u00e7ular\u0131n statusu haqq\u0131nda\u201d Az\u0259rbaycan Respublikas\u0131 Qanununun v\u0259 \u201cAz\u0259rbaycan Respublikas\u0131n\u0131n Strateji Obyektl\u0259rin M\u00fchafiz\u0259si D\u00f6vl\u0259t Agentliyi haqq\u0131nda \u018fsasnam\u0259nin, Agentliyin strukturunun, h\u0259rbi qulluq\u00e7ular\u0131n\u0131n v\u0259 m\u00fclki i\u015f\u00e7il\u0259rinin say h\u0259ddinin, ali zabit hey\u0259ti v\u0259zif\u0259l\u0259rinin siyah\u0131s\u0131n\u0131n t\u0259sdiq edilm\u0259si bar\u0259d\u0259\u201d Az\u0259rbaycan Respublikas\u0131 Prezidentinin 2021-ci il 22 dekabr tarixli 1510 n\u00f6mr\u0259li F\u0259rman\u0131n\u0131n t\u0259l\u0259bl\u0259ri n\u0259z\u0259r\u0259 al\u0131nmaqla, Az\u0259rbaycan Respublikas\u0131n\u0131n D\u00f6vl\u0259t S\u0259rh\u0259d Xidm\u0259ti t\u0259r\u0259find\u0259n h\u0259yata ke\u00e7iril\u0259c\u0259k.<\/p>\n<p>Maliyy\u0259 Nazirliyin\u0259 tap\u015f\u0131r\u0131l\u0131b ki, bu Q\u0259rar\u0131n icras\u0131 il\u0259 \u0259laq\u0259dar m\u00fcvafiq v\u0259saitl\u0259rin h\u0259r il n\u00f6vb\u0259ti ilin d\u00f6vl\u0259t b\u00fcdc\u0259si layih\u0259sinin t\u0259rtibi zaman\u0131 Az\u0259rbaycan Respublikas\u0131 Strateji Obyektl\u0259rin M\u00fchafiz\u0259si D\u00f6vl\u0259t Agentliyinin Az\u0259rbaycan Respublikas\u0131n\u0131n D\u00f6vl\u0259t S\u0259rh\u0259d Xidm\u0259ti il\u0259 raz\u0131la\u015fd\u0131r\u0131lm\u0131\u015f t\u0259klifl\u0259ri \u0259sas\u0131nda Az\u0259rbaycan Respublikas\u0131 D\u00f6vl\u0259t S\u0259rh\u0259d Xidm\u0259tinin saxlan\u0131lmas\u0131 x\u0259rcl\u0259rinin t\u0259rkibind\u0259 n\u0259z\u0259rd\u0259 tutulmas\u0131n\u0131 t\u0259min etsin.<\/p>\n<p>Q\u0259rar 2024-c\u00fc il fevral\u0131n 1-d\u0259n q\u00fcvv\u0259y\u0259 minir.<\/p>\n","protected":false},"excerpt":{"rendered":"<p>D\u00f6vl\u0259t S\u0259rh\u0259d Xidm\u0259tin\u0259 yeni s\u0259lahiyy\u0259t verilib. APA\u00a0x\u0259b\u0259r verir ki, bu, Ba\u015f nazir \u018fli \u018fs\u0259dovun bu g\u00fcn imzalad\u0131\u011f\u0131 \u201cStrateji Obyektl\u0259rin M\u00fchafiz\u0259si D\u00f6vl\u0259t Agentliyinin \u0259m\u0259kda\u015flar\u0131n\u0131n sa\u011flaml\u0131\u011f\u0131n\u0131n m\u00fchafiz\u0259si il\u0259 \u0259laq\u0259dar bir s\u0131ra m\u0259s\u0259l\u0259l\u0259rin t\u0259nziml\u0259nm\u0259si haqq\u0131nda\u201d q\u0259rarda \u0259ksini tap\u0131b. Q\u0259rara \u0259sas\u0259n, Az\u0259rbaycan Respublikas\u0131 Strateji Obyektl\u0259rin M\u00fchafiz\u0259si D\u00f6vl\u0259t Agentliyinin \u0259m\u0259kda\u015flar\u0131na (pensiyaya \u00e7\u0131xm\u0131\u015f \u0259m\u0259kda\u015flar da daxil olmaqla) v\u0259 onlar\u0131n ail\u0259 \u00fczvl\u0259rin\u0259 tibbi xidm\u0259tin g\u00f6st\u0259rilm\u0259si, o c\u00fcml\u0259d\u0259n x\u0259st\u0259likl\u0259rin profilaktikas\u0131, ilkin tibbi-sanitariya yard\u0131m\u0131, t\u0259cili v\u0259 t\u0259xir\u0259sal\u0131nmaz tibbi yard\u0131m, ambulator-poliklinik v\u0259 stasionar tibbi yard\u0131m, onlar\u0131n tibbi reabilitasiyas\u0131 v\u0259 sa\u011flamla\u015fd\u0131r\u0131lmas\u0131n\u0131n t\u0259min edilm\u0259si \u201cH\u0259rbi qulluq\u00e7ular\u0131n statusu haqq\u0131nda\u201d Az\u0259rbaycan Respublikas\u0131 Qanununun v\u0259&hellip;<\/p>\n","protected":false},"author":2,"featured_media":462785,"comment_status":"closed","ping_status":"closed","sticky":false,"template":"","format":"standard","meta":{"om_disable_all_campaigns":false,"_monsterinsights_skip_tracking":false,"_monsterinsights_sitenote_active":false,"_monsterinsights_sitenote_note":"","_monsterinsights_sitenote_category":0},"categories":[19],"tags":[],"aioseo_notices":[],"gutentor_comment":0,"rttpg_featured_image_url":{"full":["https:\/\/arantv.az\/wp-content\/uploads\/2022\/04\/dsx_21649857829-1.jpg",650,405,false],"landscape":["https:\/\/arantv.az\/wp-content\/uploads\/2022\/04\/dsx_21649857829-1.jpg",650,405,false],"portraits":["https:\/\/arantv.az\/wp-content\/uploads\/2022\/04\/dsx_21649857829-1.jpg",650,405,false],"thumbnail":["https:\/\/arantv.az\/wp-content\/uploads\/2022\/04\/dsx_21649857829-1-500x280.jpg",500,280,true],"medium":["https:\/\/arantv.az\/wp-content\/uploads\/2022\/04\/dsx_21649857829-1-586x365.jpg",586,365,true],"large":["https:\/\/arantv.az\/wp-content\/uploads\/2022\/04\/dsx_21649857829-1.jpg",640,399,false],"1536x1536":["https:\/\/arantv.az\/wp-content\/uploads\/2022\/04\/dsx_21649857829-1.jpg",650,405,false],"2048x2048":["https:\/\/arantv.az\/wp-content\/uploads\/2022\/04\/dsx_21649857829-1.jpg",650,405,false],"post-thumbnail":["https:\/\/arantv.az\/wp-content\/uploads\/2022\/04\/dsx_21649857829-1-240x172.jpg",240,172,true],"advps-thumb-one":["https:\/\/arantv.az\/wp-content\/uploads\/2022\/04\/dsx_21649857829-1.jpg",650,405,false]},"rttpg_author":{"display_name":"V\u00fcsal Rafiqo\u011flu","author_link":"https:\/\/arantv.az\/?author=2"},"rttpg_comment":0,"rttpg_category":"<a href=\"https:\/\/arantv.az\/?cat=19\" rel=\"category\">G\u00fcnd\u0259m<\/a>","rttpg_excerpt":"D\u00f6vl\u0259t S\u0259rh\u0259d Xidm\u0259tin\u0259 yeni s\u0259lahiyy\u0259t verilib. APA\u00a0x\u0259b\u0259r verir ki, bu, Ba\u015f nazir \u018fli \u018fs\u0259dovun bu g\u00fcn imzalad\u0131\u011f\u0131 \u201cStrateji Obyektl\u0259rin M\u00fchafiz\u0259si D\u00f6vl\u0259t Agentliyinin \u0259m\u0259kda\u015flar\u0131n\u0131n sa\u011flaml\u0131\u011f\u0131n\u0131n m\u00fchafiz\u0259si il\u0259 \u0259laq\u0259dar bir s\u0131ra m\u0259s\u0259l\u0259l\u0259rin t\u0259nziml\u0259nm\u0259si haqq\u0131nda\u201d q\u0259rarda \u0259ksini tap\u0131b. Q\u0259rara \u0259sas\u0259n, Az\u0259rbaycan Respublikas\u0131 Strateji Obyektl\u0259rin M\u00fchafiz\u0259si D\u00f6vl\u0259t Agentliyinin \u0259m\u0259kda\u015flar\u0131na (pensiyaya \u00e7\u0131xm\u0131\u015f \u0259m\u0259kda\u015flar da daxil olmaqla) v\u0259 onlar\u0131n ail\u0259 \u00fczvl\u0259rin\u0259&hellip;","_links":{"self":[{"href":"https:\/\/arantv.az\/index.php?rest_route=\/wp\/v2\/posts\/685093"}],"collection":[{"href":"https:\/\/arantv.az\/index.php?rest_route=\/wp\/v2\/posts"}],"about":[{"href":"https:\/\/arantv.az\/index.php?rest_route=\/wp\/v2\/types\/post"}],"author":[{"embeddable":true,"href":"https:\/\/arantv.az\/index.php?rest_route=\/wp\/v2\/users\/2"}],"replies":[{"embeddable":true,"href":"https:\/\/arantv.az\/index.php?rest_route=%2Fwp%2Fv2%2Fcomments&post=685093"}],"version-history":[{"count":0,"href":"https:\/\/arantv.az\/index.php?rest_route=\/wp\/v2\/posts\/685093\/revisions"}],"wp:featuredmedia":[{"embeddable":true,"href":"https:\/\/arantv.az\/index.php?rest_route=\/wp\/v2\/media\/462785"}],"wp:attachment":[{"href":"https:\/\/arantv.az\/index.php?rest_route=%2Fwp%2Fv2%2Fmedia&parent=685093"}],"wp:term":[{"taxonomy":"category","embeddable":true,"href":"https:\/\/arantv.az\/index.php?rest_route=%2Fwp%2Fv2%2Fcategories&post=685093"},{"taxonomy":"post_tag","embeddable":true,"href":"https:\/\/arantv.az\/index.php?rest_route=%2Fwp%2Fv2%2Ftags&post=685093"}],"curies":[{"name":"wp","href":"https:\/\/api.w.org\/{rel}","templated":true}]}}