{"id":685096,"date":"2024-01-29T20:07:33","date_gmt":"2024-01-29T16:07:33","guid":{"rendered":"https:\/\/arantv.az\/?p=685096"},"modified":"2024-01-29T20:07:33","modified_gmt":"2024-01-29T16:07:33","slug":"ceyhun-bayramov-hulusi-akar-il%c9%99-gorusub-foto","status":"publish","type":"post","link":"https:\/\/arantv.az\/?p=685096","title":{"rendered":"Ceyhun Bayramov Hulusi Akar il\u0259 g\u00f6r\u00fc\u015f\u00fcb &#8211; FOTO"},"content":{"rendered":"<p>Az\u0259rbaycan\u0131n xarici i\u015fl\u0259r naziri Ceyhun Bayramov T\u00fcrkiy\u0259 B\u00f6y\u00fck Mill\u0259t M\u0259clisinin Milli m\u00fcdafi\u0259 komissiyas\u0131n\u0131n s\u0259dri Hulusi Akar\u0131n r\u0259hb\u0259rlik etdiyi n\u00fcmay\u0259nd\u0259 hey\u0259tini q\u0259bul edib.<\/p>\n<p>Bu bar\u0259d\u0259 Xarici \u0130\u015fl\u0259r Nazirliyind\u0259n (X\u0130N) m\u0259lumat verilib.<\/p>\n<p>Bildirilib ki, g\u00f6r\u00fc\u015f zaman\u0131 Az\u0259rbaycan v\u0259 qarda\u015f T\u00fcrkiy\u0259 aras\u0131nda dinamik \u0259m\u0259kda\u015fl\u0131q g\u00fcnd\u0259liyi, habel\u0259 parlamentl\u0259raras\u0131 v\u0259 t\u0259hl\u00fck\u0259sizlik sah\u0259sind\u0259 \u0259m\u0259kda\u015fl\u0131q m\u0259s\u0259l\u0259l\u0259ri geni\u015f m\u00fczakir\u0259 olunub.<\/p>\n<p>T\u00fcrkiy\u0259 B\u00f6y\u00fck Mill\u0259t M\u0259clisinin n\u00fcmay\u0259nd\u0259 hey\u0259tini s\u0259mimiyy\u0259tl\u0259 salamlayan nazir C.Bayramov qarda\u015f \u00f6lk\u0259l\u0259rimiz aras\u0131nda strateji m\u00fctt\u0259fiqlik m\u00fcnasib\u0259tl\u0259rinin intensiv inki\u015faf\u0131n\u0131 m\u0259mnuniyy\u0259tl\u0259 vur\u011fulay\u0131b v\u0259 qar\u015f\u0131l\u0131ql\u0131 s\u0259f\u0259rl\u0259rin bu m\u00fcnasib\u0259tl\u0259r \u00fc\u00e7\u00fcn vacibliyini qeyd edib. Nazir h\u0259m\u00e7inin Az\u0259rbaycan Respublikas\u0131 v\u0259 T\u00fcrkiy\u0259 Respublikas\u0131 d\u00f6vl\u0259t qurumlar\u0131 aras\u0131nda intensiv i\u015f\u00e7i t\u0259maslar\u0131n ikit\u0259r\u0259fli m\u00fcnasib\u0259tl\u0259r\u0259 b\u00f6y\u00fck t\u00f6hf\u0259 verdiyini diqq\u0259t\u0259 \u00e7atd\u0131r\u0131b.<\/p>\n<p>T\u0259r\u0259fl\u0259r \u015eu\u015fa B\u0259yannam\u0259si \u00e7\u0259r\u00e7iv\u0259sind\u0259 b\u00fct\u00fcn sah\u0259l\u0259r, x\u00fcsus\u0259n d\u0259 t\u0259hl\u00fck\u0259sizlik v\u0259 ordu quruculu\u011fu sah\u0259l\u0259ri \u00fczr\u0259 iki \u00f6lk\u0259 aras\u0131nda s\u0131x \u0259m\u0259kda\u015fl\u0131q \u0259laq\u0259l\u0259rini, bu \u0259laq\u0259l\u0259rinin geni\u015f inki\u015faf potensial\u0131n\u0131n m\u00f6vcudlu\u011funu vur\u011fulay\u0131blar.<\/p>\n<p>H.Akar \u00f6z n\u00f6vb\u0259sind\u0259 qonaqp\u0259rv\u0259rliy\u0259 v\u0259 xo\u015f q\u0259bula g\u00f6r\u0259 t\u0259\u015f\u0259kk\u00fcrl\u0259rini bildirib, \u00f6lk\u0259l\u0259rimizin b\u00fct\u00fcn platformalarda bir-birin\u0259 g\u00f6st\u0259rdiyi qar\u015f\u0131l\u0131ql\u0131 d\u0259st\u0259k s\u0259viyy\u0259sind\u0259n, habel\u0259 parlamentl\u0259raras\u0131 m\u00fcnasib\u0259tl\u0259rin g\u0259l\u0259c\u0259k perspektivl\u0259rind\u0259n m\u0259mnuniyy\u0259t ifad\u0259 edib. H\u0259m\u00e7inin komissiya s\u0259dri Az\u0259rbaycan\u0131n T\u00fcrkiy\u0259 m\u00fcdafi\u0259 s\u0259nayesinin imkanlar\u0131ndan yararlanmas\u0131 \u00fc\u00e7\u00fcn geni\u015f perspektivl\u0259rin m\u00f6vcudlu\u011funu qeyd edib.<\/p>\n<p>G\u00f6r\u00fc\u015f zaman\u0131 qar\u015f\u0131l\u0131ql\u0131 maraq do\u011furan dig\u0259r ikit\u0259r\u0259fli v\u0259 regional m\u0259s\u0259l\u0259l\u0259r \u0259traf\u0131nda fikir m\u00fcbadil\u0259si apar\u0131l\u0131b.<\/p>\n<p>&nbsp;<\/p>\n<div class=\"gallery\">\n<div class=\"gallery-i\"><img src=\"https:\/\/cdn.oxu.az\/uploads\/W1siZiIsIjIwMjQvMDEvMjkvMTkvMTgvMTYvZTI2YWNiZDctMTkwZS00NjZhLWJlOWUtZDNhOThkNmRmMTQyLzFhZmVmMTJmLTdhNWItM2ZiZC1hNWNlLWRiNDUyZGZiNmNlMy5qcGciXSxbInAiLCJlbmNvZGUiLCJqcGciLCItcXVhbGl0eSA4MCJdLFsicCIsInRodW1iIiwiNTkweDU5MFx1MDAzZSJdXQ?sha=cfd511e37ee6f755\" alt=\"\" \/><\/p>\n<div class=\"gallery-i-caption\"><\/div>\n<\/div>\n<div class=\"gallery-i\"><img src=\"https:\/\/cdn.oxu.az\/uploads\/W1siZiIsIjIwMjQvMDEvMjkvMTkvMTgvMTYvNzdiN2RkNTgtMjNjYS00M2ZhLWE4MGEtYWQ4MDFhNjAxMjY4Lzc1ZjVkN2FkLWQzYmUtMzkwMS05NzdmLTRjMWQwMzZjMWY5ZC5qcGciXSxbInAiLCJlbmNvZGUiLCJqcGciLCItcXVhbGl0eSA4MCJdLFsicCIsInRodW1iIiwiNTkweDU5MFx1MDAzZSJdXQ?sha=f733112cefc44f6a\" alt=\"\" \/><\/div>\n<\/div>\n","protected":false},"excerpt":{"rendered":"<p>Az\u0259rbaycan\u0131n xarici i\u015fl\u0259r naziri Ceyhun Bayramov T\u00fcrkiy\u0259 B\u00f6y\u00fck Mill\u0259t M\u0259clisinin Milli m\u00fcdafi\u0259 komissiyas\u0131n\u0131n s\u0259dri Hulusi Akar\u0131n r\u0259hb\u0259rlik etdiyi n\u00fcmay\u0259nd\u0259 hey\u0259tini q\u0259bul edib. Bu bar\u0259d\u0259 Xarici \u0130\u015fl\u0259r Nazirliyind\u0259n (X\u0130N) m\u0259lumat verilib. Bildirilib ki, g\u00f6r\u00fc\u015f zaman\u0131 Az\u0259rbaycan v\u0259 qarda\u015f T\u00fcrkiy\u0259 aras\u0131nda dinamik \u0259m\u0259kda\u015fl\u0131q g\u00fcnd\u0259liyi, habel\u0259 parlamentl\u0259raras\u0131 v\u0259 t\u0259hl\u00fck\u0259sizlik sah\u0259sind\u0259 \u0259m\u0259kda\u015fl\u0131q m\u0259s\u0259l\u0259l\u0259ri geni\u015f m\u00fczakir\u0259 olunub. T\u00fcrkiy\u0259 B\u00f6y\u00fck Mill\u0259t M\u0259clisinin n\u00fcmay\u0259nd\u0259 hey\u0259tini s\u0259mimiyy\u0259tl\u0259 salamlayan nazir C.Bayramov qarda\u015f \u00f6lk\u0259l\u0259rimiz aras\u0131nda strateji m\u00fctt\u0259fiqlik m\u00fcnasib\u0259tl\u0259rinin intensiv inki\u015faf\u0131n\u0131 m\u0259mnuniyy\u0259tl\u0259 vur\u011fulay\u0131b v\u0259 qar\u015f\u0131l\u0131ql\u0131 s\u0259f\u0259rl\u0259rin bu m\u00fcnasib\u0259tl\u0259r \u00fc\u00e7\u00fcn vacibliyini qeyd edib. Nazir h\u0259m\u00e7inin Az\u0259rbaycan Respublikas\u0131 v\u0259 T\u00fcrkiy\u0259 Respublikas\u0131 d\u00f6vl\u0259t qurumlar\u0131&hellip;<\/p>\n","protected":false},"author":2,"featured_media":685097,"comment_status":"closed","ping_status":"closed","sticky":false,"template":"","format":"standard","meta":{"om_disable_all_campaigns":false,"_monsterinsights_skip_tracking":false,"_monsterinsights_sitenote_active":false,"_monsterinsights_sitenote_note":"","_monsterinsights_sitenote_category":0},"categories":[4],"tags":[],"aioseo_notices":[],"gutentor_comment":0,"rttpg_featured_image_url":{"full":["https:\/\/arantv.az\/wp-content\/uploads\/2024\/01\/4f7661e2-e028-34d8-a14a-a9ab026adc54_850.jpg",620,413,false],"landscape":["https:\/\/arantv.az\/wp-content\/uploads\/2024\/01\/4f7661e2-e028-34d8-a14a-a9ab026adc54_850.jpg",620,413,false],"portraits":["https:\/\/arantv.az\/wp-content\/uploads\/2024\/01\/4f7661e2-e028-34d8-a14a-a9ab026adc54_850.jpg",620,413,false],"thumbnail":["https:\/\/arantv.az\/wp-content\/uploads\/2024\/01\/4f7661e2-e028-34d8-a14a-a9ab026adc54_850-500x280.jpg",500,280,true],"medium":["https:\/\/arantv.az\/wp-content\/uploads\/2024\/01\/4f7661e2-e028-34d8-a14a-a9ab026adc54_850-548x365.jpg",548,365,true],"large":["https:\/\/arantv.az\/wp-content\/uploads\/2024\/01\/4f7661e2-e028-34d8-a14a-a9ab026adc54_850.jpg",620,413,false],"1536x1536":["https:\/\/arantv.az\/wp-content\/uploads\/2024\/01\/4f7661e2-e028-34d8-a14a-a9ab026adc54_850.jpg",620,413,false],"2048x2048":["https:\/\/arantv.az\/wp-content\/uploads\/2024\/01\/4f7661e2-e028-34d8-a14a-a9ab026adc54_850.jpg",620,413,false],"post-thumbnail":["https:\/\/arantv.az\/wp-content\/uploads\/2024\/01\/4f7661e2-e028-34d8-a14a-a9ab026adc54_850-240x172.jpg",240,172,true],"advps-thumb-one":["https:\/\/arantv.az\/wp-content\/uploads\/2024\/01\/4f7661e2-e028-34d8-a14a-a9ab026adc54_850.jpg",620,413,false]},"rttpg_author":{"display_name":"V\u00fcsal Rafiqo\u011flu","author_link":"https:\/\/arantv.az\/?author=2"},"rttpg_comment":0,"rttpg_category":"<a href=\"https:\/\/arantv.az\/?cat=4\" rel=\"category\">Siyas\u0259t<\/a>","rttpg_excerpt":"Az\u0259rbaycan\u0131n xarici i\u015fl\u0259r naziri Ceyhun Bayramov T\u00fcrkiy\u0259 B\u00f6y\u00fck Mill\u0259t M\u0259clisinin Milli m\u00fcdafi\u0259 komissiyas\u0131n\u0131n s\u0259dri Hulusi Akar\u0131n r\u0259hb\u0259rlik etdiyi n\u00fcmay\u0259nd\u0259 hey\u0259tini q\u0259bul edib. Bu bar\u0259d\u0259 Xarici \u0130\u015fl\u0259r Nazirliyind\u0259n (X\u0130N) m\u0259lumat verilib. Bildirilib ki, g\u00f6r\u00fc\u015f zaman\u0131 Az\u0259rbaycan v\u0259 qarda\u015f T\u00fcrkiy\u0259 aras\u0131nda dinamik \u0259m\u0259kda\u015fl\u0131q g\u00fcnd\u0259liyi, habel\u0259 parlamentl\u0259raras\u0131 v\u0259 t\u0259hl\u00fck\u0259sizlik sah\u0259sind\u0259 \u0259m\u0259kda\u015fl\u0131q m\u0259s\u0259l\u0259l\u0259ri geni\u015f m\u00fczakir\u0259 olunub. T\u00fcrkiy\u0259 B\u00f6y\u00fck Mill\u0259t&hellip;","_links":{"self":[{"href":"https:\/\/arantv.az\/index.php?rest_route=\/wp\/v2\/posts\/685096"}],"collection":[{"href":"https:\/\/arantv.az\/index.php?rest_route=\/wp\/v2\/posts"}],"about":[{"href":"https:\/\/arantv.az\/index.php?rest_route=\/wp\/v2\/types\/post"}],"author":[{"embeddable":true,"href":"https:\/\/arantv.az\/index.php?rest_route=\/wp\/v2\/users\/2"}],"replies":[{"embeddable":true,"href":"https:\/\/arantv.az\/index.php?rest_route=%2Fwp%2Fv2%2Fcomments&post=685096"}],"version-history":[{"count":0,"href":"https:\/\/arantv.az\/index.php?rest_route=\/wp\/v2\/posts\/685096\/revisions"}],"wp:featuredmedia":[{"embeddable":true,"href":"https:\/\/arantv.az\/index.php?rest_route=\/wp\/v2\/media\/685097"}],"wp:attachment":[{"href":"https:\/\/arantv.az\/index.php?rest_route=%2Fwp%2Fv2%2Fmedia&parent=685096"}],"wp:term":[{"taxonomy":"category","embeddable":true,"href":"https:\/\/arantv.az\/index.php?rest_route=%2Fwp%2Fv2%2Fcategories&post=685096"},{"taxonomy":"post_tag","embeddable":true,"href":"https:\/\/arantv.az\/index.php?rest_route=%2Fwp%2Fv2%2Ftags&post=685096"}],"curies":[{"name":"wp","href":"https:\/\/api.w.org\/{rel}","templated":true}]}}