{"id":685099,"date":"2024-01-29T20:08:16","date_gmt":"2024-01-29T16:08:16","guid":{"rendered":"https:\/\/arantv.az\/?p=685099"},"modified":"2024-01-29T20:08:16","modified_gmt":"2024-01-29T16:08:16","slug":"az%c9%99rbaycan-ordusunun-zabitini-q%c9%99tl%c9%99-yetir%c9%99n-s%c9%99xs-h%c9%99bs-edildi-foto","status":"publish","type":"post","link":"https:\/\/arantv.az\/?p=685099","title":{"rendered":"Az\u0259rbaycan Ordusunun zabitini q\u0259tl\u0259 yetir\u0259n \u015f\u0259xs h\u0259bs edildi &#8211; FOTO"},"content":{"rendered":"<p>Az\u0259rbaycan M\u00fcdafi\u0259 Nazirliyinin \u201cN\u201d sayl\u0131 h\u0259rbi hiss\u0259sinin h\u0259rbi qulluq\u00e7usu Amil H\u00fcmb\u0259t o\u011flu Abdullayevi\u00a0q\u0259tl\u0259 yetirm\u0259kd\u0259 t\u0259qsirli bilin\u0259n\u00a0Nizami Eynulla o\u011flu\u00a0Abdullayev bar\u0259sind\u0259 h\u0259rbi prokurorun t\u0259qdimat\u0131 \u0259sas\u0131nda m\u0259hk\u0259m\u0259nin q\u0259rar\u0131 il\u0259\u00a0d\u00f6rd\u00a0ay m\u00fcdd\u0259tind\u0259 h\u0259bs q\u0259timkan t\u0259dbiri se\u00e7ilib.<\/p>\n<p>Bunu<strong>\u00a0Oxu.Az<\/strong>-a a\u00e7\u0131qlamas\u0131nda h\u0259rbi prokurorun b\u00f6y\u00fck k\u00f6m\u0259k\u00e7isi &#8211; H\u0259rbi Prokurorlu\u011fun M\u0259tbuat Xidm\u0259tinin r\u0259hb\u0259ri, ba\u015f \u0259dliyy\u0259 m\u00fc\u015faviri\u00a0<strong>Firad \u018fliyev<\/strong>\u00a0deyib.<\/p>\n<p>&nbsp;<\/p>\n<div class=\"gallery\">\n<div class=\"gallery-i\"><img src=\"https:\/\/cdn.oxu.az\/uploads\/W1siZiIsIjIwMjQvMDEvMjkvMTkvMTEvNTMvMjM3ZGNhZTQtNzZhYi00OWVjLWE4NDgtZjgwNzIwMmM0ZjAxL1doYXRzQXBwIEltYWdlIDIwMjQtMDEtMjkgYXQgMTkuMDUuMjMgKDEpLmpwZWciXSxbInAiLCJlbmNvZGUiLCJqcGciLCItcXVhbGl0eSA4MCJdLFsicCIsInRodW1iIiwiNTkweDU5MFx1MDAzZSJdXQ?sha=f0f895a0967d2ba3\" alt=\"\" \/><\/p>\n<div class=\"gallery-i-caption\"><\/div>\n<\/div>\n<\/div>\n<p>\u201cHaz\u0131rda istintaq davam etdirilir v\u0259 qanunvericiliyin t\u0259l\u0259bl\u0259rin\u0259 uy\u011fun olaraq b\u00fct\u00fcn t\u0259dbirl\u0259rin g\u00f6r\u00fclm\u0259si t\u0259min edil\u0259c\u0259k\u201d , &#8211; dey\u0259 o bildirib.<\/p>\n","protected":false},"excerpt":{"rendered":"<p>Az\u0259rbaycan M\u00fcdafi\u0259 Nazirliyinin \u201cN\u201d sayl\u0131 h\u0259rbi hiss\u0259sinin h\u0259rbi qulluq\u00e7usu Amil H\u00fcmb\u0259t o\u011flu Abdullayevi\u00a0q\u0259tl\u0259 yetirm\u0259kd\u0259 t\u0259qsirli bilin\u0259n\u00a0Nizami Eynulla o\u011flu\u00a0Abdullayev bar\u0259sind\u0259 h\u0259rbi prokurorun t\u0259qdimat\u0131 \u0259sas\u0131nda m\u0259hk\u0259m\u0259nin q\u0259rar\u0131 il\u0259\u00a0d\u00f6rd\u00a0ay m\u00fcdd\u0259tind\u0259 h\u0259bs q\u0259timkan t\u0259dbiri se\u00e7ilib. Bunu\u00a0Oxu.Az-a a\u00e7\u0131qlamas\u0131nda h\u0259rbi prokurorun b\u00f6y\u00fck k\u00f6m\u0259k\u00e7isi &#8211; H\u0259rbi Prokurorlu\u011fun M\u0259tbuat Xidm\u0259tinin r\u0259hb\u0259ri, ba\u015f \u0259dliyy\u0259 m\u00fc\u015faviri\u00a0Firad \u018fliyev\u00a0deyib. &nbsp; \u201cHaz\u0131rda istintaq davam etdirilir v\u0259 qanunvericiliyin t\u0259l\u0259bl\u0259rin\u0259 uy\u011fun olaraq b\u00fct\u00fcn t\u0259dbirl\u0259rin g\u00f6r\u00fclm\u0259si t\u0259min edil\u0259c\u0259k\u201d , &#8211; dey\u0259 o bildirib.<\/p>\n","protected":false},"author":2,"featured_media":685100,"comment_status":"closed","ping_status":"closed","sticky":false,"template":"","format":"standard","meta":{"om_disable_all_campaigns":false,"_monsterinsights_skip_tracking":false,"_monsterinsights_sitenote_active":false,"_monsterinsights_sitenote_note":"","_monsterinsights_sitenote_category":0},"categories":[10],"tags":[],"aioseo_notices":[],"gutentor_comment":0,"rttpg_featured_image_url":{"full":["https:\/\/arantv.az\/wp-content\/uploads\/2024\/01\/nocomment_9f1c98b0c39cbbb068f363ffd4414268_0z1sf3mju7ipcyb9etw8-1.jpg",620,413,false],"landscape":["https:\/\/arantv.az\/wp-content\/uploads\/2024\/01\/nocomment_9f1c98b0c39cbbb068f363ffd4414268_0z1sf3mju7ipcyb9etw8-1.jpg",620,413,false],"portraits":["https:\/\/arantv.az\/wp-content\/uploads\/2024\/01\/nocomment_9f1c98b0c39cbbb068f363ffd4414268_0z1sf3mju7ipcyb9etw8-1.jpg",620,413,false],"thumbnail":["https:\/\/arantv.az\/wp-content\/uploads\/2024\/01\/nocomment_9f1c98b0c39cbbb068f363ffd4414268_0z1sf3mju7ipcyb9etw8-1-500x280.jpg",500,280,true],"medium":["https:\/\/arantv.az\/wp-content\/uploads\/2024\/01\/nocomment_9f1c98b0c39cbbb068f363ffd4414268_0z1sf3mju7ipcyb9etw8-1-548x365.jpg",548,365,true],"large":["https:\/\/arantv.az\/wp-content\/uploads\/2024\/01\/nocomment_9f1c98b0c39cbbb068f363ffd4414268_0z1sf3mju7ipcyb9etw8-1.jpg",620,413,false],"1536x1536":["https:\/\/arantv.az\/wp-content\/uploads\/2024\/01\/nocomment_9f1c98b0c39cbbb068f363ffd4414268_0z1sf3mju7ipcyb9etw8-1.jpg",620,413,false],"2048x2048":["https:\/\/arantv.az\/wp-content\/uploads\/2024\/01\/nocomment_9f1c98b0c39cbbb068f363ffd4414268_0z1sf3mju7ipcyb9etw8-1.jpg",620,413,false],"post-thumbnail":["https:\/\/arantv.az\/wp-content\/uploads\/2024\/01\/nocomment_9f1c98b0c39cbbb068f363ffd4414268_0z1sf3mju7ipcyb9etw8-1-240x172.jpg",240,172,true],"advps-thumb-one":["https:\/\/arantv.az\/wp-content\/uploads\/2024\/01\/nocomment_9f1c98b0c39cbbb068f363ffd4414268_0z1sf3mju7ipcyb9etw8-1.jpg",620,413,false]},"rttpg_author":{"display_name":"V\u00fcsal Rafiqo\u011flu","author_link":"https:\/\/arantv.az\/?author=2"},"rttpg_comment":0,"rttpg_category":"<a href=\"https:\/\/arantv.az\/?cat=10\" rel=\"category\">C\u0259bh\u0259d\u0259n X\u0259b\u0259r<\/a>","rttpg_excerpt":"Az\u0259rbaycan M\u00fcdafi\u0259 Nazirliyinin \u201cN\u201d sayl\u0131 h\u0259rbi hiss\u0259sinin h\u0259rbi qulluq\u00e7usu Amil H\u00fcmb\u0259t o\u011flu Abdullayevi\u00a0q\u0259tl\u0259 yetirm\u0259kd\u0259 t\u0259qsirli bilin\u0259n\u00a0Nizami Eynulla o\u011flu\u00a0Abdullayev bar\u0259sind\u0259 h\u0259rbi prokurorun t\u0259qdimat\u0131 \u0259sas\u0131nda m\u0259hk\u0259m\u0259nin q\u0259rar\u0131 il\u0259\u00a0d\u00f6rd\u00a0ay m\u00fcdd\u0259tind\u0259 h\u0259bs q\u0259timkan t\u0259dbiri se\u00e7ilib. Bunu\u00a0Oxu.Az-a a\u00e7\u0131qlamas\u0131nda h\u0259rbi prokurorun b\u00f6y\u00fck k\u00f6m\u0259k\u00e7isi &#8211; H\u0259rbi Prokurorlu\u011fun M\u0259tbuat Xidm\u0259tinin r\u0259hb\u0259ri, ba\u015f \u0259dliyy\u0259 m\u00fc\u015faviri\u00a0Firad \u018fliyev\u00a0deyib. &nbsp; \u201cHaz\u0131rda istintaq davam etdirilir v\u0259 qanunvericiliyin t\u0259l\u0259bl\u0259rin\u0259&hellip;","_links":{"self":[{"href":"https:\/\/arantv.az\/index.php?rest_route=\/wp\/v2\/posts\/685099"}],"collection":[{"href":"https:\/\/arantv.az\/index.php?rest_route=\/wp\/v2\/posts"}],"about":[{"href":"https:\/\/arantv.az\/index.php?rest_route=\/wp\/v2\/types\/post"}],"author":[{"embeddable":true,"href":"https:\/\/arantv.az\/index.php?rest_route=\/wp\/v2\/users\/2"}],"replies":[{"embeddable":true,"href":"https:\/\/arantv.az\/index.php?rest_route=%2Fwp%2Fv2%2Fcomments&post=685099"}],"version-history":[{"count":0,"href":"https:\/\/arantv.az\/index.php?rest_route=\/wp\/v2\/posts\/685099\/revisions"}],"wp:featuredmedia":[{"embeddable":true,"href":"https:\/\/arantv.az\/index.php?rest_route=\/wp\/v2\/media\/685100"}],"wp:attachment":[{"href":"https:\/\/arantv.az\/index.php?rest_route=%2Fwp%2Fv2%2Fmedia&parent=685099"}],"wp:term":[{"taxonomy":"category","embeddable":true,"href":"https:\/\/arantv.az\/index.php?rest_route=%2Fwp%2Fv2%2Fcategories&post=685099"},{"taxonomy":"post_tag","embeddable":true,"href":"https:\/\/arantv.az\/index.php?rest_route=%2Fwp%2Fv2%2Ftags&post=685099"}],"curies":[{"name":"wp","href":"https:\/\/api.w.org\/{rel}","templated":true}]}}