{"id":685102,"date":"2024-01-29T20:09:19","date_gmt":"2024-01-29T16:09:19","guid":{"rendered":"https:\/\/arantv.az\/?p=685102"},"modified":"2024-01-29T20:09:19","modified_gmt":"2024-01-29T16:09:19","slug":"mono-liza-niy%c9%99-terror-olunur-6-hucumun-gizlinl%c9%99ri","status":"publish","type":"post","link":"https:\/\/arantv.az\/?p=685102","title":{"rendered":"Mono Liza niy\u0259 \u201cterror\u201d olunur? \u2013 6 h\u00fccumun gizlinl\u0259ri"},"content":{"rendered":"<p><strong>X\u0259b\u0259r verdiyimiz kimi Parisd\u0259ki Luvr muzeyind\u0259 Leonardo da Vin\u00e7inin m\u0259\u015fhur \u201cMona Liza\u201d tablosunun \u00fcz\u0259rin\u0259 \u015forba t\u00f6k\u00fcbl\u0259r. M\u0259lum olub ki, hadis\u0259ni ekoloji f\u0259allar t\u00f6r\u0259dib. \u201cFrans Press\u201d agentliyi m\u0259lumat yay\u0131b.<\/strong><\/p>\n<p><em>\u201cBazar g\u00fcn\u00fc s\u0259h\u0259r saatlar\u0131nda iki \u0259traf m\u00fchit f\u0259al\u0131 Luvrda \u201cMona Liza\u201dn\u0131 qoruyan zirehli \u015f\u00fc\u015f\u0259nin \u00fcz\u0259rin\u0259 \u015forba t\u00f6k\u0259r\u0259k \u00f6z h\u0259r\u0259k\u0259tl\u0259rini \u201csa\u011flam v\u0259 dayan\u0131ql\u0131 qida h\u00fcququ\u201dnu t\u0259bli\u011f etm\u0259k ist\u0259yi il\u0259 \u0259sasland\u0131r\u0131blar\u201d, &#8211; agentliyin m\u0259lumat\u0131nda deyilir.<\/em><\/p>\n<p>Qeyd ed\u0259k ki, \u201cMono Liza\u201d \u0259s\u0259ri ilk d\u0259f\u0259 deyil h\u00fccumla qar\u015f\u0131la\u015f\u0131r. Bundan \u0259vv\u0259l portret\u0259 n\u0259 az n\u0259 \u00e7ox, 5 d\u0259f\u0259 h\u00fccum edilib.<\/p>\n<p>\u201cMona Liza\u201d (italyan dilind\u0259 \u201cMonna Lisa\u201d v\u0259 ya \u201cLa Gioconda\u201d, frans\u0131z dilind\u0259, \u201cLa Joconde\u201d ) \u2014 \u0130taliya intibah\u0131 r\u0259ssam\u0131 Leonardo da Vin\u00e7i t\u0259r\u0259find\u0259n \u00e7\u0259kilmi\u015f Liza Gerardininin yar\u0131m boy \u00f6l\u00e7\u00fcl\u00fc portretidir. \u201cMona Liza\u201d &#8220;d\u00fcnyan\u0131n \u0259n m\u0259\u015fhur, \u0259n \u00e7ox ziyar\u0259t edil\u0259n, \u0259n \u00e7ox haqq\u0131nda yaz\u0131lan, \u0259n \u00e7ox musiqi h\u0259sr edil\u0259n v\u0259 \u0259n \u00e7ox parodiya edil\u0259n s\u0259n\u0259t \u0259s\u0259ridir. Bu h\u0259m d\u0259 d\u00fcnyada \u0259n bahal\u0131 r\u0259sm \u0259s\u0259rl\u0259rind\u0259n biridir.<\/p>\n<p><img loading=\"lazy\" src=\"https:\/\/cdn.musavat.com\/news\/thumbnails\/92ea16dd5750e429f5395ca89ebf5ecc.jpg\" alt=\"Gioconda_copia_del_Museo_del_Pra.jpg (1.71 MB)\" width=\"770\" height=\"1003\" \/><\/p>\n<p>1962-ci ild\u0259 100 milyon\u00a0dollar d\u0259y\u0259rind\u0259 s\u0131\u011forta edil\u0259n \u0259s\u0259r, o zamana kimi m\u0259lum olan \u0259n b\u00f6y\u00fck s\u0131\u011forta d\u0259y\u0259ri kimi Ginnesin Rekordlar Kitab\u0131na d\u00fc\u015fm\u00fc\u015f, 2017-ci ild\u0259 is\u0259 onun s\u0131\u011forta d\u0259y\u0259ri 800 milyon dollara \u00e7atm\u0131\u015fd\u0131r.<\/p>\n<p>R\u0259sm \u0259s\u0259ri, Fran\u00e7esko del Cakondonun h\u0259yat yolda\u015f\u0131 Liza Gerardininin qaraqovaq paneli \u00fcz\u0259rind\u0259 ya\u011fl\u0131 boya il\u0259 \u00e7\u0259kilmi\u015f portretidir. \u018fs\u0259rin 1503\u20131506-c\u0131 ill\u0259rd\u0259 \u00e7\u0259kildiyin\u0259 inan\u0131l\u0131r. Lakin ehtimal ki, Da Vin\u00e7i 1517-ci il\u0259 kimi portret \u00fcz\u0259rind\u0259 i\u015fl\u0259m\u0259y\u0259 davam edib. Son elmi t\u0259dqiqatlar r\u0259ssam\u0131n \u0259s\u0259r \u00fcz\u0259rind\u0259 i\u015f\u0259 1513-c\u00fc ild\u0259n \u0259vv\u0259l ba\u015flamad\u0131\u011f\u0131n\u0131 g\u00f6st\u0259rir. Fransa kral\u0131 I Fransisk t\u0259r\u0259find\u0259n al\u0131nm\u0131\u015f \u0259s\u0259r haz\u0131rda Fransa Respublikas\u0131n\u0131n m\u00fclkiyy\u0259tind\u0259dir v\u0259 1797-ci ild\u0259n Parisd\u0259ki Luvr muzeyinin daimi ekspozisiyas\u0131na daxildir..<br \/>\nXat\u0131rladaq ki, \u0130taliya inc\u0259s\u0259n\u0259t xadiml\u0259ri 2013-c\u00fc ilin sentyabr ay\u0131nda Fransa h\u00f6kum\u0259tin\u0259 m\u00fcraci\u0259t ed\u0259r\u0259k &#8220;Mona Liza&#8221; \u0259s\u0259rini bir ayl\u0131q \u00f6z \u00f6lk\u0259l\u0259rind\u0259 n\u00fcmayi\u015f olunmas\u0131n\u0131 ist\u0259mi\u015fdil\u0259r. Onlar bunu h\u0259m d\u0259 sentyabr ay\u0131nda \u0259s\u0259rin Florensiyada n\u00fcmayi\u015finin y\u00fcz ilinin tamam olmas\u0131 il\u0259 \u0259laq\u0259l\u0259ndiribl\u0259r.<\/p>\n<p>Lakin Fransa Leonardo da Vin\u00e7inin m\u0259\u015fhur \u0259s\u0259ri &#8220;Mona Liza&#8221;n\u0131 \u0130taliyaya verm\u0259kd\u0259n imtina edib. Fransan\u0131n m\u0259d\u0259niyy\u0259t nazirinin m\u00fcavini Vinsent Berjo italiyal\u0131 h\u0259mkar\u0131n\u0131n r\u0259smin \u0130taliyada m\u00fcv\u0259qq\u0259ti n\u00fcmayi\u015fi il\u0259 ba\u011fl\u0131 yazd\u0131\u011f\u0131 m\u0259ktuba cavab olaraq bu r\u0259sm \u0259s\u0259rinin Luvr muzeyinin beyn\u0259lxalq n\u00fcfuzunda vacib rol oynad\u0131\u011f\u0131n\u0131 v\u0259 bunsuz muzeyin f\u0259aliyy\u0259t g\u00f6st\u0259rm\u0259sinin m\u00fcmk\u00fcns\u00fczl\u00fcy\u00fcn\u00fc bildirib.<\/p>\n<p><img loading=\"lazy\" src=\"https:\/\/cdn.musavat.com\/news\/thumbnails\/8930cc2d128c40285bcc372e82859b49.jpg\" alt=\"poster (1).jpg (134 KB)\" width=\"770\" height=\"433\" \/><\/p>\n<p>Onu da qeyd ed\u0259k ki, Florensiyada 1913-c\u00fc ild\u0259 &#8220;Mona Liza&#8221; \u0259s\u0259ri n\u00fcmayi\u015f olunub v\u0259 r\u0259sm \u0259s\u0259ri o\u011furlan\u0131b. Onu italiyal\u0131 Vin\u00e7en\u00e7o Ufi\u00e7\u00e7i o\u011furlayaraq satmaq ist\u0259yib. Lakin o\u011fru r\u0259sm \u0259s\u0259rini satark\u0259n yaxalan\u0131b v\u0259 &#8220;Mona Liza&#8221; Fransaya qaytar\u0131l\u0131b.<\/p>\n<p>Portret\u0259 ilk d\u0259f\u0259 h\u00fccum 1956-c\u0131 ild\u0259 ba\u015f verib. Bel\u0259 ki, vandal bir \u015f\u0259xs portret\u0259 h\u00fccum ed\u0259r\u0259k onun \u00fcst\u00fcn\u0259 kimy\u0259vi tur\u015fu at\u0131r v\u0259 n\u0259tic\u0259d\u0259 portretin bir hiss\u0259si z\u0259d\u0259l\u0259nir. H\u0259min ilin 30 dekabr\u0131nda \u0259s\u0259r\u0259 da\u015f at\u0131lmas\u0131 n\u0259tic\u0259sind\u0259 onun sol \u0259li yax\u0131nl\u0131\u011f\u0131nda hiss\u0259 z\u0259d\u0259l\u0259nir v\u0259 sonradan b\u0259rpa edilir.<\/p>\n<p>Bu hadis\u0259l\u0259rd\u0259n sonra &#8220;Mona Liza&#8221;n\u0131n m\u00fcdafi\u0259 edilm\u0259si \u00fc\u00e7\u00fcn g\u00fcll\u0259ke\u00e7irm\u0259y\u0259n \u015f\u00fc\u015f\u0259d\u0259n istifad\u0259 edilm\u0259si q\u0259rara al\u0131n\u0131r. 1974-c\u00fc ilin aprelind\u0259 Tokyo Milli Muzeyind\u0259 \u0259s\u0259rin s\u0259rgil\u0259nm\u0259si zaman\u0131 muzeyin m\u0259hdud imkanl\u0131 \u015f\u0259xsl\u0259rl\u0259 ba\u011fl\u0131 siyas\u0259tind\u0259n naraz\u0131 olan qad\u0131n \u0259s\u0259r\u0259 q\u0131rm\u0131z\u0131 sprey boya il\u0259 h\u00fccum edir. 2 avqust 2009-cu ild\u0259 Fransa v\u0259t\u0259nda\u015fl\u0131\u011f\u0131 ala bilm\u0259y\u0259n rusiyal\u0131 bir qad\u0131n muzeyd\u0259n ald\u0131\u011f\u0131 keramik q\u0259d\u0259hi \u0259s\u0259r\u0259 ataraq onu z\u0259d\u0259l\u0259m\u0259y\u0259 \u00e7al\u0131\u015fsa da, q\u0259d\u0259h \u015f\u00fc\u015f\u0259y\u0259 d\u0259y\u0259r\u0259k yer\u0259 d\u00fc\u015f\u00fcr. H\u0259r iki hadis\u0259 zaman\u0131 \u0259s\u0259r z\u0259d\u0259l\u0259nm\u0259yib.<\/p>\n<p>29 may 2022-ci ild\u0259 \u0259lil arabas\u0131na oturmu\u015f v\u0259 qad\u0131n pariki taxm\u0131\u015f muzey ziyar\u0259t\u00e7isi \u0259s\u0259ri qoruyan g\u00fcll\u0259ke\u00e7irm\u0259z \u015f\u00fc\u015f\u0259y\u0259 tort at\u0131r. Hadis\u0259 n\u0259tic\u0259sind\u0259 \u0259s\u0259r\u0259 he\u00e7 bir ziyan d\u0259ymir. Zaldan \u00e7\u0131xar\u0131lan zaman h\u0259min \u015f\u0259xs q\u0131\u015fq\u0131raraq insanlar\u0131 &#8220;d\u00fcnyan\u0131n g\u0259l\u0259c\u0259yi haqq\u0131nda d\u00fc\u015f\u00fcnm\u0259y\u0259&#8221; \u00e7a\u011f\u0131r\u0131b.<\/p>\n","protected":false},"excerpt":{"rendered":"<p>X\u0259b\u0259r verdiyimiz kimi Parisd\u0259ki Luvr muzeyind\u0259 Leonardo da Vin\u00e7inin m\u0259\u015fhur \u201cMona Liza\u201d tablosunun \u00fcz\u0259rin\u0259 \u015forba t\u00f6k\u00fcbl\u0259r. M\u0259lum olub ki, hadis\u0259ni ekoloji f\u0259allar t\u00f6r\u0259dib. \u201cFrans Press\u201d agentliyi m\u0259lumat yay\u0131b. \u201cBazar g\u00fcn\u00fc s\u0259h\u0259r saatlar\u0131nda iki \u0259traf m\u00fchit f\u0259al\u0131 Luvrda \u201cMona Liza\u201dn\u0131 qoruyan zirehli \u015f\u00fc\u015f\u0259nin \u00fcz\u0259rin\u0259 \u015forba t\u00f6k\u0259r\u0259k \u00f6z h\u0259r\u0259k\u0259tl\u0259rini \u201csa\u011flam v\u0259 dayan\u0131ql\u0131 qida h\u00fcququ\u201dnu t\u0259bli\u011f etm\u0259k ist\u0259yi il\u0259 \u0259sasland\u0131r\u0131blar\u201d, &#8211; agentliyin m\u0259lumat\u0131nda deyilir. Qeyd ed\u0259k ki, \u201cMono Liza\u201d \u0259s\u0259ri ilk d\u0259f\u0259 deyil h\u00fccumla qar\u015f\u0131la\u015f\u0131r. Bundan \u0259vv\u0259l portret\u0259 n\u0259 az n\u0259 \u00e7ox, 5 d\u0259f\u0259 h\u00fccum edilib. \u201cMona Liza\u201d (italyan dilind\u0259 \u201cMonna Lisa\u201d v\u0259&hellip;<\/p>\n","protected":false},"author":2,"featured_media":685103,"comment_status":"closed","ping_status":"closed","sticky":false,"template":"","format":"standard","meta":{"om_disable_all_campaigns":false,"_monsterinsights_skip_tracking":false,"_monsterinsights_sitenote_active":false,"_monsterinsights_sitenote_note":"","_monsterinsights_sitenote_category":0},"categories":[7],"tags":[],"aioseo_notices":[],"gutentor_comment":0,"rttpg_featured_image_url":{"full":["https:\/\/arantv.az\/wp-content\/uploads\/2024\/01\/7d980caae33221a10dcdeac769d5a70d.jpg",870,500,false],"landscape":["https:\/\/arantv.az\/wp-content\/uploads\/2024\/01\/7d980caae33221a10dcdeac769d5a70d.jpg",870,500,false],"portraits":["https:\/\/arantv.az\/wp-content\/uploads\/2024\/01\/7d980caae33221a10dcdeac769d5a70d.jpg",870,500,false],"thumbnail":["https:\/\/arantv.az\/wp-content\/uploads\/2024\/01\/7d980caae33221a10dcdeac769d5a70d-500x280.jpg",500,280,true],"medium":["https:\/\/arantv.az\/wp-content\/uploads\/2024\/01\/7d980caae33221a10dcdeac769d5a70d-635x365.jpg",635,365,true],"large":["https:\/\/arantv.az\/wp-content\/uploads\/2024\/01\/7d980caae33221a10dcdeac769d5a70d-840x483.jpg",640,368,true],"1536x1536":["https:\/\/arantv.az\/wp-content\/uploads\/2024\/01\/7d980caae33221a10dcdeac769d5a70d.jpg",870,500,false],"2048x2048":["https:\/\/arantv.az\/wp-content\/uploads\/2024\/01\/7d980caae33221a10dcdeac769d5a70d.jpg",870,500,false],"post-thumbnail":["https:\/\/arantv.az\/wp-content\/uploads\/2024\/01\/7d980caae33221a10dcdeac769d5a70d-240x172.jpg",240,172,true],"advps-thumb-one":["https:\/\/arantv.az\/wp-content\/uploads\/2024\/01\/7d980caae33221a10dcdeac769d5a70d.jpg",870,500,false]},"rttpg_author":{"display_name":"V\u00fcsal Rafiqo\u011flu","author_link":"https:\/\/arantv.az\/?author=2"},"rttpg_comment":0,"rttpg_category":"<a href=\"https:\/\/arantv.az\/?cat=7\" rel=\"category\">D\u00fcnya<\/a>","rttpg_excerpt":"X\u0259b\u0259r verdiyimiz kimi Parisd\u0259ki Luvr muzeyind\u0259 Leonardo da Vin\u00e7inin m\u0259\u015fhur \u201cMona Liza\u201d tablosunun \u00fcz\u0259rin\u0259 \u015forba t\u00f6k\u00fcbl\u0259r. M\u0259lum olub ki, hadis\u0259ni ekoloji f\u0259allar t\u00f6r\u0259dib. \u201cFrans Press\u201d agentliyi m\u0259lumat yay\u0131b. \u201cBazar g\u00fcn\u00fc s\u0259h\u0259r saatlar\u0131nda iki \u0259traf m\u00fchit f\u0259al\u0131 Luvrda \u201cMona Liza\u201dn\u0131 qoruyan zirehli \u015f\u00fc\u015f\u0259nin \u00fcz\u0259rin\u0259 \u015forba t\u00f6k\u0259r\u0259k \u00f6z h\u0259r\u0259k\u0259tl\u0259rini \u201csa\u011flam v\u0259 dayan\u0131ql\u0131 qida h\u00fcququ\u201dnu t\u0259bli\u011f etm\u0259k ist\u0259yi&hellip;","_links":{"self":[{"href":"https:\/\/arantv.az\/index.php?rest_route=\/wp\/v2\/posts\/685102"}],"collection":[{"href":"https:\/\/arantv.az\/index.php?rest_route=\/wp\/v2\/posts"}],"about":[{"href":"https:\/\/arantv.az\/index.php?rest_route=\/wp\/v2\/types\/post"}],"author":[{"embeddable":true,"href":"https:\/\/arantv.az\/index.php?rest_route=\/wp\/v2\/users\/2"}],"replies":[{"embeddable":true,"href":"https:\/\/arantv.az\/index.php?rest_route=%2Fwp%2Fv2%2Fcomments&post=685102"}],"version-history":[{"count":0,"href":"https:\/\/arantv.az\/index.php?rest_route=\/wp\/v2\/posts\/685102\/revisions"}],"wp:featuredmedia":[{"embeddable":true,"href":"https:\/\/arantv.az\/index.php?rest_route=\/wp\/v2\/media\/685103"}],"wp:attachment":[{"href":"https:\/\/arantv.az\/index.php?rest_route=%2Fwp%2Fv2%2Fmedia&parent=685102"}],"wp:term":[{"taxonomy":"category","embeddable":true,"href":"https:\/\/arantv.az\/index.php?rest_route=%2Fwp%2Fv2%2Fcategories&post=685102"},{"taxonomy":"post_tag","embeddable":true,"href":"https:\/\/arantv.az\/index.php?rest_route=%2Fwp%2Fv2%2Ftags&post=685102"}],"curies":[{"name":"wp","href":"https:\/\/api.w.org\/{rel}","templated":true}]}}