{"id":685106,"date":"2024-01-29T20:39:20","date_gmt":"2024-01-29T16:39:20","guid":{"rendered":"https:\/\/arantv.az\/?p=685106"},"modified":"2024-01-29T20:39:20","modified_gmt":"2024-01-29T16:39:20","slug":"heyd%c9%99r-%c9%99li%cc%87yevi%cc%87n-toylarinda-isti%cc%87rak-etdi%cc%87yi%cc%87-itali%cc%87yali-cutluk-bakida-video","status":"publish","type":"post","link":"https:\/\/arantv.az\/?p=685106","title":{"rendered":"Heyd\u0259r \u018fli\u0307yevi\u0307n toylar\u0131nda i\u015fti\u0307rak etdi\u0307yi\u0307 itali\u0307yal\u0131 c\u00fctl\u00fck Bak\u0131da &#8211; V\u0130DEO"},"content":{"rendered":"<article class=\"news\">\n<div class=\"news-inner\">\n<p>Heyd\u0259r \u018fliyevin toylar\u0131nda i\u015ftirak etdiyi italiyal\u0131 c\u00fctl\u00fck Baku TV-y\u0259 m\u00fcsahib\u0259 verib.<\/p>\n<p>1997-ci il sentyabr\u0131n 27-d\u0259 \u0130taliyan\u0131n Piazzetta meydan\u0131nda ke\u00e7iril\u0259n toy m\u0259rasiml\u0259ri zaman\u0131 Heyd\u0259r \u018fliyevl\u0259 g\u00f6r\u00fc\u015f\u0259n Roberto v\u0259 Qabriella Kaso h\u0259min g\u00fcnl\u0259 ba\u011fl\u0131 xatir\u0259l\u0259rini b\u00f6l\u00fc\u015f\u00fcbl\u0259r.<\/p>\n<p>Q.Kaso Heyd\u0259r \u018fliyevl\u0259 g\u00f6r\u00fc\u015f\u00fcn onlar \u00fc\u00e7\u00fcn s\u00fcrpriz oldu\u011funu bildirib:<\/p>\n<p>\u201cG\u0259zintid\u0259 oldu\u011fumuz vaxt Prezident bizi yan\u0131na d\u0259v\u0259t etdi v\u0259 xeyir-dua verdi. Bu m\u00f6c\u00fcz\u0259li an bizi \u00e7ox xo\u015fb\u0259xt etdi\u201d.<\/p>\n<p>Q.Kaso \u00fcmummilli liderl\u0259 g\u00f6r\u00fc\u015f\u00fcn evlilik h\u0259yatlar\u0131 \u00fc\u00e7\u00fcn u\u011furlu oldu\u011funu deyib:<\/p>\n<p>\u201cO, biz\u0259 toy h\u0259diyy\u0259si olaraq Az\u0259rbaycan xal\u00e7as\u0131 verdi. Bu, h\u0259diyy\u0259 bizim \u00fc\u00e7\u00fcn \u00e7ox b\u00f6y\u00fck m\u0259n\u0259vi \u0259h\u0259miyy\u0259t k\u0259sb edir. Biz 26 ildir ki, h\u0259min xal\u00e7an\u0131 evimizd\u0259 saxlay\u0131r\u0131q\u201d.<\/p>\n<p><iframe loading=\"lazy\" title=\"YouTube video player\" src=\"https:\/\/www.youtube.com\/embed\/wqxEGREjTcE?si=yqIVrVJY0TqP4EJx\" width=\"560\" height=\"315\" frameborder=\"0\" allowfullscreen=\"allowfullscreen\" data-mce-fragment=\"1\"><\/iframe><\/p>\n<\/div>\n<\/article>\n","protected":false},"excerpt":{"rendered":"<p>Heyd\u0259r \u018fliyevin toylar\u0131nda i\u015ftirak etdiyi italiyal\u0131 c\u00fctl\u00fck Baku TV-y\u0259 m\u00fcsahib\u0259 verib. 1997-ci il sentyabr\u0131n 27-d\u0259 \u0130taliyan\u0131n Piazzetta meydan\u0131nda ke\u00e7iril\u0259n toy m\u0259rasiml\u0259ri zaman\u0131 Heyd\u0259r \u018fliyevl\u0259 g\u00f6r\u00fc\u015f\u0259n Roberto v\u0259 Qabriella Kaso h\u0259min g\u00fcnl\u0259 ba\u011fl\u0131 xatir\u0259l\u0259rini b\u00f6l\u00fc\u015f\u00fcbl\u0259r. Q.Kaso Heyd\u0259r \u018fliyevl\u0259 g\u00f6r\u00fc\u015f\u00fcn onlar \u00fc\u00e7\u00fcn s\u00fcrpriz oldu\u011funu bildirib: \u201cG\u0259zintid\u0259 oldu\u011fumuz vaxt Prezident bizi yan\u0131na d\u0259v\u0259t etdi v\u0259 xeyir-dua verdi. Bu m\u00f6c\u00fcz\u0259li an bizi \u00e7ox xo\u015fb\u0259xt etdi\u201d. Q.Kaso \u00fcmummilli liderl\u0259 g\u00f6r\u00fc\u015f\u00fcn evlilik h\u0259yatlar\u0131 \u00fc\u00e7\u00fcn u\u011furlu oldu\u011funu deyib: \u201cO, biz\u0259 toy h\u0259diyy\u0259si olaraq Az\u0259rbaycan xal\u00e7as\u0131 verdi. Bu, h\u0259diyy\u0259 bizim \u00fc\u00e7\u00fcn \u00e7ox b\u00f6y\u00fck m\u0259n\u0259vi \u0259h\u0259miyy\u0259t k\u0259sb edir. Biz&hellip;<\/p>\n","protected":false},"author":2,"featured_media":685107,"comment_status":"closed","ping_status":"closed","sticky":false,"template":"","format":"standard","meta":{"om_disable_all_campaigns":false,"_monsterinsights_skip_tracking":false,"_monsterinsights_sitenote_active":false,"_monsterinsights_sitenote_note":"","_monsterinsights_sitenote_category":0},"categories":[4],"tags":[],"aioseo_notices":[],"gutentor_comment":0,"rttpg_featured_image_url":{"full":["https:\/\/arantv.az\/wp-content\/uploads\/2024\/01\/FotoJet-35-4.jpg",620,413,false],"landscape":["https:\/\/arantv.az\/wp-content\/uploads\/2024\/01\/FotoJet-35-4.jpg",620,413,false],"portraits":["https:\/\/arantv.az\/wp-content\/uploads\/2024\/01\/FotoJet-35-4.jpg",620,413,false],"thumbnail":["https:\/\/arantv.az\/wp-content\/uploads\/2024\/01\/FotoJet-35-4-500x280.jpg",500,280,true],"medium":["https:\/\/arantv.az\/wp-content\/uploads\/2024\/01\/FotoJet-35-4-548x365.jpg",548,365,true],"large":["https:\/\/arantv.az\/wp-content\/uploads\/2024\/01\/FotoJet-35-4.jpg",620,413,false],"1536x1536":["https:\/\/arantv.az\/wp-content\/uploads\/2024\/01\/FotoJet-35-4.jpg",620,413,false],"2048x2048":["https:\/\/arantv.az\/wp-content\/uploads\/2024\/01\/FotoJet-35-4.jpg",620,413,false],"post-thumbnail":["https:\/\/arantv.az\/wp-content\/uploads\/2024\/01\/FotoJet-35-4-240x172.jpg",240,172,true],"advps-thumb-one":["https:\/\/arantv.az\/wp-content\/uploads\/2024\/01\/FotoJet-35-4.jpg",620,413,false]},"rttpg_author":{"display_name":"V\u00fcsal Rafiqo\u011flu","author_link":"https:\/\/arantv.az\/?author=2"},"rttpg_comment":0,"rttpg_category":"<a href=\"https:\/\/arantv.az\/?cat=4\" rel=\"category\">Siyas\u0259t<\/a>","rttpg_excerpt":"Heyd\u0259r \u018fliyevin toylar\u0131nda i\u015ftirak etdiyi italiyal\u0131 c\u00fctl\u00fck Baku TV-y\u0259 m\u00fcsahib\u0259 verib. 1997-ci il sentyabr\u0131n 27-d\u0259 \u0130taliyan\u0131n Piazzetta meydan\u0131nda ke\u00e7iril\u0259n toy m\u0259rasiml\u0259ri zaman\u0131 Heyd\u0259r \u018fliyevl\u0259 g\u00f6r\u00fc\u015f\u0259n Roberto v\u0259 Qabriella Kaso h\u0259min g\u00fcnl\u0259 ba\u011fl\u0131 xatir\u0259l\u0259rini b\u00f6l\u00fc\u015f\u00fcbl\u0259r. Q.Kaso Heyd\u0259r \u018fliyevl\u0259 g\u00f6r\u00fc\u015f\u00fcn onlar \u00fc\u00e7\u00fcn s\u00fcrpriz oldu\u011funu bildirib: \u201cG\u0259zintid\u0259 oldu\u011fumuz vaxt Prezident bizi yan\u0131na d\u0259v\u0259t etdi v\u0259 xeyir-dua verdi. Bu&hellip;","_links":{"self":[{"href":"https:\/\/arantv.az\/index.php?rest_route=\/wp\/v2\/posts\/685106"}],"collection":[{"href":"https:\/\/arantv.az\/index.php?rest_route=\/wp\/v2\/posts"}],"about":[{"href":"https:\/\/arantv.az\/index.php?rest_route=\/wp\/v2\/types\/post"}],"author":[{"embeddable":true,"href":"https:\/\/arantv.az\/index.php?rest_route=\/wp\/v2\/users\/2"}],"replies":[{"embeddable":true,"href":"https:\/\/arantv.az\/index.php?rest_route=%2Fwp%2Fv2%2Fcomments&post=685106"}],"version-history":[{"count":0,"href":"https:\/\/arantv.az\/index.php?rest_route=\/wp\/v2\/posts\/685106\/revisions"}],"wp:featuredmedia":[{"embeddable":true,"href":"https:\/\/arantv.az\/index.php?rest_route=\/wp\/v2\/media\/685107"}],"wp:attachment":[{"href":"https:\/\/arantv.az\/index.php?rest_route=%2Fwp%2Fv2%2Fmedia&parent=685106"}],"wp:term":[{"taxonomy":"category","embeddable":true,"href":"https:\/\/arantv.az\/index.php?rest_route=%2Fwp%2Fv2%2Fcategories&post=685106"},{"taxonomy":"post_tag","embeddable":true,"href":"https:\/\/arantv.az\/index.php?rest_route=%2Fwp%2Fv2%2Ftags&post=685106"}],"curies":[{"name":"wp","href":"https:\/\/api.w.org\/{rel}","templated":true}]}}