{"id":685109,"date":"2024-01-29T20:52:17","date_gmt":"2024-01-29T16:52:17","guid":{"rendered":"https:\/\/arantv.az\/?p=685109"},"modified":"2024-01-29T20:52:17","modified_gmt":"2024-01-29T16:52:17","slug":"almaniya-su-ehtiyatlarinin-idar%c9%99-edilm%c9%99sind%c9%99-az%c9%99rbaycanla-%c9%99m%c9%99kdasliga-hazirdir","status":"publish","type":"post","link":"https:\/\/arantv.az\/?p=685109","title":{"rendered":"Almaniya su ehtiyatlar\u0131n\u0131n idar\u0259 edilm\u0259sind\u0259 Az\u0259rbaycanla \u0259m\u0259kda\u015fl\u0131\u011fa haz\u0131rd\u0131r"},"content":{"rendered":"<p>\u201cAlmaniya su ehtiyatlar\u0131n\u0131n idar\u0259 olunmas\u0131 sah\u0259sind\u0259 Az\u0259rbaycanla \u0259m\u0259kda\u015fl\u0131qda maraql\u0131d\u0131r\u201d.<\/p>\n<p>\u201cReport\u201d\u00a0x\u0259b\u0259r verir ki, bunu Almaniya Xarici \u0130\u015fl\u0259r Nazirliyinin beyn\u0259lxalq iqlim siyas\u0259ti \u00fczr\u0259 x\u00fcsusi n\u00fcmay\u0259nd\u0259si, d\u00f6vl\u0259t katibi Cennifer Morqan Bak\u0131da bir qrup jurnalistl\u0259 g\u00f6r\u00fc\u015f\u00fcnd\u0259 deyib.<\/p>\n<p>Onun s\u00f6zl\u0259rin\u0259 g\u00f6r\u0259, su ehtiyatlar\u0131n\u0131n idar\u0259 edilm\u0259si il\u0259 ba\u011fl\u0131 probleml\u0259r h\u0259r iki \u00f6lk\u0259 \u00fc\u00e7\u00fcn \u00fcmumidir: yayda g\u00fccl\u00fc ya\u011f\u0131\u015flar v\u0259 ya quraql\u0131q h\u0259m Az\u0259rbaycan, h\u0259m d\u0259 Almaniya \u00fc\u00e7\u00fcn \u00f6z m\u0259nfi n\u0259tic\u0259l\u0259rini g\u00f6st\u0259rir.<\/p>\n<p>\u201cAlmaniya Az\u0259rbaycan kimi \u00f6lk\u0259l\u0259rl\u0259 bilik v\u0259 t\u0259cr\u00fcb\u0259 m\u00fcbadil\u0259si aparma\u011fa v\u0259 m\u0259s\u0259l\u0259n, su ehtiyatlar\u0131n\u0131n idar\u0259 edilm\u0259si, enerji sah\u0259sind\u0259 birg\u0259 h\u0259ll yollar\u0131 tapma\u011fa \u00e7al\u0131\u015fma\u011fa haz\u0131rd\u0131r. O c\u00fcml\u0259d\u0259n Almaniya \u00f6z m\u0259qs\u0259dl\u0259rin\u0259 nail olmaq &#8211; h\u0259yata ke\u00e7irilm\u0259li olan siyas\u0259tl\u0259r, yeni s\u0259nayel\u0259rd\u0259 i\u015f\u00e7i q\u00fcvv\u0259sinin art\u0131r\u0131lmas\u0131 v\u0259 qal\u0131q yanacaqlardan imtina il\u0259 i\u015f\u00e7i q\u00fcvv\u0259sinin bir sah\u0259d\u0259n dig\u0259rin\u0259 ke\u00e7idin\u0259 k\u00f6m\u0259k etm\u0259k bax\u0131m\u0131ndan t\u0259cr\u00fcb\u0259y\u0259 malikdir v\u0259 bunu da b\u00f6l\u00fc\u015fm\u0259y\u0259 haz\u0131rd\u0131r\u201d, &#8211; C.Morqan bildirib.<\/p>\n<p>O bildirib ki, Almaniya k\u00f6m\u00fcrd\u0259n m\u0259rh\u0259l\u0259li \u015f\u0259kild\u0259 imtina \u00fcz\u0259rind\u0259 i\u015fl\u0259yir, buna g\u00f6r\u0259 d\u0259 ke\u00e7idin t\u0259min olunmas\u0131 t\u0259cr\u00fcb\u0259 m\u00fcbadil\u0259si edil\u0259 bil\u0259c\u0259k sah\u0259dir.<\/p>\n","protected":false},"excerpt":{"rendered":"<p>\u201cAlmaniya su ehtiyatlar\u0131n\u0131n idar\u0259 olunmas\u0131 sah\u0259sind\u0259 Az\u0259rbaycanla \u0259m\u0259kda\u015fl\u0131qda maraql\u0131d\u0131r\u201d. \u201cReport\u201d\u00a0x\u0259b\u0259r verir ki, bunu Almaniya Xarici \u0130\u015fl\u0259r Nazirliyinin beyn\u0259lxalq iqlim siyas\u0259ti \u00fczr\u0259 x\u00fcsusi n\u00fcmay\u0259nd\u0259si, d\u00f6vl\u0259t katibi Cennifer Morqan Bak\u0131da bir qrup jurnalistl\u0259 g\u00f6r\u00fc\u015f\u00fcnd\u0259 deyib. Onun s\u00f6zl\u0259rin\u0259 g\u00f6r\u0259, su ehtiyatlar\u0131n\u0131n idar\u0259 edilm\u0259si il\u0259 ba\u011fl\u0131 probleml\u0259r h\u0259r iki \u00f6lk\u0259 \u00fc\u00e7\u00fcn \u00fcmumidir: yayda g\u00fccl\u00fc ya\u011f\u0131\u015flar v\u0259 ya quraql\u0131q h\u0259m Az\u0259rbaycan, h\u0259m d\u0259 Almaniya \u00fc\u00e7\u00fcn \u00f6z m\u0259nfi n\u0259tic\u0259l\u0259rini g\u00f6st\u0259rir. \u201cAlmaniya Az\u0259rbaycan kimi \u00f6lk\u0259l\u0259rl\u0259 bilik v\u0259 t\u0259cr\u00fcb\u0259 m\u00fcbadil\u0259si aparma\u011fa v\u0259 m\u0259s\u0259l\u0259n, su ehtiyatlar\u0131n\u0131n idar\u0259 edilm\u0259si, enerji sah\u0259sind\u0259 birg\u0259 h\u0259ll yollar\u0131 tapma\u011fa \u00e7al\u0131\u015fma\u011fa haz\u0131rd\u0131r. O c\u00fcml\u0259d\u0259n Almaniya&hellip;<\/p>\n","protected":false},"author":2,"featured_media":685110,"comment_status":"closed","ping_status":"closed","sticky":false,"template":"","format":"standard","meta":{"om_disable_all_campaigns":false,"_monsterinsights_skip_tracking":false,"_monsterinsights_sitenote_active":false,"_monsterinsights_sitenote_note":"","_monsterinsights_sitenote_category":0},"categories":[19],"tags":[],"aioseo_notices":[],"gutentor_comment":0,"rttpg_featured_image_url":{"full":["https:\/\/arantv.az\/wp-content\/uploads\/2024\/01\/ce6fbfc7-dd36-355d-b511-0b3dc575a6b0_850.jpg",620,413,false],"landscape":["https:\/\/arantv.az\/wp-content\/uploads\/2024\/01\/ce6fbfc7-dd36-355d-b511-0b3dc575a6b0_850.jpg",620,413,false],"portraits":["https:\/\/arantv.az\/wp-content\/uploads\/2024\/01\/ce6fbfc7-dd36-355d-b511-0b3dc575a6b0_850.jpg",620,413,false],"thumbnail":["https:\/\/arantv.az\/wp-content\/uploads\/2024\/01\/ce6fbfc7-dd36-355d-b511-0b3dc575a6b0_850-500x280.jpg",500,280,true],"medium":["https:\/\/arantv.az\/wp-content\/uploads\/2024\/01\/ce6fbfc7-dd36-355d-b511-0b3dc575a6b0_850-548x365.jpg",548,365,true],"large":["https:\/\/arantv.az\/wp-content\/uploads\/2024\/01\/ce6fbfc7-dd36-355d-b511-0b3dc575a6b0_850.jpg",620,413,false],"1536x1536":["https:\/\/arantv.az\/wp-content\/uploads\/2024\/01\/ce6fbfc7-dd36-355d-b511-0b3dc575a6b0_850.jpg",620,413,false],"2048x2048":["https:\/\/arantv.az\/wp-content\/uploads\/2024\/01\/ce6fbfc7-dd36-355d-b511-0b3dc575a6b0_850.jpg",620,413,false],"post-thumbnail":["https:\/\/arantv.az\/wp-content\/uploads\/2024\/01\/ce6fbfc7-dd36-355d-b511-0b3dc575a6b0_850-240x172.jpg",240,172,true],"advps-thumb-one":["https:\/\/arantv.az\/wp-content\/uploads\/2024\/01\/ce6fbfc7-dd36-355d-b511-0b3dc575a6b0_850.jpg",620,413,false]},"rttpg_author":{"display_name":"V\u00fcsal Rafiqo\u011flu","author_link":"https:\/\/arantv.az\/?author=2"},"rttpg_comment":0,"rttpg_category":"<a href=\"https:\/\/arantv.az\/?cat=19\" rel=\"category\">G\u00fcnd\u0259m<\/a>","rttpg_excerpt":"\u201cAlmaniya su ehtiyatlar\u0131n\u0131n idar\u0259 olunmas\u0131 sah\u0259sind\u0259 Az\u0259rbaycanla \u0259m\u0259kda\u015fl\u0131qda maraql\u0131d\u0131r\u201d. \u201cReport\u201d\u00a0x\u0259b\u0259r verir ki, bunu Almaniya Xarici \u0130\u015fl\u0259r Nazirliyinin beyn\u0259lxalq iqlim siyas\u0259ti \u00fczr\u0259 x\u00fcsusi n\u00fcmay\u0259nd\u0259si, d\u00f6vl\u0259t katibi Cennifer Morqan Bak\u0131da bir qrup jurnalistl\u0259 g\u00f6r\u00fc\u015f\u00fcnd\u0259 deyib. Onun s\u00f6zl\u0259rin\u0259 g\u00f6r\u0259, su ehtiyatlar\u0131n\u0131n idar\u0259 edilm\u0259si il\u0259 ba\u011fl\u0131 probleml\u0259r h\u0259r iki \u00f6lk\u0259 \u00fc\u00e7\u00fcn \u00fcmumidir: yayda g\u00fccl\u00fc ya\u011f\u0131\u015flar v\u0259 ya quraql\u0131q h\u0259m&hellip;","_links":{"self":[{"href":"https:\/\/arantv.az\/index.php?rest_route=\/wp\/v2\/posts\/685109"}],"collection":[{"href":"https:\/\/arantv.az\/index.php?rest_route=\/wp\/v2\/posts"}],"about":[{"href":"https:\/\/arantv.az\/index.php?rest_route=\/wp\/v2\/types\/post"}],"author":[{"embeddable":true,"href":"https:\/\/arantv.az\/index.php?rest_route=\/wp\/v2\/users\/2"}],"replies":[{"embeddable":true,"href":"https:\/\/arantv.az\/index.php?rest_route=%2Fwp%2Fv2%2Fcomments&post=685109"}],"version-history":[{"count":0,"href":"https:\/\/arantv.az\/index.php?rest_route=\/wp\/v2\/posts\/685109\/revisions"}],"wp:featuredmedia":[{"embeddable":true,"href":"https:\/\/arantv.az\/index.php?rest_route=\/wp\/v2\/media\/685110"}],"wp:attachment":[{"href":"https:\/\/arantv.az\/index.php?rest_route=%2Fwp%2Fv2%2Fmedia&parent=685109"}],"wp:term":[{"taxonomy":"category","embeddable":true,"href":"https:\/\/arantv.az\/index.php?rest_route=%2Fwp%2Fv2%2Fcategories&post=685109"},{"taxonomy":"post_tag","embeddable":true,"href":"https:\/\/arantv.az\/index.php?rest_route=%2Fwp%2Fv2%2Ftags&post=685109"}],"curies":[{"name":"wp","href":"https:\/\/api.w.org\/{rel}","templated":true}]}}