{"id":685112,"date":"2024-01-29T21:18:33","date_gmt":"2024-01-29T17:18:33","guid":{"rendered":"https:\/\/arantv.az\/?p=685112"},"modified":"2024-01-29T21:18:33","modified_gmt":"2024-01-29T17:18:33","slug":"erm%c9%99ni-m%c9%99kri-sulhd%c9%99n-qacan-ir%c9%99van-regional-layih%c9%99l%c9%99r%c9%99-qosulmaq-ist%c9%99yir","status":"publish","type":"post","link":"https:\/\/arantv.az\/?p=685112","title":{"rendered":"Erm\u0259ni m\u0259kri &#8211; s\u00fclhd\u0259n qa\u00e7an \u0130r\u0259van regional layih\u0259l\u0259r\u0259 qo\u015fulmaq ist\u0259yir"},"content":{"rendered":"<h3><strong>Fikr\u0259t Yusifov:<\/strong>\u00a0\u201cErm\u0259ni xisl\u0259tini yax\u015f\u0131 bil\u0259n he\u00e7 bir t\u0259r\u0259f bu z\u0259man\u0259ti verm\u0259z\u201d<\/h3>\n<p>Erm\u0259nistan hakimiyy\u0259ti Az\u0259rbaycandan Avropaya elektrik enerjisi n\u0259qli \u00fc\u00e7\u00fcn d\u0259nizalt\u0131 kabelin \u00e7\u0259kilm\u0259si layih\u0259sind\u0259 maraql\u0131d\u0131r. Musavat.com x\u0259b\u0259r verir ki, bunu Erm\u0259nistan ba\u015f naziri Nikol Pa\u015finyan \u00f6t\u0259n h\u0259ft\u0259sonu Tiflisd\u0259 olark\u0259n G\u00fcrc\u00fcstan\u0131n ba\u015f naziri \u0130rakli Qariba\u015fvili il\u0259 birg\u0259 ke\u00e7irdiyi brifinqd\u0259 deyib.<\/p>\n<p>Ba\u015f nazir bildirib ki, \u0130r\u0259van regional layih\u0259l\u0259rd\u0259 i\u015ftirak etm\u0259k ist\u0259yir: \u201cB\u00f6lg\u0259miz C\u0259nub v\u0259 \u015eimal, Q\u0259rb v\u0259 \u015e\u0259rq aras\u0131nda \u00e7ox m\u00fch\u00fcm mar\u015fruta \u00e7evril\u0259 bil\u0259r. B\u00fct\u00fcn bunlarda, b\u00fct\u00fcn d\u00f6vl\u0259tl\u0259r\u0259 iqtisadi layih\u0259l\u0259rd\u0259 i\u015ftirak etm\u0259k imkan\u0131 verildikd\u0259, inkl\u00fczivlik \u00e7ox vacibdir. Bunun yax\u015f\u0131 n\u00fcmun\u0259si Qara d\u0259nizin dibi il\u0259 \u00e7\u0259kil\u0259c\u0259k v\u0259 Erm\u0259nistan\u0131n b\u00f6y\u00fck maraq g\u00f6st\u0259rdiyi kabel layih\u0259si\u201d.<\/p>\n<p>Qariba\u015fvili \u00f6z n\u00f6vb\u0259sind\u0259 \u201cregional \u0259h\u0259miyy\u0259tli layih\u0259l\u0259r\u201d \u00fcz\u0259rind\u0259 i\u015fl\u0259m\u0259yin vacibliyini v\u0259 Erm\u0259nistan\u0131n sualt\u0131 elektrik kabeli layih\u0259sind\u0259 maraql\u0131 oldu\u011funu qeyd edib.<\/p>\n<p>Xat\u0131rladaq ki, Az\u0259rbaycan, Macar\u0131stan, G\u00fcrc\u00fcstan v\u0259 Rum\u0131niya h\u00f6kum\u0259tl\u0259ri aras\u0131nda ya\u015f\u0131l enerjinin inki\u015faf\u0131 v\u0259 \u00e7atd\u0131r\u0131lmas\u0131 sah\u0259sind\u0259 strateji t\u0259r\u0259fda\u015fl\u0131q haqq\u0131nda sazi\u015f 2022-ci il dekabr\u0131n 17-d\u0259 Buxarestd\u0259 imzalan\u0131b. Bu, 1 QVt g\u00fcc\u00fcnd\u0259 elektrik enerjisinin \u00f6t\u00fcr\u00fclm\u0259si \u00fc\u00e7\u00fcn Qara d\u0259nizin dibi boyunca kabel x\u0259ttinin \u00e7\u0259kilm\u0259sini n\u0259z\u0259rd\u0259 tutur. Bu x\u0259tt 1195 km uzunlu\u011funda olacaq v\u0259 Az\u0259rbaycanda hasil edil\u0259n elektrik enerjisini G\u00fcrc\u00fcstan v\u0259 Qara d\u0259niz vasit\u0259sil\u0259 Rum\u0131niyaya, sonradan Macar\u0131stana v\u0259 Avropan\u0131n qalan hiss\u0259sin\u0259 n\u0259ql etm\u0259k \u00fc\u00e7\u00fcn n\u0259z\u0259rd\u0259 tutulub. Bu ilin iyununda Bolqar\u0131stan layih\u0259y\u0259 qo\u015fulmaq niyy\u0259tini b\u0259yan edib. Bundan ba\u015fqa, \u00d6zb\u0259kistan v\u0259 Qazax\u0131stan da layih\u0259d\u0259 i\u015ftirakda maraql\u0131 olduqlar\u0131n\u0131 a\u00e7\u0131qlay\u0131blar. Kabelin qura\u015fd\u0131r\u0131lmas\u0131n\u0131n \u00fc\u00e7-d\u00f6rd il \u00e7\u0259k\u0259c\u0259yi g\u00f6zl\u0259nilir.<\/p>\n<p><strong>B\u0259s Az\u0259rbaycanla s\u00fclh m\u00fcqavil\u0259si olmadan Erm\u0259nistan bu layih\u0259d\u0259 nec\u0259 i\u015ftirak ed\u0259 bil\u0259r? Bundan \u00f6tr\u00fc \u0130r\u0259van konkret hans\u0131 \u015f\u0259rtl\u0259ri \u00f6d\u0259m\u0259lidir?<\/strong><\/p>\n<p><strong><img src=\"https:\/\/tns.az\/upload\/files\/xeberler\/iqtisadiyyat\/2022\/04\/29\/fikret-yusifov.jpg\" alt=\"Fikr\u0259t Yusifov: &quot;Bu layih\u0259y\u0259 indid\u0259n k\u00f6lg\u0259 salmaq ist\u0259y\u0259n siyasi  iqtisad\u00e7\u0131lar\u0131n m\u0259qs\u0259di...&quot;\" \/><\/strong><\/p>\n<p><strong>Sabiq maliyy\u0259 naziri, iqtisad\u00e7\u0131 alim Fikr\u0259t Yusifovun s\u00f6zl\u0259rin\u0259 g\u00f6r\u0259, ruslar\u0131n t\u0259\u015f\u0259bb\u00fcs\u00fc v\u0259 t\u0259kidi il\u0259 ke\u00e7\u0259n \u0259srin 20-ci ill\u0259rinin sonlar\u0131na yax\u0131n yarad\u0131lm\u0131\u015f v\u0259 1990-c\u0131 ild\u0259 \u00f6z m\u00fcst\u0259qilliyini elan etmi\u015f Erm\u0259nistan Respublikas\u0131n\u0131n tarixind\u0259 Nikol Pa\u015finyan f\u0259rqli bir r\u0259hb\u0259r obraz\u0131d\u0131r:<\/strong>\u00a0\u201cHakimiyy\u0259t\u0259 g\u0259ldiyi ilk g\u00fcnl\u0259rd\u0259 s\u0259l\u0259fl\u0259rinin i\u015f\u011fal\u00e7\u0131l\u0131q oyunlar\u0131n\u0131 davam etm\u0259y\u0259 qalxsa da, az ke\u00e7m\u0259mi\u015f reall\u0131qlar\u0131 oldu\u011fu kimi d\u0259y\u0259rl\u0259ndirm\u0259y\u0259 ba\u015flad\u0131. D\u00fczd\u00fcr, bunun \u00fc\u00e7\u00fcn ilk \u00f6nc\u0259 onun ba\u015f\u0131na D\u0259mir Yumruq d\u0259ym\u0259li idi v\u0259 o da d\u0259ydi. Bu yumruqdan sonra Pa\u015finyan sanki ay\u0131ld\u0131 v\u0259 ba\u015fa d\u00fc\u015fd\u00fc ki, n\u0259inki Qaraba\u011f \u0259ld\u0259n ged\u0259c\u0259k, masada Erm\u0259nistan\u0131n bir d\u00f6vl\u0259t kimi taleyi dayan\u0131r. Bundan sonra o, Qaraba\u011f Az\u0259rbaycand\u0131r dedi v\u0259 indi d\u0259 Erm\u0259nistan\u0131n\u00a0 konstitusiyas\u0131n\u0131, gerbini d\u0259yi\u015fm\u0259y\u0259 qalx\u0131b&#8230; Pa\u015finyan bu g\u00fcn n\u0259 q\u0259d\u0259r m\u00fcst\u0259qil olmasa da, o \u00f6z \u00f6lk\u0259si \u00fc\u00e7\u00fcn pozitiv add\u0131mlar atma\u011fa k\u00f6kl\u0259nib. \u00d6lk\u0259sinin taleyi ruslar\u0131n cayna\u011f\u0131nda olsa da, Nikol\u00a0 bir \u0259li il\u0259 d\u0259 Fransan\u0131n yaxas\u0131ndan yap\u0131\u015f\u0131b. T\u0259bii ki, kirli erm\u0259ni xisl\u0259ti il\u0259 ya\u015fayan v\u0259 ona bu yolda qar\u015f\u0131 \u00e7\u0131xan daxili v\u0259 xarici q\u00fcvv\u0259l\u0259rl\u0259 m\u00fcbariz\u0259 aparmaq n\u0259 q\u0259d\u0259r \u00e7\u0259tin olsa da, o ger\u00e7\u0259kd\u0259n \u00f6lk\u0259si \u00fc\u00e7\u00fcn pozitiv add\u0131mlar atma\u011fa can at\u0131r, bunun \u00fc\u00e7\u00fcn y\u00fcz d\u0259f\u0259 yalan dan\u0131\u015fmaq laz\u0131md\u0131rsa, onu da m\u0259muniyy\u0259tl\u0259 edir. Lakin h\u0259l\u0259 ki, bir n\u0259tic\u0259 yoxdur&#8230;<\/p>\n<p>C\u0259nubi Qafqaz respublikalar\u0131 m\u00fcst\u0259qillik \u0259ld\u0259 etdikd\u0259n sonra 30 ild\u0259n \u00e7ox bir zaman k\u0259siyind\u0259 Erm\u0259nistan hakimiyy\u0259tinin ba\u015f\u0131nda dayanm\u0131\u015f \u015f\u0259xsl\u0259r milli erm\u0259ni xarakterl\u0259rind\u0259n \u00e7\u0131x\u0131\u015f ed\u0259r\u0259k yaln\u0131z b\u00f6y\u00fck Erm\u0259nistan yaratmaq x\u00fclyas\u0131n\u0131 realla\u015fd\u0131rma\u011fa c\u0259hd etdil\u0259r. Bu istiqam\u0259td\u0259 d\u0259 ilk add\u0131mlar\u0131n\u0131 Qaraba\u011f\u0131 i\u015f\u011fal etm\u0259kl\u0259 atd\u0131lar. Se\u00e7dikl\u0259ri bu yolda \u00f6zl\u0259rind\u0259n daha \u00e7ox onlara havadarl\u0131q ed\u0259c\u0259k t\u0259r\u0259fl\u0259rin \u015firin v\u0259dl\u0259rin\u0259 g\u00fcv\u0259ndil\u0259r. Tarix boyu onun-bunun \u0259lind\u0259 siyasi al\u0259t olmu\u015f erm\u0259nil\u0259rin ba\u015fdan b\u00f6y\u00fck ambisiyalar\u0131 sonda onlar\u0131 havadarlar\u0131n\u0131n yaratd\u0131\u011f\u0131 d\u00f6vl\u0259ti d\u0259 itirm\u0259k t\u0259hl\u00fck\u0259si il\u0259 \u00fcz-\u00fcz\u0259 qoydu. D\u00fc\u015f\u00fcnc\u0259sind\u0259 ona qucaq a\u00e7anlara ancaq x\u0259yan\u0259t etm\u0259k kimi d\u0259y\u0259rl\u0259r k\u00f6k salm\u0131\u015f bir mill\u0259tin d\u00f6vl\u0259tinin olmas\u0131 \u0259slind\u0259 he\u00e7 bir m\u0259ntiq\u0259 s\u0131\u011fm\u0131r. Biz Az\u0259rbaycan t\u00fcrkl\u0259ri olaraq ba\u015fqa xalqlar\u0131n u\u011furuna ancaq sevin\u0259 bil\u0259rik, bu bizim milli xisl\u0259timizd\u0259n g\u0259lir. Ancaq erm\u0259ni tarixin\u0259 yax\u0131ndan b\u0259l\u0259d olanlar \u00e7ox yax\u015f\u0131 bilirl\u0259r ki, \u00f6z b\u0259d \u0259m\u0259ll\u0259rini realla\u015fd\u0131rmaq \u00fc\u00e7\u00fcn laz\u0131m g\u0259l\u0259nd\u0259 iyn\u0259nin ulduzundan ke\u00e7m\u0259k q\u0259d\u0259r \u201cm\u0259har\u0259t\u201d sahibi olan bu mill\u0259tin n\u00fcmay\u0259nd\u0259l\u0259ri, zaman\u0131 \u00e7atan kimi ona qucaq a\u00e7m\u0131\u015f qar\u015f\u0131 t\u0259r\u0259fin k\u00fcr\u0259yin\u0259 b\u0131\u00e7aq saplayacaqlar. M\u0259n bu fikirl\u0259ri n\u0259d\u0259n s\u0259sl\u0259ndirir\u0259m? \u018fslind\u0259 biz Erm\u0259nistan\u0131n regional layih\u0259l\u0259rd\u0259 i\u015ftirak etm\u0259kl\u0259 ba\u011fl\u0131 son t\u0259\u015f\u0259bb\u00fcsl\u0259rin\u0259 m\u00fcnasib\u0259t bildirm\u0259liyik. Lakin bu m\u00fcnasib\u0259ti bildirm\u0259zd\u0259n \u00f6nc\u0259, erm\u0259ni xisl\u0259tinin i\u00e7 \u00fcz\u00fcn\u00fc a\u00e7masaq, yeni erm\u0259ni t\u0259\u015f\u0259bb\u00fcs\u00fc il\u0259 ba\u011fl\u0131 ver\u0259c\u0259yimiz t\u0259klifl\u0259r d\u0259 yanl\u0131\u015f olacaqd\u0131r\u201d.<\/p>\n<p><strong>Sabiq nazir bir s\u0131ra m\u0259s\u0259l\u0259l\u0259r\u0259 d\u0259 x\u00fcsusi diqq\u0259t \u00e7\u0259kdi:<\/strong>\u00a0\u201cQaraba\u011f torpaqlar\u0131m\u0131zda Ordumuzun son antiterror \u0259m\u0259liyyatlar\u0131ndan sonra Erm\u0259nistanda ba\u015f ver\u0259n prosesl\u0259ri m\u00fcmk\u00fcn q\u0259d\u0259r yax\u0131ndan izl\u0259m\u0259y\u0259 \u00e7al\u0131\u015f\u0131ram. Diqq\u0259timi m\u00fcxt\u0259lif sor\u011fularda i\u015ftirak ed\u0259n v\u0259 daha geni\u015f d\u00fc\u015f\u00fcnc\u0259 sahibi olan erm\u0259nil\u0259rin son aylar s\u0259sl\u0259ndirdikl\u0259ri fikirl\u0259r x\u00fcsusi c\u0259lb edir. \u00d6nc\u0259 bu fikirl\u0259rin, ba\u015f vermi\u015f hadis\u0259l\u0259r fonunda, \u0259s\u0259bl\u0259ri tar\u0131ma \u00e7\u0259kilmi\u015f erm\u0259nil\u0259r t\u0259r\u0259find\u0259n emosiyalara s\u00f6yk\u0259n\u0259r\u0259k s\u0259sl\u0259ndirildiyini d\u00fc\u015f\u00fcns\u0259m d\u0259, eyni fikirl\u0259rin daha \u00e7ox erm\u0259nil\u0259r t\u0259r\u0259find\u0259n s\u0259sl\u0259ndirilm\u0259si m\u0259ni d\u00fc\u015f\u00fcnm\u0259y\u0259 vadar etdi. Bu erm\u0259nil\u0259r n\u0259 deyirl\u0259r? Onlar deyirl\u0259r ki, h\u0259yat biz\u0259 s\u00fcbut edir ki, bizim bir mill\u0259t olaraq d\u00f6vl\u0259timizin olmas\u0131 m\u00fcmk\u00fcn deyil, bizim milli xisl\u0259timiz biz\u0259 \u00f6z d\u00f6vl\u0259tinin olmas\u0131na imkan verm\u0259z. O s\u0259b\u0259bd\u0259n d\u0259 biz ancaq ba\u015fqa bir \u00f6lk\u0259nin t\u0259rkibind\u0259 milli azl\u0131q kimi ya\u015faya bil\u0259rik. \u018fslind\u0259 onlar \u0259n do\u011fru olan\u0131 deyirl\u0259r. Bax\u0131n, m\u00fcst\u0259qillik \u0259ld\u0259 edildikd\u0259n sonra C\u0259nubi Qafqaz\u0131n iki \u00f6lk\u0259si \u2013 Az\u0259rbaycan v\u0259 G\u00fcrc\u00fcstan \u00f6z inki\u015faf\u0131 v\u0259 torpaqlar\u0131n\u0131n i\u015f\u011faldan azad edilm\u0259si u\u011frunda m\u00fcbariz\u0259 apar\u0131r, Erm\u0259nistan is\u0259 b\u00fct\u00fcn s\u0259yl\u0259rini qon\u015fu \u00f6lk\u0259l\u0259rin torpaqlar\u0131n\u0131 ya\u011fmalama\u011fa y\u00f6nl\u0259ndirib. Rusiyan\u0131n a\u011fu\u015funda oturub, ruslar\u0131n su qiym\u0259tin\u0259 verdiyi elektrik enerjisi, qaz, yanacaq v\u0259 s. hesab\u0131na ya\u015famaq, s\u0259rh\u0259dl\u0259rini ruslara qorutmaq, qon\u015fu \u00f6lk\u0259y\u0259 t\u0259cav\u00fcz etm\u0259k m\u0259qs\u0259dil\u0259 Rusiyadan d\u0259y\u0259ri milyardlarla dollarla \u00f6l\u00e7\u00fcl\u0259n h\u0259cml\u0259rd\u0259 silah-sursat\u0131 d\u0259y\u0259ri \u00f6d\u0259nilm\u0259d\u0259n alaraq i\u015f\u011fal\u00e7\u0131 \u201c\u015f\u00fcca\u0259ti\u201d g\u00f6st\u0259rm\u0259k n\u0259 q\u0259d\u0259r \u00e7\u0259tindir bir d\u00f6vl\u0259t \u00fc\u00e7\u00fcn? B\u00fct\u00fcn bunlar\u0131 s\u0259n\u0259 d\u00f6vl\u0259t qurmu\u015f bir \u00f6lk\u0259d\u0259n \u0259ld\u0259 edib, say\u0259sind\u0259 n\u0259f\u0259s ald\u0131\u011f\u0131n o \u00f6lk\u0259nin quca\u011f\u0131nda otura-otura dey\u0259s\u0259n ki, b\u0259s m\u0259n art\u0131q s\u0259ni b\u0259y\u0259nmir\u0259m, Q\u0259rb\u0259 Frans\u0131z bac\u0131m\u0131n yan\u0131na gedir\u0259m. Bu fikirl\u0259ri bir q\u0259d\u0259r b\u0259dii formada s\u0259sl\u0259ndirs\u0259m d\u0259, \u0259slind\u0259 bununla erm\u0259ni xisl\u0259tinin i\u00e7 \u00fcz\u00fcn\u00fcn cizgil\u0259rini daha ayd\u0131n \u00e7\u0259km\u0259k ist\u0259yir\u0259m.<\/p>\n<p>B\u00fct\u00fcn bu s\u00f6yl\u0259dikl\u0259rimizd\u0259n sonra Az\u0259rbaycan\u0131n Qara d\u0259nizin alt\u0131 il\u0259 enerji kabelinin \u00e7\u0259kilm\u0259sini n\u0259z\u0259rd\u0259 tutan meqa-layih\u0259sind\u0259 Erm\u0259nistan\u0131n i\u015ftirak\u0131n\u0131 nec\u0259 t\u0259min etm\u0259k olar? G\u0259lin baxaq, Erm\u0259nistan bu layih\u0259d\u0259 nec\u0259 i\u015ftirak etm\u0259k ist\u0259y\u0259c\u0259k? He\u00e7 \u015f\u00fcbh\u0259siz ki, Erm\u0259nistan h\u00f6kum\u0259ti Az\u0259rbaycandan Qara d\u0259niz\u0259 uzanacaq kabelin bir hiss\u0259sinin onun \u0259razisind\u0259n ke\u00e7m\u0259sini t\u0259klif ed\u0259c\u0259k. B\u0259s bu m\u00fcmk\u00fcnd\u00fcrm\u00fc? Az\u0259rbaycan\u0131, G\u00fcrc\u00fcstan\u0131 torpaq iddialar\u0131 il\u0259 on ill\u0259r boyu t\u0259hdid ed\u0259n erm\u0259ni bu x\u0259ttin bir hiss\u0259sinin onun \u0259razisind\u0259n ke\u00e7m\u0259sind\u0259n istifad\u0259 edib, sonra da bizi t\u0259hdid etm\u0259y\u0259c\u0259kmi? Kim buna z\u0259man\u0259t ver\u0259 bil\u0259r? He\u00e7 kim? Erm\u0259ni xisl\u0259tini yax\u015f\u0131 bil\u0259n he\u00e7 bir t\u0259r\u0259f bu z\u0259man\u0259ti verm\u0259z. Bu z\u0259man\u0259ti erm\u0259nil\u0259r \u00f6zl\u0259ri yarada bil\u0259rdil\u0259r. Lakin erm\u0259ni xisl\u0259ti buna imkan verm\u0259di. \u0130mkan vers\u0259ydi, zaman\u0131nda Bak\u0131 Tibilisi Ceyhan Boru K\u0259m\u0259ri, C\u0259nub Qaz D\u0259hlizi kimi meqa-layih\u0259l\u0259rin realla\u015fd\u0131r\u0131lmas\u0131n\u0131n iqtisadi c\u0259h\u0259td\u0259n \u0259n s\u0259rf\u0259li mar\u015frutu da el\u0259 onlar\u0131n Erm\u0259nistan \u00fcz\u0259rind\u0259n \u00e7\u0259kilm\u0259si idi&#8230;<\/p>\n<p>Erm\u0259nistan \u0259traf\u0131nda ba\u015f ver\u0259n b\u00fct\u00fcn prosesl\u0259r onu g\u00f6st\u0259rir ki, sonda tarixi \u0259dal\u0259t qalib g\u0259l\u0259c\u0259k. Erm\u0259nil\u0259rin \u00f6zl\u0259rinin dediyi kimi \u2013 erm\u0259ni mill\u0259tinin \u00f6z d\u00f6vl\u0259tinin olmas\u0131 m\u00fcmk\u00fcn deyil, bu mill\u0259t d\u00f6vl\u0259t idar\u0259 etm\u0259k a\u011fl\u0131nda deyil. Onlar Az\u0259rbaycan torpaqlar\u0131nda onlar \u00fc\u00e7\u00fcn zorla yarad\u0131lm\u0131\u015f d\u00f6vl\u0259ti saxlamaq iqtidar\u0131nda olmad\u0131qlar\u0131n\u0131 art\u0131q s\u00fcbut etdil\u0259r. \u00d6zg\u0259 at\u0131na min\u0259n gec-tez o atdan d\u00fc\u015fm\u0259lidir. Erm\u0259nil\u0259r\u0259 son t\u0259klifimiz \u2013 n\u0259 q\u0259d\u0259r ki, gec deyil, y\u0131\u011f\u0131\u015f\u0131n gedin tarix\u0259n g\u0259ldiyiniz m\u0259kanlara v\u0259 ya siz\u0259 qucaq a\u00e7an Q\u0259rb\u0259 \u2013 nec\u0259 ki, bunu Qaraba\u011f torpaqlar\u0131m\u0131zda ya\u015fayan erm\u0259nil\u0259r etdil\u0259r. \u0130ngilisl\u0259r demi\u015fk\u0259n, GO HOME!\u201d.<\/p>\n","protected":false},"excerpt":{"rendered":"<p>Fikr\u0259t Yusifov:\u00a0\u201cErm\u0259ni xisl\u0259tini yax\u015f\u0131 bil\u0259n he\u00e7 bir t\u0259r\u0259f bu z\u0259man\u0259ti verm\u0259z\u201d Erm\u0259nistan hakimiyy\u0259ti Az\u0259rbaycandan Avropaya elektrik enerjisi n\u0259qli \u00fc\u00e7\u00fcn d\u0259nizalt\u0131 kabelin \u00e7\u0259kilm\u0259si layih\u0259sind\u0259 maraql\u0131d\u0131r. Musavat.com x\u0259b\u0259r verir ki, bunu Erm\u0259nistan ba\u015f naziri Nikol Pa\u015finyan \u00f6t\u0259n h\u0259ft\u0259sonu Tiflisd\u0259 olark\u0259n G\u00fcrc\u00fcstan\u0131n ba\u015f naziri \u0130rakli Qariba\u015fvili il\u0259 birg\u0259 ke\u00e7irdiyi brifinqd\u0259 deyib. Ba\u015f nazir bildirib ki, \u0130r\u0259van regional layih\u0259l\u0259rd\u0259 i\u015ftirak etm\u0259k ist\u0259yir: \u201cB\u00f6lg\u0259miz C\u0259nub v\u0259 \u015eimal, Q\u0259rb v\u0259 \u015e\u0259rq aras\u0131nda \u00e7ox m\u00fch\u00fcm mar\u015fruta \u00e7evril\u0259 bil\u0259r. B\u00fct\u00fcn bunlarda, b\u00fct\u00fcn d\u00f6vl\u0259tl\u0259r\u0259 iqtisadi layih\u0259l\u0259rd\u0259 i\u015ftirak etm\u0259k imkan\u0131 verildikd\u0259, inkl\u00fczivlik \u00e7ox vacibdir. Bunun yax\u015f\u0131 n\u00fcmun\u0259si Qara d\u0259nizin dibi&hellip;<\/p>\n","protected":false},"author":2,"featured_media":685113,"comment_status":"closed","ping_status":"closed","sticky":false,"template":"","format":"standard","meta":{"om_disable_all_campaigns":false,"_monsterinsights_skip_tracking":false,"_monsterinsights_sitenote_active":false,"_monsterinsights_sitenote_note":"","_monsterinsights_sitenote_category":0},"categories":[19],"tags":[],"aioseo_notices":[],"gutentor_comment":0,"rttpg_featured_image_url":{"full":["https:\/\/arantv.az\/wp-content\/uploads\/2024\/01\/e50d7b80d25f448f1058967b0f701f65.jpg",700,392,false],"landscape":["https:\/\/arantv.az\/wp-content\/uploads\/2024\/01\/e50d7b80d25f448f1058967b0f701f65.jpg",700,392,false],"portraits":["https:\/\/arantv.az\/wp-content\/uploads\/2024\/01\/e50d7b80d25f448f1058967b0f701f65.jpg",700,392,false],"thumbnail":["https:\/\/arantv.az\/wp-content\/uploads\/2024\/01\/e50d7b80d25f448f1058967b0f701f65-500x280.jpg",500,280,true],"medium":["https:\/\/arantv.az\/wp-content\/uploads\/2024\/01\/e50d7b80d25f448f1058967b0f701f65-652x365.jpg",652,365,true],"large":["https:\/\/arantv.az\/wp-content\/uploads\/2024\/01\/e50d7b80d25f448f1058967b0f701f65.jpg",640,358,false],"1536x1536":["https:\/\/arantv.az\/wp-content\/uploads\/2024\/01\/e50d7b80d25f448f1058967b0f701f65.jpg",700,392,false],"2048x2048":["https:\/\/arantv.az\/wp-content\/uploads\/2024\/01\/e50d7b80d25f448f1058967b0f701f65.jpg",700,392,false],"post-thumbnail":["https:\/\/arantv.az\/wp-content\/uploads\/2024\/01\/e50d7b80d25f448f1058967b0f701f65-240x172.jpg",240,172,true],"advps-thumb-one":["https:\/\/arantv.az\/wp-content\/uploads\/2024\/01\/e50d7b80d25f448f1058967b0f701f65.jpg",700,392,false]},"rttpg_author":{"display_name":"V\u00fcsal Rafiqo\u011flu","author_link":"https:\/\/arantv.az\/?author=2"},"rttpg_comment":0,"rttpg_category":"<a href=\"https:\/\/arantv.az\/?cat=19\" rel=\"category\">G\u00fcnd\u0259m<\/a>","rttpg_excerpt":"Fikr\u0259t Yusifov:\u00a0\u201cErm\u0259ni xisl\u0259tini yax\u015f\u0131 bil\u0259n he\u00e7 bir t\u0259r\u0259f bu z\u0259man\u0259ti verm\u0259z\u201d Erm\u0259nistan hakimiyy\u0259ti Az\u0259rbaycandan Avropaya elektrik enerjisi n\u0259qli \u00fc\u00e7\u00fcn d\u0259nizalt\u0131 kabelin \u00e7\u0259kilm\u0259si layih\u0259sind\u0259 maraql\u0131d\u0131r. Musavat.com x\u0259b\u0259r verir ki, bunu Erm\u0259nistan ba\u015f naziri Nikol Pa\u015finyan \u00f6t\u0259n h\u0259ft\u0259sonu Tiflisd\u0259 olark\u0259n G\u00fcrc\u00fcstan\u0131n ba\u015f naziri \u0130rakli Qariba\u015fvili il\u0259 birg\u0259 ke\u00e7irdiyi brifinqd\u0259 deyib. Ba\u015f nazir bildirib ki, \u0130r\u0259van regional layih\u0259l\u0259rd\u0259&hellip;","_links":{"self":[{"href":"https:\/\/arantv.az\/index.php?rest_route=\/wp\/v2\/posts\/685112"}],"collection":[{"href":"https:\/\/arantv.az\/index.php?rest_route=\/wp\/v2\/posts"}],"about":[{"href":"https:\/\/arantv.az\/index.php?rest_route=\/wp\/v2\/types\/post"}],"author":[{"embeddable":true,"href":"https:\/\/arantv.az\/index.php?rest_route=\/wp\/v2\/users\/2"}],"replies":[{"embeddable":true,"href":"https:\/\/arantv.az\/index.php?rest_route=%2Fwp%2Fv2%2Fcomments&post=685112"}],"version-history":[{"count":0,"href":"https:\/\/arantv.az\/index.php?rest_route=\/wp\/v2\/posts\/685112\/revisions"}],"wp:featuredmedia":[{"embeddable":true,"href":"https:\/\/arantv.az\/index.php?rest_route=\/wp\/v2\/media\/685113"}],"wp:attachment":[{"href":"https:\/\/arantv.az\/index.php?rest_route=%2Fwp%2Fv2%2Fmedia&parent=685112"}],"wp:term":[{"taxonomy":"category","embeddable":true,"href":"https:\/\/arantv.az\/index.php?rest_route=%2Fwp%2Fv2%2Fcategories&post=685112"},{"taxonomy":"post_tag","embeddable":true,"href":"https:\/\/arantv.az\/index.php?rest_route=%2Fwp%2Fv2%2Ftags&post=685112"}],"curies":[{"name":"wp","href":"https:\/\/api.w.org\/{rel}","templated":true}]}}