{"id":685115,"date":"2024-01-29T21:19:25","date_gmt":"2024-01-29T17:19:25","guid":{"rendered":"https:\/\/arantv.az\/?p=685115"},"modified":"2024-01-29T21:19:25","modified_gmt":"2024-01-29T17:19:25","slug":"ir%c9%99van-b%c9%99l%c9%99diyy%c9%99-surasinin-uzvu-rusiyadan-siyasi-siginacaq-ist%c9%99yib","status":"publish","type":"post","link":"https:\/\/arantv.az\/?p=685115","title":{"rendered":"\u0130r\u0259van B\u0259l\u0259diyy\u0259 \u015euras\u0131n\u0131n \u00fczv\u00fc Rusiyadan siyasi s\u0131\u011f\u0131nacaq ist\u0259yib"},"content":{"rendered":"<p>\u0130r\u0259van A\u011fsaqqallar \u015euras\u0131n\u0131n (B\u0259l\u0259diyy\u0259 \u015euras\u0131) \u00fczv\u00fc, \u201cAna Erm\u0259nistan\u201d m\u00fcxalif\u0259t fraksiyas\u0131n\u0131n \u00fczv\u00fc Narine Ayrapetyan Rusiyadan siyasi s\u0131\u011f\u0131nacaq ist\u0259yib.<\/p>\n<p>Erm\u0259nistan medias\u0131n\u0131n m\u0259lumat\u0131na g\u00f6r\u0259, o, bununla ba\u011fl\u0131 b\u0259yanat\u0131 canl\u0131 yay\u0131mda elan edib.<\/p>\n<p>Ayrapetyan\u0131n s\u00f6zl\u0259rin\u0259 g\u00f6r\u0259, Erm\u0259nistanda siyasi r\u0259qib\u0259l\u0259r\u0259 v\u0259 hakim partiyan\u0131n n\u00fcmay\u0259nd\u0259l\u0259rin\u0259 qar\u015f\u0131 siyasi t\u0259qibl\u0259r davam edir.<\/p>\n<p>N.Ayrapetyan Erm\u0259nistan\u0131n ke\u00e7mi\u015f prezidenti Robert Ko\u00e7aryan\u0131n o\u011flu Levon Ko\u00e7aryana v\u0259 \u201cHayastan\u201d blokunun \u00fczv\u00fc Andranik Tevanyana qar\u015f\u0131 yalan ifad\u0259 verm\u0259y\u0259 m\u0259cbur edildiyini d\u0259 bildirib.<\/p>\n","protected":false},"excerpt":{"rendered":"<p>\u0130r\u0259van A\u011fsaqqallar \u015euras\u0131n\u0131n (B\u0259l\u0259diyy\u0259 \u015euras\u0131) \u00fczv\u00fc, \u201cAna Erm\u0259nistan\u201d m\u00fcxalif\u0259t fraksiyas\u0131n\u0131n \u00fczv\u00fc Narine Ayrapetyan Rusiyadan siyasi s\u0131\u011f\u0131nacaq ist\u0259yib. Erm\u0259nistan medias\u0131n\u0131n m\u0259lumat\u0131na g\u00f6r\u0259, o, bununla ba\u011fl\u0131 b\u0259yanat\u0131 canl\u0131 yay\u0131mda elan edib. Ayrapetyan\u0131n s\u00f6zl\u0259rin\u0259 g\u00f6r\u0259, Erm\u0259nistanda siyasi r\u0259qib\u0259l\u0259r\u0259 v\u0259 hakim partiyan\u0131n n\u00fcmay\u0259nd\u0259l\u0259rin\u0259 qar\u015f\u0131 siyasi t\u0259qibl\u0259r davam edir. N.Ayrapetyan Erm\u0259nistan\u0131n ke\u00e7mi\u015f prezidenti Robert Ko\u00e7aryan\u0131n o\u011flu Levon Ko\u00e7aryana v\u0259 \u201cHayastan\u201d blokunun \u00fczv\u00fc Andranik Tevanyana qar\u015f\u0131 yalan ifad\u0259 verm\u0259y\u0259 m\u0259cbur edildiyini d\u0259 bildirib.<\/p>\n","protected":false},"author":2,"featured_media":685116,"comment_status":"closed","ping_status":"closed","sticky":false,"template":"","format":"standard","meta":{"om_disable_all_campaigns":false,"_monsterinsights_skip_tracking":false,"_monsterinsights_sitenote_active":false,"_monsterinsights_sitenote_note":"","_monsterinsights_sitenote_category":0},"categories":[7],"tags":[],"aioseo_notices":[],"gutentor_comment":0,"rttpg_featured_image_url":{"full":["https:\/\/arantv.az\/wp-content\/uploads\/2024\/01\/f65b24de074672_65b24de0746b5.thumb_.jpg",620,413,false],"landscape":["https:\/\/arantv.az\/wp-content\/uploads\/2024\/01\/f65b24de074672_65b24de0746b5.thumb_.jpg",620,413,false],"portraits":["https:\/\/arantv.az\/wp-content\/uploads\/2024\/01\/f65b24de074672_65b24de0746b5.thumb_.jpg",620,413,false],"thumbnail":["https:\/\/arantv.az\/wp-content\/uploads\/2024\/01\/f65b24de074672_65b24de0746b5.thumb_-500x280.jpg",500,280,true],"medium":["https:\/\/arantv.az\/wp-content\/uploads\/2024\/01\/f65b24de074672_65b24de0746b5.thumb_-548x365.jpg",548,365,true],"large":["https:\/\/arantv.az\/wp-content\/uploads\/2024\/01\/f65b24de074672_65b24de0746b5.thumb_.jpg",620,413,false],"1536x1536":["https:\/\/arantv.az\/wp-content\/uploads\/2024\/01\/f65b24de074672_65b24de0746b5.thumb_.jpg",620,413,false],"2048x2048":["https:\/\/arantv.az\/wp-content\/uploads\/2024\/01\/f65b24de074672_65b24de0746b5.thumb_.jpg",620,413,false],"post-thumbnail":["https:\/\/arantv.az\/wp-content\/uploads\/2024\/01\/f65b24de074672_65b24de0746b5.thumb_-240x172.jpg",240,172,true],"advps-thumb-one":["https:\/\/arantv.az\/wp-content\/uploads\/2024\/01\/f65b24de074672_65b24de0746b5.thumb_.jpg",620,413,false]},"rttpg_author":{"display_name":"V\u00fcsal Rafiqo\u011flu","author_link":"https:\/\/arantv.az\/?author=2"},"rttpg_comment":0,"rttpg_category":"<a href=\"https:\/\/arantv.az\/?cat=7\" rel=\"category\">D\u00fcnya<\/a>","rttpg_excerpt":"\u0130r\u0259van A\u011fsaqqallar \u015euras\u0131n\u0131n (B\u0259l\u0259diyy\u0259 \u015euras\u0131) \u00fczv\u00fc, \u201cAna Erm\u0259nistan\u201d m\u00fcxalif\u0259t fraksiyas\u0131n\u0131n \u00fczv\u00fc Narine Ayrapetyan Rusiyadan siyasi s\u0131\u011f\u0131nacaq ist\u0259yib. Erm\u0259nistan medias\u0131n\u0131n m\u0259lumat\u0131na g\u00f6r\u0259, o, bununla ba\u011fl\u0131 b\u0259yanat\u0131 canl\u0131 yay\u0131mda elan edib. Ayrapetyan\u0131n s\u00f6zl\u0259rin\u0259 g\u00f6r\u0259, Erm\u0259nistanda siyasi r\u0259qib\u0259l\u0259r\u0259 v\u0259 hakim partiyan\u0131n n\u00fcmay\u0259nd\u0259l\u0259rin\u0259 qar\u015f\u0131 siyasi t\u0259qibl\u0259r davam edir. N.Ayrapetyan Erm\u0259nistan\u0131n ke\u00e7mi\u015f prezidenti Robert Ko\u00e7aryan\u0131n o\u011flu Levon Ko\u00e7aryana v\u0259 \u201cHayastan\u201d&hellip;","_links":{"self":[{"href":"https:\/\/arantv.az\/index.php?rest_route=\/wp\/v2\/posts\/685115"}],"collection":[{"href":"https:\/\/arantv.az\/index.php?rest_route=\/wp\/v2\/posts"}],"about":[{"href":"https:\/\/arantv.az\/index.php?rest_route=\/wp\/v2\/types\/post"}],"author":[{"embeddable":true,"href":"https:\/\/arantv.az\/index.php?rest_route=\/wp\/v2\/users\/2"}],"replies":[{"embeddable":true,"href":"https:\/\/arantv.az\/index.php?rest_route=%2Fwp%2Fv2%2Fcomments&post=685115"}],"version-history":[{"count":0,"href":"https:\/\/arantv.az\/index.php?rest_route=\/wp\/v2\/posts\/685115\/revisions"}],"wp:featuredmedia":[{"embeddable":true,"href":"https:\/\/arantv.az\/index.php?rest_route=\/wp\/v2\/media\/685116"}],"wp:attachment":[{"href":"https:\/\/arantv.az\/index.php?rest_route=%2Fwp%2Fv2%2Fmedia&parent=685115"}],"wp:term":[{"taxonomy":"category","embeddable":true,"href":"https:\/\/arantv.az\/index.php?rest_route=%2Fwp%2Fv2%2Fcategories&post=685115"},{"taxonomy":"post_tag","embeddable":true,"href":"https:\/\/arantv.az\/index.php?rest_route=%2Fwp%2Fv2%2Ftags&post=685115"}],"curies":[{"name":"wp","href":"https:\/\/api.w.org\/{rel}","templated":true}]}}