{"id":685134,"date":"2024-01-29T22:27:49","date_gmt":"2024-01-29T18:27:49","guid":{"rendered":"https:\/\/arantv.az\/?p=685134"},"modified":"2024-01-29T22:27:49","modified_gmt":"2024-01-29T18:27:49","slug":"q%c9%99rbi-az%c9%99rbaycan-xronikasi-orxan-%c9%99sg%c9%99rovun-atasi-s%c9%99hidin-q%c9%99rbi-az%c9%99rbaycan-sevgisind%c9%99n-danisdi-video","status":"publish","type":"post","link":"https:\/\/arantv.az\/?p=685134","title":{"rendered":"Q\u0259rbi Az\u0259rbaycan Xronikas\u0131: Orxan \u018fsg\u0259rovun atas\u0131 \u015f\u0259hidin Q\u0259rbi Az\u0259rbaycan sevgisind\u0259n dan\u0131\u015fd\u0131 &#8211; V\u0130DEO"},"content":{"rendered":"<article class=\"news\">\n<div class=\"news-inner\">\n<p>Bu g\u00fcn Q\u0259rbi Az\u0259rbaycan Xronikas\u0131 layih\u0259si \u00e7\u0259r\u00e7iv\u0259sind\u0259 n\u00f6vb\u0259ti verili\u015f efir\u0259 gedib.<\/p>\n<p>Jurnalist Rufik \u0130smay\u0131lovun bu d\u0259f\u0259 m\u00fcsahibi h\u0259kim-pediatr, \u015f\u0259hid Orxan \u018fsg\u0259rovun atas\u0131 Rizvan \u018fsg\u0259rov olub.<\/p>\n<p>O, ata-anas\u0131n\u0131n h\u0259l\u0259 u\u015faq vaxtlar\u0131nda Q\u0259rbi Az\u0259rbaycan\u0131n G\u00f6y\u00e7\u0259 mahal\u0131ndan &#8211; Basarke\u00e7\u0259r rayonunun N\u0259rimanl\u0131 k\u0259ndind\u0259n m\u0259cbur\u0259n k\u00f6\u00e7 etm\u0259sind\u0259n, Az\u0259rbaycan\u0131n G\u00f6yg\u00f6l rayonunda m\u0259skunla\u015fmas\u0131ndan s\u00f6hb\u0259t a\u00e7\u0131b. Bildirib ki, \u00f6t\u0259n \u0259srd\u0259 soyda\u015flar\u0131m\u0131z erm\u0259nil\u0259r t\u0259r\u0259find\u0259n m\u0259qs\u0259dli \u015f\u0259kild\u0259 s\u0131x\u0131\u015fd\u0131r\u0131l\u0131b, deportasiyalara, k\u00fctl\u0259vi q\u0259tliamlara m\u0259ruz qoyulub. \u201cErm\u0259nil\u0259r az\u0259rbaycanl\u0131lara qar\u015f\u0131 h\u0259r c\u00fcr v\u0259h\u015filiy\u0259 \u0259l at\u0131rd\u0131lar\u201d &#8211; s\u00f6yl\u0259y\u0259n m\u00fcsahib valideynl\u0259rinin ail\u0259l\u0259rinin d\u0259 bu t\u0259zyiq v\u0259 t\u0259hdidl\u0259rl\u0259 \u00fcz-\u00fcz\u0259 qald\u0131\u011f\u0131n\u0131, m\u0259cburiyy\u0259t qar\u015f\u0131s\u0131nda \u00f6z \u0259z\u0259li yurdlar\u0131n\u0131 t\u0259rk etdiyini vur\u011fulay\u0131b.<\/p>\n<p>R.\u018fsg\u0259rov 8-ci sinf\u0259 q\u0259d\u0259r N\u0259rimanl\u0131 k\u0259nd orta m\u0259kt\u0259bind\u0259 t\u0259hsil ald\u0131\u011f\u0131n\u0131 diqq\u0259t\u0259 \u00e7atd\u0131r\u0131b. S\u00f6yl\u0259yib ki, u\u015faql\u0131q ill\u0259rinin \u0259n g\u00f6z\u0259l \u00e7a\u011flar\u0131 G\u00f6y\u00e7\u0259 mahal\u0131nda ke\u00e7ib. O, k\u0259nd \u0259halisinin m\u0259\u015f\u011fullu\u011fundan, biri-birin\u0259 xo\u015f m\u00fcnasib\u0259tind\u0259n, milli-dini ad\u0259t-\u0259n\u0259n\u0259l\u0259r\u0259 ba\u011fl\u0131l\u0131\u011f\u0131ndan, elm\u0259 v\u0259 t\u0259hsil\u0259 olan mara\u011f\u0131ndan da dan\u0131\u015f\u0131b. Qeyd edib ki, N\u0259rimanl\u0131 k\u0259nd orta m\u0259kt\u0259binin m\u00fc\u0259lliml\u0259ri \u015fagirdl\u0259r\u0259 qar\u015f\u0131 y\u00fcks\u0259k t\u0259l\u0259bkarl\u0131\u011f\u0131 il\u0259 se\u00e7ilibl\u0259r. Onlara bu i\u015fd\u0259 valideynl\u0259r d\u0259 b\u00f6y\u00fck d\u0259st\u0259k olublar. Bu t\u0259l\u0259bkarl\u0131\u011f\u0131n n\u0259tic\u0259si olaraq, h\u0259r il m\u0259zunlar\u0131n\u0131n m\u00fctl\u0259q \u0259ks\u0259riyy\u0259ti ali t\u0259hsil m\u00fc\u0259ssis\u0259l\u0259rin\u0259 daxil olub, t\u0259l\u0259b\u0259 ad\u0131n\u0131 qazan\u0131b.<\/p>\n<p>K\u0259ndin tarixiliyin\u0259 diqq\u0259t \u00e7\u0259k\u0259n m\u00fcsahib ya\u015fay\u0131\u015f m\u0259nt\u0259q\u0259sinin \u0259razisind\u0259 q\u0259dim Alban q\u0259birl\u0259rinin, tarixi abid\u0259l\u0259rin oldu\u011funu dil\u0259 g\u0259tirib. Bildirib ki, erm\u0259nil\u0259r yeni m\u0259kt\u0259b binas\u0131 tikm\u0259k ad\u0131 il\u0259 bu tarixi abid\u0259l\u0259rin \u00e7oxunu da\u011f\u0131d\u0131b, m\u0259hv edib, b\u0259zisini is\u0259 \u00f6z\u00fcn\u00fcnk\u00fcl\u0259\u015fdiribl\u0259r. R.\u018fsg\u0259rov erm\u0259ni h\u0259kiml\u0259rinin az\u0259rbaycanl\u0131lara m\u00fcnasib\u0259tin\u0259 d\u0259 toxunub. S\u00f6yl\u0259yib ki, Basarke\u00e7\u0259r rayon x\u0259st\u0259xanas\u0131na m\u00fcalic\u0259, yaxud \u0259m\u0259liyyat \u00fc\u00e7\u00fcn m\u00fcraci\u0259t ed\u0259n soyda\u015flar\u0131m\u0131za erm\u0259ni h\u0259kiml\u0259r \u0259sl c\u0259lladl\u0131q edibl\u0259r. Onun s\u00f6zl\u0259rin\u0259 g\u00f6r\u0259, 1980-ci ill\u0259rin sonlar\u0131nda rus \u0259sg\u0259rl\u0259rin\u0259 arxalanan erm\u0259nil\u0259r daha da az\u011f\u0131nla\u015f\u0131b, az\u0259rbaycanl\u0131larla ist\u0259dikl\u0259ri kimi r\u0259ftar edib, soyda\u015flar\u0131m\u0131z\u0131n deportasiyas\u0131na nail olublar.<\/p>\n<p>R.\u018fsg\u0259rov \u00f6t\u0259n il sentyabr\u0131n 27-d\u0259 \u0130randak\u0131 s\u0259firliyimizd\u0259 terror h\u00fccumuna m\u0259ruz qalaraq \u015f\u0259hidlik zirv\u0259sin\u0259 ucalan o\u011flu Orxan \u018fsg\u0259rovdan, onun Q\u0259rbi Az\u0259rbaycana olan ba\u011fl\u0131l\u0131\u011f\u0131ndan, G\u00f6y\u00e7\u0259 sevgisind\u0259n d\u0259 dan\u0131\u015f\u0131b. Deyib ki, O.\u018fsg\u0259rov Q\u0259rbi Az\u0259rbaycan\u0131 g\u00f6rm\u0259s\u0259 d\u0259 \u0259z\u0259li torpaqlar\u0131m\u0131zla ba\u011fl\u0131 ara\u015fd\u0131rmalar apar\u0131b, n\u0259 zamansa o yerl\u0259r\u0259 qay\u0131tmaq \u00fcmidi il\u0259 ya\u015fay\u0131b. Qeyd edib ki, y\u00fcks\u0259k ali t\u0259hsil alan, xidm\u0259ti f\u0259aliyy\u0259ti d\u00f6vr\u00fcnd\u0259 daim f\u0259rql\u0259n\u0259n \u015f\u0259hid O.\u018fsg\u0259rov \u00f6vladlar\u0131n\u0131n da ali t\u0259hsilli olmas\u0131n\u0131 arzulay\u0131b. R.\u018fsg\u0259rovun s\u00f6zl\u0259rin\u0259 g\u00f6r\u0259, \u015f\u0259hidin q\u0131z\u0131 Aysu \u018fsg\u0259rli atas\u0131n\u0131n \u00fcmidl\u0259rini do\u011fruldub v\u0259 haz\u0131rda T\u00fcrkiy\u0259d\u0259 tibb sah\u0259si \u00fczr\u0259 ali t\u0259hsil al\u0131r. \u015e\u0259hidimizin o\u011flu is\u0259 m\u0259kt\u0259blidir.<\/p>\n<p>Q\u0259rbi Az\u0259rbaycana qay\u0131tmaq istiqam\u0259tind\u0259 g\u00f6r\u00fcl\u0259n i\u015fl\u0259ri, at\u0131lan add\u0131mlar\u0131 y\u00fcks\u0259k qiym\u0259tl\u0259ndir\u0259n \u015f\u0259hid atas\u0131, h\u0259kim-pediatr R.\u018fsg\u0259rov ata-baba yurdunun h\u0259sr\u0259tini \u00e7\u0259kdiyini, g\u0259l\u0259c\u0259kd\u0259 oraya qay\u0131tmaq \u00fcmidinin h\u0259r ke\u00e7\u0259n g\u00fcn daha da artd\u0131\u011f\u0131n\u0131 vur\u011fulay\u0131b.<\/p>\n<p>Xat\u0131rladaq ki, Q\u0259rbi Az\u0259rbaycan Xronikas\u0131 layih\u0259sinin m\u0259qs\u0259di tarixi torpaqlar\u0131m\u0131z\u0131n ad\u0131n\u0131n ya\u015fad\u0131lmas\u0131, tan\u0131d\u0131lmas\u0131, h\u0259m\u00e7inin az\u0259rbaycanl\u0131lar\u0131n erm\u0259nil\u0259r t\u0259r\u0259find\u0259n deportasiyaya m\u0259ruz qoyulmas\u0131ndan, h\u0259min \u0259razil\u0259rd\u0259 m\u00f6vcud olmu\u015f, lakin ad\u0131 silin\u0259n toponiml\u0259rin, says\u0131z-hesabs\u0131z yeralt\u0131 v\u0259 yer\u00fcst\u00fc maddi m\u0259d\u0259niyy\u0259t n\u00fcmun\u0259l\u0259ri &#8211; q\u0259dim ya\u015fay\u0131\u015f m\u0259sk\u0259nl\u0259ri, nekropollar, kurqanlar, qala, saray v\u0259 istehkam qal\u0131qlar\u0131, karvansaralar, k\u00f6rp\u00fcl\u0259r, q\u0259bir\u00fcst\u00fc s\u0259nduq\u0259l\u0259r, xa\u00e7da\u015flar, at-qo\u00e7 heyk\u0259ll\u0259ri, m\u0259b\u0259d, kils\u0259, m\u0259scid, pir v\u0259 ocaqlar\u0131n \u00fcz\u0259 \u00e7\u0131xar\u0131lmas\u0131, h\u0259min \u0259razinin t\u0259miz o\u011fuz-t\u00fcrk m\u0259sk\u0259nl\u0259ri oldu\u011funu t\u0259sdiq ed\u0259n faktlar\u0131n d\u00fcnya ictimaiyy\u0259tin\u0259 \u00e7atd\u0131r\u0131lmas\u0131d\u0131r.<\/p>\n<p>H\u0259m\u00e7inin Prezident\u00a0<strong>\u0130lham \u018fliyevi<\/strong>n\u00a0Q\u0259rbi Az\u0259rbaycanla ba\u011fl\u0131 dediyi \u201cXX \u0259srin \u0259vv\u0259ll\u0259rin\u0259 t\u0259sad\u00fcf ed\u0259n x\u0259rit\u0259 bir daha onu g\u00f6st\u0259rir ki, Q\u0259rbi Az\u0259rbaycan tarixi Az\u0259rbaycan diyar\u0131d\u0131r, \u015f\u0259h\u0259rl\u0259rin, k\u0259ndl\u0259rin adlar\u0131 Az\u0259rbaycan m\u0259n\u015f\u0259lidir v\u0259 biz yax\u015f\u0131 bilirik ki, indiki Erm\u0259nistan \u0259razisind\u0259 tarix boyu Az\u0259rbaycan xalq\u0131 ya\u015fay\u0131b. \u0130ndi \u0259sas v\u0259zif\u0259 ondan ibar\u0259tdir ki, d\u00fcnya ictimaiyy\u0259ti d\u0259 bunu bilsin\u201d, &#8211; fikrini \u0259sas tutaraq, Q\u0259rbi Az\u0259rbaycan \u0130cmas\u0131n\u0131n haz\u0131rlad\u0131\u011f\u0131 Qay\u0131d\u0131\u015f Konsepsiyas\u0131ndan ir\u0259li g\u0259l\u0259n v\u0259zif\u0259l\u0259rin t\u0259bli\u011fidir.<\/p>\n<p>Bundan \u0259lav\u0259, Q\u0259rbi Az\u0259rbaycanla ba\u011fl\u0131 tarix\u00e7il\u0259rin, ara\u015fd\u0131rma\u00e7\u0131lar\u0131n d\u00fc\u015f\u00fcnc\u0259l\u0259rini, deportasiyaya m\u0259ruz qalm\u0131\u015f \u015f\u0259xsl\u0259rin h\u0259yat hekay\u0259sini i\u015f\u0131qland\u0131rmaqd\u0131r.<\/p>\n<p>\u018ftrafl\u0131 Baku TV-nin s\u00fcjetind\u0259:<\/p>\n<div><iframe loading=\"lazy\" title=\"YouTube video player\" src=\"https:\/\/www.youtube.com\/embed\/6eDQdJH9HAQ?si=zhbFeyGAmmBtSqLL\" width=\"560\" height=\"315\" frameborder=\"0\" allowfullscreen=\"allowfullscreen\" data-mce-fragment=\"1\"><\/iframe><\/div>\n<\/div>\n<\/article>\n","protected":false},"excerpt":{"rendered":"<p>Bu g\u00fcn Q\u0259rbi Az\u0259rbaycan Xronikas\u0131 layih\u0259si \u00e7\u0259r\u00e7iv\u0259sind\u0259 n\u00f6vb\u0259ti verili\u015f efir\u0259 gedib. Jurnalist Rufik \u0130smay\u0131lovun bu d\u0259f\u0259 m\u00fcsahibi h\u0259kim-pediatr, \u015f\u0259hid Orxan \u018fsg\u0259rovun atas\u0131 Rizvan \u018fsg\u0259rov olub. O, ata-anas\u0131n\u0131n h\u0259l\u0259 u\u015faq vaxtlar\u0131nda Q\u0259rbi Az\u0259rbaycan\u0131n G\u00f6y\u00e7\u0259 mahal\u0131ndan &#8211; Basarke\u00e7\u0259r rayonunun N\u0259rimanl\u0131 k\u0259ndind\u0259n m\u0259cbur\u0259n k\u00f6\u00e7 etm\u0259sind\u0259n, Az\u0259rbaycan\u0131n G\u00f6yg\u00f6l rayonunda m\u0259skunla\u015fmas\u0131ndan s\u00f6hb\u0259t a\u00e7\u0131b. Bildirib ki, \u00f6t\u0259n \u0259srd\u0259 soyda\u015flar\u0131m\u0131z erm\u0259nil\u0259r t\u0259r\u0259find\u0259n m\u0259qs\u0259dli \u015f\u0259kild\u0259 s\u0131x\u0131\u015fd\u0131r\u0131l\u0131b, deportasiyalara, k\u00fctl\u0259vi q\u0259tliamlara m\u0259ruz qoyulub. \u201cErm\u0259nil\u0259r az\u0259rbaycanl\u0131lara qar\u015f\u0131 h\u0259r c\u00fcr v\u0259h\u015filiy\u0259 \u0259l at\u0131rd\u0131lar\u201d &#8211; s\u00f6yl\u0259y\u0259n m\u00fcsahib valideynl\u0259rinin ail\u0259l\u0259rinin d\u0259 bu t\u0259zyiq v\u0259 t\u0259hdidl\u0259rl\u0259 \u00fcz-\u00fcz\u0259 qald\u0131\u011f\u0131n\u0131, m\u0259cburiyy\u0259t qar\u015f\u0131s\u0131nda \u00f6z \u0259z\u0259li yurdlar\u0131n\u0131 t\u0259rk etdiyini&hellip;<\/p>\n","protected":false},"author":2,"featured_media":685135,"comment_status":"closed","ping_status":"closed","sticky":false,"template":"","format":"standard","meta":{"om_disable_all_campaigns":false,"_monsterinsights_skip_tracking":false,"_monsterinsights_sitenote_active":false,"_monsterinsights_sitenote_note":"","_monsterinsights_sitenote_category":0},"categories":[4],"tags":[],"aioseo_notices":[],"gutentor_comment":0,"rttpg_featured_image_url":{"full":["https:\/\/arantv.az\/wp-content\/uploads\/2024\/01\/FotoJet-10-5.jpg",620,413,false],"landscape":["https:\/\/arantv.az\/wp-content\/uploads\/2024\/01\/FotoJet-10-5.jpg",620,413,false],"portraits":["https:\/\/arantv.az\/wp-content\/uploads\/2024\/01\/FotoJet-10-5.jpg",620,413,false],"thumbnail":["https:\/\/arantv.az\/wp-content\/uploads\/2024\/01\/FotoJet-10-5-500x280.jpg",500,280,true],"medium":["https:\/\/arantv.az\/wp-content\/uploads\/2024\/01\/FotoJet-10-5-548x365.jpg",548,365,true],"large":["https:\/\/arantv.az\/wp-content\/uploads\/2024\/01\/FotoJet-10-5.jpg",620,413,false],"1536x1536":["https:\/\/arantv.az\/wp-content\/uploads\/2024\/01\/FotoJet-10-5.jpg",620,413,false],"2048x2048":["https:\/\/arantv.az\/wp-content\/uploads\/2024\/01\/FotoJet-10-5.jpg",620,413,false],"post-thumbnail":["https:\/\/arantv.az\/wp-content\/uploads\/2024\/01\/FotoJet-10-5-240x172.jpg",240,172,true],"advps-thumb-one":["https:\/\/arantv.az\/wp-content\/uploads\/2024\/01\/FotoJet-10-5.jpg",620,413,false]},"rttpg_author":{"display_name":"V\u00fcsal Rafiqo\u011flu","author_link":"https:\/\/arantv.az\/?author=2"},"rttpg_comment":0,"rttpg_category":"<a href=\"https:\/\/arantv.az\/?cat=4\" rel=\"category\">Siyas\u0259t<\/a>","rttpg_excerpt":"Bu g\u00fcn Q\u0259rbi Az\u0259rbaycan Xronikas\u0131 layih\u0259si \u00e7\u0259r\u00e7iv\u0259sind\u0259 n\u00f6vb\u0259ti verili\u015f efir\u0259 gedib. Jurnalist Rufik \u0130smay\u0131lovun bu d\u0259f\u0259 m\u00fcsahibi h\u0259kim-pediatr, \u015f\u0259hid Orxan \u018fsg\u0259rovun atas\u0131 Rizvan \u018fsg\u0259rov olub. O, ata-anas\u0131n\u0131n h\u0259l\u0259 u\u015faq vaxtlar\u0131nda Q\u0259rbi Az\u0259rbaycan\u0131n G\u00f6y\u00e7\u0259 mahal\u0131ndan &#8211; Basarke\u00e7\u0259r rayonunun N\u0259rimanl\u0131 k\u0259ndind\u0259n m\u0259cbur\u0259n k\u00f6\u00e7 etm\u0259sind\u0259n, Az\u0259rbaycan\u0131n G\u00f6yg\u00f6l rayonunda m\u0259skunla\u015fmas\u0131ndan s\u00f6hb\u0259t a\u00e7\u0131b. Bildirib ki, \u00f6t\u0259n \u0259srd\u0259 soyda\u015flar\u0131m\u0131z erm\u0259nil\u0259r t\u0259r\u0259find\u0259n&hellip;","_links":{"self":[{"href":"https:\/\/arantv.az\/index.php?rest_route=\/wp\/v2\/posts\/685134"}],"collection":[{"href":"https:\/\/arantv.az\/index.php?rest_route=\/wp\/v2\/posts"}],"about":[{"href":"https:\/\/arantv.az\/index.php?rest_route=\/wp\/v2\/types\/post"}],"author":[{"embeddable":true,"href":"https:\/\/arantv.az\/index.php?rest_route=\/wp\/v2\/users\/2"}],"replies":[{"embeddable":true,"href":"https:\/\/arantv.az\/index.php?rest_route=%2Fwp%2Fv2%2Fcomments&post=685134"}],"version-history":[{"count":0,"href":"https:\/\/arantv.az\/index.php?rest_route=\/wp\/v2\/posts\/685134\/revisions"}],"wp:featuredmedia":[{"embeddable":true,"href":"https:\/\/arantv.az\/index.php?rest_route=\/wp\/v2\/media\/685135"}],"wp:attachment":[{"href":"https:\/\/arantv.az\/index.php?rest_route=%2Fwp%2Fv2%2Fmedia&parent=685134"}],"wp:term":[{"taxonomy":"category","embeddable":true,"href":"https:\/\/arantv.az\/index.php?rest_route=%2Fwp%2Fv2%2Fcategories&post=685134"},{"taxonomy":"post_tag","embeddable":true,"href":"https:\/\/arantv.az\/index.php?rest_route=%2Fwp%2Fv2%2Ftags&post=685134"}],"curies":[{"name":"wp","href":"https:\/\/api.w.org\/{rel}","templated":true}]}}