{"id":685140,"date":"2024-01-29T22:28:50","date_gmt":"2024-01-29T18:28:50","guid":{"rendered":"https:\/\/arantv.az\/?p=685140"},"modified":"2024-01-29T22:28:50","modified_gmt":"2024-01-29T18:28:50","slug":"pasinyan-v%c9%99-xamneyinin-musaviri-regiondaki-v%c9%99ziyy%c9%99ti-muzakir%c9%99-edibl%c9%99r","status":"publish","type":"post","link":"https:\/\/arantv.az\/?p=685140","title":{"rendered":"Pa\u015finyan v\u0259 Xamneyinin m\u00fc\u015faviri regiondak\u0131 v\u0259ziyy\u0259ti m\u00fczakir\u0259 edibl\u0259r"},"content":{"rendered":"<p>Erm\u0259nistan\u0131n ba\u015f naziri Nikol Pa\u015finyan v\u0259 \u0130ran\u0131n ali liderinin m\u00fc\u015faviri, \u0130ran\u0131n Xarici \u018flaq\u0259l\u0259r \u00fczr\u0259 Strateji \u015euras\u0131n\u0131n r\u0259hb\u0259ri Kamal X\u0259razi regiondak\u0131 v\u0259ziyy\u0259ti m\u00fczakir\u0259 edibl\u0259r.<\/p>\n<p>Erm\u0259nistan medias\u0131n\u0131n \u00f6lk\u0259 h\u00f6kum\u0259tinin m\u0259tbuat xidm\u0259tin\u0259 \u0259sas\u0259n yayd\u0131\u011f\u0131 m\u0259lumata g\u00f6r\u0259, g\u00f6r\u00fc\u015f zaman\u0131 Pa\u015finyan qeyd edib ki, o, \u0130ran prezidenti il\u0259 \u00f6lk\u0259l\u0259r aras\u0131nda ticar\u0259t h\u0259cminin art\u0131r\u0131lmas\u0131 \u00fc\u00e7\u00fcn ard\u0131c\u0131l add\u0131mlar atma\u011fa raz\u0131d\u0131r.<\/p>\n<p>T\u0259r\u0259fl\u0259r m\u00fcxt\u0259lif sah\u0259l\u0259rd\u0259 &#8211; siyas\u0259t, iqtisadiyyat, enerji, infrastruktur sah\u0259l\u0259rind\u0259 \u0259m\u0259kda\u015fl\u0131q v\u0259 birg\u0259 proqramlar\u0131n h\u0259yata ke\u00e7irilm\u0259sind\u0259n dan\u0131\u015f\u0131blar.<\/p>\n<p>G\u00f6r\u00fc\u015fd\u0259 h\u0259m\u00e7inin C\u0259nubi Qafqazda t\u0259hl\u00fck\u0259sizlik v\u0259 sabitlik m\u0259s\u0259l\u0259l\u0259ri \u0259traf\u0131nda fikir m\u00fcbadil\u0259si apar\u0131l\u0131b.<\/p>\n<p>Qeyd ed\u0259k ki, bundan \u0259vv\u0259l X\u0259razi Erm\u0259nistan\u0131n xarici i\u015fl\u0259r naziri Ararat Mirzoyanla dan\u0131\u015f\u0131qlar apar\u0131b.<\/p>\n","protected":false},"excerpt":{"rendered":"<p>Erm\u0259nistan\u0131n ba\u015f naziri Nikol Pa\u015finyan v\u0259 \u0130ran\u0131n ali liderinin m\u00fc\u015faviri, \u0130ran\u0131n Xarici \u018flaq\u0259l\u0259r \u00fczr\u0259 Strateji \u015euras\u0131n\u0131n r\u0259hb\u0259ri Kamal X\u0259razi regiondak\u0131 v\u0259ziyy\u0259ti m\u00fczakir\u0259 edibl\u0259r. Erm\u0259nistan medias\u0131n\u0131n \u00f6lk\u0259 h\u00f6kum\u0259tinin m\u0259tbuat xidm\u0259tin\u0259 \u0259sas\u0259n yayd\u0131\u011f\u0131 m\u0259lumata g\u00f6r\u0259, g\u00f6r\u00fc\u015f zaman\u0131 Pa\u015finyan qeyd edib ki, o, \u0130ran prezidenti il\u0259 \u00f6lk\u0259l\u0259r aras\u0131nda ticar\u0259t h\u0259cminin art\u0131r\u0131lmas\u0131 \u00fc\u00e7\u00fcn ard\u0131c\u0131l add\u0131mlar atma\u011fa raz\u0131d\u0131r. T\u0259r\u0259fl\u0259r m\u00fcxt\u0259lif sah\u0259l\u0259rd\u0259 &#8211; siyas\u0259t, iqtisadiyyat, enerji, infrastruktur sah\u0259l\u0259rind\u0259 \u0259m\u0259kda\u015fl\u0131q v\u0259 birg\u0259 proqramlar\u0131n h\u0259yata ke\u00e7irilm\u0259sind\u0259n dan\u0131\u015f\u0131blar. G\u00f6r\u00fc\u015fd\u0259 h\u0259m\u00e7inin C\u0259nubi Qafqazda t\u0259hl\u00fck\u0259sizlik v\u0259 sabitlik m\u0259s\u0259l\u0259l\u0259ri \u0259traf\u0131nda fikir m\u00fcbadil\u0259si apar\u0131l\u0131b. Qeyd ed\u0259k ki, bundan \u0259vv\u0259l X\u0259razi Erm\u0259nistan\u0131n xarici i\u015fl\u0259r&hellip;<\/p>\n","protected":false},"author":2,"featured_media":685141,"comment_status":"closed","ping_status":"closed","sticky":false,"template":"","format":"standard","meta":{"om_disable_all_campaigns":false,"_monsterinsights_skip_tracking":false,"_monsterinsights_sitenote_active":false,"_monsterinsights_sitenote_note":"","_monsterinsights_sitenote_category":0},"categories":[7],"tags":[],"aioseo_notices":[],"gutentor_comment":0,"rttpg_featured_image_url":{"full":["https:\/\/arantv.az\/wp-content\/uploads\/2024\/01\/420186814_1524100028163400_8508263138428982589_n.jpg",620,413,false],"landscape":["https:\/\/arantv.az\/wp-content\/uploads\/2024\/01\/420186814_1524100028163400_8508263138428982589_n.jpg",620,413,false],"portraits":["https:\/\/arantv.az\/wp-content\/uploads\/2024\/01\/420186814_1524100028163400_8508263138428982589_n.jpg",620,413,false],"thumbnail":["https:\/\/arantv.az\/wp-content\/uploads\/2024\/01\/420186814_1524100028163400_8508263138428982589_n-500x280.jpg",500,280,true],"medium":["https:\/\/arantv.az\/wp-content\/uploads\/2024\/01\/420186814_1524100028163400_8508263138428982589_n-548x365.jpg",548,365,true],"large":["https:\/\/arantv.az\/wp-content\/uploads\/2024\/01\/420186814_1524100028163400_8508263138428982589_n.jpg",620,413,false],"1536x1536":["https:\/\/arantv.az\/wp-content\/uploads\/2024\/01\/420186814_1524100028163400_8508263138428982589_n.jpg",620,413,false],"2048x2048":["https:\/\/arantv.az\/wp-content\/uploads\/2024\/01\/420186814_1524100028163400_8508263138428982589_n.jpg",620,413,false],"post-thumbnail":["https:\/\/arantv.az\/wp-content\/uploads\/2024\/01\/420186814_1524100028163400_8508263138428982589_n-240x172.jpg",240,172,true],"advps-thumb-one":["https:\/\/arantv.az\/wp-content\/uploads\/2024\/01\/420186814_1524100028163400_8508263138428982589_n.jpg",620,413,false]},"rttpg_author":{"display_name":"V\u00fcsal Rafiqo\u011flu","author_link":"https:\/\/arantv.az\/?author=2"},"rttpg_comment":0,"rttpg_category":"<a href=\"https:\/\/arantv.az\/?cat=7\" rel=\"category\">D\u00fcnya<\/a>","rttpg_excerpt":"Erm\u0259nistan\u0131n ba\u015f naziri Nikol Pa\u015finyan v\u0259 \u0130ran\u0131n ali liderinin m\u00fc\u015faviri, \u0130ran\u0131n Xarici \u018flaq\u0259l\u0259r \u00fczr\u0259 Strateji \u015euras\u0131n\u0131n r\u0259hb\u0259ri Kamal X\u0259razi regiondak\u0131 v\u0259ziyy\u0259ti m\u00fczakir\u0259 edibl\u0259r. Erm\u0259nistan medias\u0131n\u0131n \u00f6lk\u0259 h\u00f6kum\u0259tinin m\u0259tbuat xidm\u0259tin\u0259 \u0259sas\u0259n yayd\u0131\u011f\u0131 m\u0259lumata g\u00f6r\u0259, g\u00f6r\u00fc\u015f zaman\u0131 Pa\u015finyan qeyd edib ki, o, \u0130ran prezidenti il\u0259 \u00f6lk\u0259l\u0259r aras\u0131nda ticar\u0259t h\u0259cminin art\u0131r\u0131lmas\u0131 \u00fc\u00e7\u00fcn ard\u0131c\u0131l add\u0131mlar atma\u011fa raz\u0131d\u0131r. T\u0259r\u0259fl\u0259r m\u00fcxt\u0259lif&hellip;","_links":{"self":[{"href":"https:\/\/arantv.az\/index.php?rest_route=\/wp\/v2\/posts\/685140"}],"collection":[{"href":"https:\/\/arantv.az\/index.php?rest_route=\/wp\/v2\/posts"}],"about":[{"href":"https:\/\/arantv.az\/index.php?rest_route=\/wp\/v2\/types\/post"}],"author":[{"embeddable":true,"href":"https:\/\/arantv.az\/index.php?rest_route=\/wp\/v2\/users\/2"}],"replies":[{"embeddable":true,"href":"https:\/\/arantv.az\/index.php?rest_route=%2Fwp%2Fv2%2Fcomments&post=685140"}],"version-history":[{"count":0,"href":"https:\/\/arantv.az\/index.php?rest_route=\/wp\/v2\/posts\/685140\/revisions"}],"wp:featuredmedia":[{"embeddable":true,"href":"https:\/\/arantv.az\/index.php?rest_route=\/wp\/v2\/media\/685141"}],"wp:attachment":[{"href":"https:\/\/arantv.az\/index.php?rest_route=%2Fwp%2Fv2%2Fmedia&parent=685140"}],"wp:term":[{"taxonomy":"category","embeddable":true,"href":"https:\/\/arantv.az\/index.php?rest_route=%2Fwp%2Fv2%2Fcategories&post=685140"},{"taxonomy":"post_tag","embeddable":true,"href":"https:\/\/arantv.az\/index.php?rest_route=%2Fwp%2Fv2%2Ftags&post=685140"}],"curies":[{"name":"wp","href":"https:\/\/api.w.org\/{rel}","templated":true}]}}