{"id":685146,"date":"2024-01-29T22:34:13","date_gmt":"2024-01-29T18:34:13","guid":{"rendered":"https:\/\/arantv.az\/?p=685146"},"modified":"2024-01-29T22:34:13","modified_gmt":"2024-01-29T18:34:13","slug":"z%c9%99f%c9%99r-seckisi-xalq-lider-birliyinin-q%c9%99l%c9%99b%c9%99sinin-novb%c9%99ti-numayisi-olacaq","status":"publish","type":"post","link":"https:\/\/arantv.az\/?p=685146","title":{"rendered":"Z\u0259f\u0259r se\u00e7kisi Xalq-Lider birliyinin q\u0259l\u0259b\u0259sinin n\u00f6vb\u0259ti n\u00fcmayi\u015fi olacaq!"},"content":{"rendered":"<p><strong>B\u0259rd\u0259 rayonunda se\u00e7icil\u0259rl\u0259 n\u00f6vb\u0259ti g\u00f6r\u00fc\u015f ke\u00e7irilib<\/strong><\/p>\n<p>2024-c\u00fc il fevral\u0131n 7-d\u0259 \u00f6lk\u0259mizd\u0259 ke\u00e7iril\u0259c\u0259k prezident se\u00e7kil\u0259ri il\u0259 \u0259laq\u0259dar Yeni Az\u0259rbaycan Partiyas\u0131 t\u0259r\u0259find\u0259n namiz\u0259dliyi ir\u0259li s\u00fcr\u00fclm\u00fc\u015f \u0130lham Heyd\u0259r o\u011flu \u018fliyevin se\u00e7kiqaba\u011f\u0131 t\u0259\u015fviqat kampaniyas\u0131 \u00e7\u0259r\u00e7iv\u0259sind\u0259 yanvar\u0131n 28-d\u0259 B\u0259rd\u0259 rayonunun Yeni \u018fyric\u0259, Mirzal\u0131b\u0259yli, K\u0259rimb\u0259yli k\u0259ndl\u0259rinin v\u0259 \u018fliyanl\u0131 k\u0259ndl\u0259rinin se\u00e7icil\u0259ri il\u0259 g\u00f6r\u00fc\u015f ke\u00e7irilib.<\/p>\n<p>\u018fvv\u0259lc\u0259 D\u00f6vl\u0259t Himni s\u0259sl\u0259ndirilib, Ulu \u00d6nd\u0259r Heyd\u0259r \u018fliyevin v\u0259 V\u0259t\u0259n u\u011frunda canlar\u0131ndan ke\u00e7\u0259n q\u0259hr\u0259man o\u011fullar\u0131n xatir\u0259si bir d\u0259qiq\u0259lik s\u00fckutla yad edilib.<\/p>\n<p>G\u00f6r\u00fc\u015fd\u0259 YAP B\u0259rd\u0259 rayon t\u0259\u015fkilat\u0131n\u0131n s\u0259dri Faq\u0259t \u015eadlinskaya, Milli M\u0259clisin deputat\u0131 Fatma Y\u0131ld\u0131r\u0131m, \u015f\u0259hid F\u0259xri Q\u0259ribzad\u0259nin anas\u0131 Mehpar\u0259 Q\u0259ribova, Birinci Qaraba\u011f m\u00fcharib\u0259si i\u015ftirak\u00e7\u0131s\u0131 G\u0259ray \u018fs\u0259dov \u00e7\u0131x\u0131\u015f edibl\u0259r. \u00c7\u0131x\u0131\u015flarda m\u00fcst\u0259qil Az\u0259rbaycan\u0131n tarixind\u0259 Qaraba\u011fla b\u00fct\u00f6vl\u0259\u015fmi\u015f respublikam\u0131z\u0131n b\u00fct\u00fcn \u0259razisind\u0259 bu se\u00e7kil\u0259rin bir ilk olaraq ke\u00e7iril\u0259c\u0259yin\u0259 diqq\u0259t \u00e7\u0259kilib. Ona g\u00f6r\u0259 d\u0259 qar\u015f\u0131dan g\u0259l\u0259n prezident se\u00e7kil\u0259ri haql\u0131 olaraq c\u0259miyy\u0259timiz t\u0259r\u0259find\u0259n Z\u0259f\u0259r se\u00e7kisi kimi d\u0259y\u0259rl\u0259ndirilir. Az\u0259rbaycan\u0131n \u201cZ\u0259f\u0259r se\u00e7kisi\u201d Qalib Liderimiz \u0130lham \u018fliyevin xalqla birliyinin m\u00f6ht\u0259\u015f\u0259m Q\u0259l\u0259b\u0259sinin v\u0259 t\u0259nt\u0259n\u0259sinin n\u00f6vb\u0259ti n\u00fcmayi\u015fi olacaq!<\/p>\n<p>Natiql\u0259r se\u00e7icil\u0259ri 7 fevral prezident se\u00e7kil\u0259rind\u0259 f\u0259al i\u015ftirak etm\u0259y\u0259 v\u0259 xalq\u0131m\u0131z\u0131 qalib xalq, d\u00f6vl\u0259timizi qalib d\u00f6vl\u0259t ed\u0259n qalib Lider, Yeni Az\u0259rbaycan Partiyas\u0131n\u0131n namiz\u0259di c\u0259nab \u0130lham \u018fliyev\u0259 s\u0259s verm\u0259y\u0259 \u00e7a\u011f\u0131r\u0131blar.<\/p>\n<p>G\u00f6r\u00fc\u015fl\u0259r zaman\u0131 \u00e7\u0131x\u0131\u015f ed\u0259n se\u00e7icil\u0259r fevral\u0131n 7-d\u0259 se\u00e7ki m\u0259nt\u0259q\u0259l\u0259rin\u0259 ged\u0259r\u0259k xalq\u0131m\u0131za Z\u0259f\u0259r sevinci ya\u015fadan M\u00fcz\u0259ff\u0259r Ali Ba\u015f Komandan \u0130lham \u018fliyev\u0259 s\u0259s\u00a0 ver\u0259c\u0259kl\u0259rini bildiribl\u0259r.<\/p>\n<p>T\u0259dbir Yeni Az\u0259rbaycan Partiyas\u0131n\u0131n Himninin s\u0259sl\u0259ndirilm\u0259si il\u0259 yekunla\u015f\u0131b.<\/p>\n<p>G\u00f6r\u00fc\u015fd\u0259n sonra \u00a0t\u0259\u015fviqat qrupunun \u00fczvl\u0259ri 97 ya\u015fl\u0131 Z\u0259rif\u0259 \u015eirinovan\u0131 ziyar\u0259t edib, t\u0259\u015fviqat i\u015fi evl\u0259rd\u0259 davam etdirilib.<\/p>\n<p><img loading=\"lazy\" class=\"alignnone size-full wp-image-685147\" src=\"https:\/\/arantv.az\/wp-content\/uploads\/2024\/01\/thumb-201.jpg\" alt=\"\" width=\"360\" height=\"239\" \/> <img loading=\"lazy\" class=\"alignnone size-medium wp-image-685148\" src=\"https:\/\/arantv.az\/wp-content\/uploads\/2024\/01\/thumb-202.jpg\" alt=\"\" width=\"188\" height=\"120\" \/> <img loading=\"lazy\" class=\"alignnone size-medium wp-image-685149\" src=\"https:\/\/arantv.az\/wp-content\/uploads\/2024\/01\/thumb-203.jpg\" alt=\"\" width=\"188\" height=\"120\" \/> <img loading=\"lazy\" class=\"alignnone size-medium wp-image-685150\" src=\"https:\/\/arantv.az\/wp-content\/uploads\/2024\/01\/thumb-204.jpg\" alt=\"\" width=\"188\" height=\"120\" \/> <img loading=\"lazy\" class=\"alignnone size-medium wp-image-685151\" src=\"https:\/\/arantv.az\/wp-content\/uploads\/2024\/01\/thumb-205.jpg\" alt=\"\" width=\"188\" height=\"120\" \/> <img loading=\"lazy\" class=\"alignnone size-medium wp-image-685152\" src=\"https:\/\/arantv.az\/wp-content\/uploads\/2024\/01\/thumb-206.jpg\" alt=\"\" width=\"188\" height=\"120\" \/> <img loading=\"lazy\" class=\"alignnone size-medium wp-image-685153\" src=\"https:\/\/arantv.az\/wp-content\/uploads\/2024\/01\/thumb-207.jpg\" alt=\"\" width=\"188\" height=\"120\" \/> <img loading=\"lazy\" class=\"alignnone size-medium wp-image-685154\" src=\"https:\/\/arantv.az\/wp-content\/uploads\/2024\/01\/thumb-208.jpg\" alt=\"\" width=\"188\" height=\"120\" \/> <img loading=\"lazy\" class=\"alignnone size-medium wp-image-685155\" src=\"https:\/\/arantv.az\/wp-content\/uploads\/2024\/01\/thumb-209.jpg\" alt=\"\" width=\"188\" height=\"120\" \/> <img loading=\"lazy\" class=\"alignnone size-medium wp-image-685156\" src=\"https:\/\/arantv.az\/wp-content\/uploads\/2024\/01\/thumb-210.jpg\" alt=\"\" width=\"188\" height=\"120\" \/> <img loading=\"lazy\" class=\"alignnone size-medium wp-image-685157\" src=\"https:\/\/arantv.az\/wp-content\/uploads\/2024\/01\/thumb-211.jpg\" alt=\"\" width=\"188\" height=\"120\" \/> <img loading=\"lazy\" class=\"alignnone size-medium wp-image-685158\" src=\"https:\/\/arantv.az\/wp-content\/uploads\/2024\/01\/thumb-212.jpg\" alt=\"\" width=\"188\" height=\"120\" \/><\/p>\n","protected":false},"excerpt":{"rendered":"<p>B\u0259rd\u0259 rayonunda se\u00e7icil\u0259rl\u0259 n\u00f6vb\u0259ti g\u00f6r\u00fc\u015f ke\u00e7irilib 2024-c\u00fc il fevral\u0131n 7-d\u0259 \u00f6lk\u0259mizd\u0259 ke\u00e7iril\u0259c\u0259k prezident se\u00e7kil\u0259ri il\u0259 \u0259laq\u0259dar Yeni Az\u0259rbaycan Partiyas\u0131 t\u0259r\u0259find\u0259n namiz\u0259dliyi ir\u0259li s\u00fcr\u00fclm\u00fc\u015f \u0130lham Heyd\u0259r o\u011flu \u018fliyevin se\u00e7kiqaba\u011f\u0131 t\u0259\u015fviqat kampaniyas\u0131 \u00e7\u0259r\u00e7iv\u0259sind\u0259 yanvar\u0131n 28-d\u0259 B\u0259rd\u0259 rayonunun Yeni \u018fyric\u0259, Mirzal\u0131b\u0259yli, K\u0259rimb\u0259yli k\u0259ndl\u0259rinin v\u0259 \u018fliyanl\u0131 k\u0259ndl\u0259rinin se\u00e7icil\u0259ri il\u0259 g\u00f6r\u00fc\u015f ke\u00e7irilib. \u018fvv\u0259lc\u0259 D\u00f6vl\u0259t Himni s\u0259sl\u0259ndirilib, Ulu \u00d6nd\u0259r Heyd\u0259r \u018fliyevin v\u0259 V\u0259t\u0259n u\u011frunda canlar\u0131ndan ke\u00e7\u0259n q\u0259hr\u0259man o\u011fullar\u0131n xatir\u0259si bir d\u0259qiq\u0259lik s\u00fckutla yad edilib. G\u00f6r\u00fc\u015fd\u0259 YAP B\u0259rd\u0259 rayon t\u0259\u015fkilat\u0131n\u0131n s\u0259dri Faq\u0259t \u015eadlinskaya, Milli M\u0259clisin deputat\u0131 Fatma Y\u0131ld\u0131r\u0131m, \u015f\u0259hid F\u0259xri Q\u0259ribzad\u0259nin anas\u0131 Mehpar\u0259 Q\u0259ribova, Birinci Qaraba\u011f m\u00fcharib\u0259si&hellip;<\/p>\n","protected":false},"author":2,"featured_media":685147,"comment_status":"closed","ping_status":"closed","sticky":false,"template":"","format":"standard","meta":{"om_disable_all_campaigns":false,"_monsterinsights_skip_tracking":false,"_monsterinsights_sitenote_active":false,"_monsterinsights_sitenote_note":"","_monsterinsights_sitenote_category":0},"categories":[2],"tags":[],"aioseo_notices":[],"gutentor_comment":0,"rttpg_featured_image_url":{"full":["https:\/\/arantv.az\/wp-content\/uploads\/2024\/01\/thumb-201.jpg",360,239,false],"landscape":["https:\/\/arantv.az\/wp-content\/uploads\/2024\/01\/thumb-201.jpg",360,239,false],"portraits":["https:\/\/arantv.az\/wp-content\/uploads\/2024\/01\/thumb-201.jpg",360,239,false],"thumbnail":["https:\/\/arantv.az\/wp-content\/uploads\/2024\/01\/thumb-201.jpg",360,239,false],"medium":["https:\/\/arantv.az\/wp-content\/uploads\/2024\/01\/thumb-201.jpg",360,239,false],"large":["https:\/\/arantv.az\/wp-content\/uploads\/2024\/01\/thumb-201.jpg",360,239,false],"1536x1536":["https:\/\/arantv.az\/wp-content\/uploads\/2024\/01\/thumb-201.jpg",360,239,false],"2048x2048":["https:\/\/arantv.az\/wp-content\/uploads\/2024\/01\/thumb-201.jpg",360,239,false],"post-thumbnail":["https:\/\/arantv.az\/wp-content\/uploads\/2024\/01\/thumb-201-240x172.jpg",240,172,true],"advps-thumb-one":["https:\/\/arantv.az\/wp-content\/uploads\/2024\/01\/thumb-201.jpg",360,239,false]},"rttpg_author":{"display_name":"V\u00fcsal Rafiqo\u011flu","author_link":"https:\/\/arantv.az\/?author=2"},"rttpg_comment":0,"rttpg_category":"<a href=\"https:\/\/arantv.az\/?cat=2\" rel=\"category\">Region X\u0259b\u0259rl\u0259ri<\/a>","rttpg_excerpt":"B\u0259rd\u0259 rayonunda se\u00e7icil\u0259rl\u0259 n\u00f6vb\u0259ti g\u00f6r\u00fc\u015f ke\u00e7irilib 2024-c\u00fc il fevral\u0131n 7-d\u0259 \u00f6lk\u0259mizd\u0259 ke\u00e7iril\u0259c\u0259k prezident se\u00e7kil\u0259ri il\u0259 \u0259laq\u0259dar Yeni Az\u0259rbaycan Partiyas\u0131 t\u0259r\u0259find\u0259n namiz\u0259dliyi ir\u0259li s\u00fcr\u00fclm\u00fc\u015f \u0130lham Heyd\u0259r o\u011flu \u018fliyevin se\u00e7kiqaba\u011f\u0131 t\u0259\u015fviqat kampaniyas\u0131 \u00e7\u0259r\u00e7iv\u0259sind\u0259 yanvar\u0131n 28-d\u0259 B\u0259rd\u0259 rayonunun Yeni \u018fyric\u0259, Mirzal\u0131b\u0259yli, K\u0259rimb\u0259yli k\u0259ndl\u0259rinin v\u0259 \u018fliyanl\u0131 k\u0259ndl\u0259rinin se\u00e7icil\u0259ri il\u0259 g\u00f6r\u00fc\u015f ke\u00e7irilib. \u018fvv\u0259lc\u0259 D\u00f6vl\u0259t Himni s\u0259sl\u0259ndirilib, Ulu \u00d6nd\u0259r Heyd\u0259r \u018fliyevin&hellip;","_links":{"self":[{"href":"https:\/\/arantv.az\/index.php?rest_route=\/wp\/v2\/posts\/685146"}],"collection":[{"href":"https:\/\/arantv.az\/index.php?rest_route=\/wp\/v2\/posts"}],"about":[{"href":"https:\/\/arantv.az\/index.php?rest_route=\/wp\/v2\/types\/post"}],"author":[{"embeddable":true,"href":"https:\/\/arantv.az\/index.php?rest_route=\/wp\/v2\/users\/2"}],"replies":[{"embeddable":true,"href":"https:\/\/arantv.az\/index.php?rest_route=%2Fwp%2Fv2%2Fcomments&post=685146"}],"version-history":[{"count":0,"href":"https:\/\/arantv.az\/index.php?rest_route=\/wp\/v2\/posts\/685146\/revisions"}],"wp:featuredmedia":[{"embeddable":true,"href":"https:\/\/arantv.az\/index.php?rest_route=\/wp\/v2\/media\/685147"}],"wp:attachment":[{"href":"https:\/\/arantv.az\/index.php?rest_route=%2Fwp%2Fv2%2Fmedia&parent=685146"}],"wp:term":[{"taxonomy":"category","embeddable":true,"href":"https:\/\/arantv.az\/index.php?rest_route=%2Fwp%2Fv2%2Fcategories&post=685146"},{"taxonomy":"post_tag","embeddable":true,"href":"https:\/\/arantv.az\/index.php?rest_route=%2Fwp%2Fv2%2Ftags&post=685146"}],"curies":[{"name":"wp","href":"https:\/\/api.w.org\/{rel}","templated":true}]}}