{"id":685164,"date":"2024-01-30T08:51:00","date_gmt":"2024-01-30T04:51:00","guid":{"rendered":"https:\/\/arantv.az\/?p=685164"},"modified":"2024-01-30T08:51:00","modified_gmt":"2024-01-30T04:51:00","slug":"lacinda-sakinl%c9%99rin-is-problemi-nec%c9%99-h%c9%99ll-edilir-musahib%c9%99-foto","status":"publish","type":"post","link":"https:\/\/arantv.az\/?p=685164","title":{"rendered":"La\u00e7\u0131nda sakinl\u0259rin i\u015f problemi nec\u0259 h\u0259ll edilir? &#8211; M\u00dcSAH\u0130B\u018f + FOTO"},"content":{"rendered":"<p>\u201cBir n\u00f6mr\u0259li v\u0259zif\u0259miz La\u00e7\u0131n sakinl\u0259rinin i\u015fl\u0259 t\u0259min olunmas\u0131d\u0131r\u2026\u201d.<\/p>\n<p>Bunu \u201cLa\u00e7\u0131n Abadl\u0131q Xidm\u0259ti\u201d ASC-nin direktoru N\u0259simi \u018fs\u0259dov\u00a0Moderator.az-a m\u00fcsahib\u0259si zaman\u0131 deyib.<\/p>\n<p><img src=\"https:\/\/cdn.oxu.az\/uploads\/W1siZiIsIjIwMjQvMDEvMzAvMDEvMDQvNTMvYmVkMzQ5MGEtN2VmZC00YjYyLTkyOTMtYjU0MzA4NTY4ZDU0LzE3MDY1NDYxNTZfbGFpbi1ob2F6LW1lbnplcmUuanBnIl0sWyJwIiwiZW5jb2RlIiwianBnIiwiLXF1YWxpdHkgODAiXSxbInAiLCJ0aHVtYiIsIjU5MHg1OTBcdTAwM2UiXV0?sha=a5d67a274e5c8cde\" alt=\"\" \/><\/p>\n<p><strong>&#8211; N\u0259simi m\u00fc\u0259llim, La\u00e7\u0131n \u015f\u0259h\u0259rind\u0259ki evl\u0259rin b\u0259rpas\u0131 v\u0259 sakinl\u0259rin yerl\u0259\u015fdirilm\u0259si zaman\u0131 kimins\u0259 ev yerinin ba\u015fqas\u0131na verilm\u0259si hallar\u0131 il\u0259 ba\u011fl\u0131 siz\u0259 konkret m\u00fcraci\u0259t olubmu?<\/strong><\/p>\n<p>&#8211; Xeyr,\u00a0biz\u0259 bel\u0259 m\u00fcraci\u0259tl\u0259r olmay\u0131b. Sad\u0259c\u0259,\u00a0hans\u0131sa \u0259razid\u0259n m\u00fc\u0259yy\u0259n d\u00f6vl\u0259t layih\u0259si \u00fczr\u0259 yol ke\u00e7\u0259 v\u0259 yaxud tikinti i\u015fl\u0259ri apar\u0131la bil\u0259r, y\u0259ni oradak\u0131 evl\u0259r plana d\u00fc\u015f\u0259 bil\u0259r.\u00a0M\u0259s\u0259l\u0259n, m\u0259nim La\u00e7\u0131ndak\u0131 \u00f6z ata evim qon\u015fuluqdak\u0131 dig\u0259r 18 evl\u0259 b\u0259rab\u0259r d\u00f6vl\u0259t layih\u0259si icra edil\u0259n \u0259raziy\u0259 d\u00fc\u015f\u00fcb. Bel\u0259 ki, orada b\u00f6y\u00fck bir park layih\u0259si icra edilir v\u0259 i\u00e7\u0259risind\u0259 erm\u0259ni vandalizmini \u0259ks etdir\u0259n muzey tikilir. H\u0259min muzeyd\u0259 i\u015f\u011fal vaxt\u0131 da\u011f\u0131d\u0131lm\u0131\u015f bir ne\u00e7\u0259 ev oldu\u011fu kimi saxlan\u0131lacaq. Y\u0259ni bel\u0259 olan halda art\u0131q sakinl\u0259rin evl\u0259rinin \u00f6z yerind\u0259 b\u0259rpas\u0131 m\u00fcmk\u00fcn olmur. Lakin bu halda h\u0259min sakinl\u0259r \u015f\u0259h\u0259rin dig\u0259r yerl\u0259rind\u0259 tikil\u0259c\u0259k evl\u0259rl\u0259 t\u0259min olunacaq.<\/p>\n<p><img src=\"https:\/\/cdn.oxu.az\/uploads\/W1siZiIsIjIwMjQvMDEvMzAvMDEvMDQvNTMvNWVmZDA2OWQtYzZlNi00YmFiLTg3NGEtOTViNjdiYmE0MjAwLzE3MDY1NDYyNDVfbGFpbi1zbGUtbWFtYS1rZTEuanBnIl0sWyJwIiwiZW5jb2RlIiwianBnIiwiLXF1YWxpdHkgODAiXSxbInAiLCJ0aHVtYiIsIjU5MHg1OTBcdTAwM2UiXV0?sha=eed81e004d4d2f8e\" alt=\"\" \/><\/p>\n<p><strong>&#8211; B\u0259z\u0259n\u00a0bel\u0259 \u015fikay\u0259tl\u0259r d\u0259 e\u015fidilir ki, hans\u0131sa sakinl\u0259rin evl\u0259ri i\u015f\u011faldan \u00f6nc\u0259ki evinin \u00f6l\u00e7\u00fcs\u00fcnd\u0259n \u00e7ox ki\u00e7ik v\u0259 ail\u0259 \u00fczvl\u0259rinin say\u0131na uy\u011fun olmayaraq tikilir\u2026\u00a0<\/strong><\/p>\n<p>&#8211; \u00d6nc\u0259 dediyimiz kimi, La\u00e7\u0131n \u015f\u0259h\u0259rind\u0259 evl\u0259r F\u00f6vq\u0259lad\u0259 Hallar Nazirliyinin r\u0259yi v\u0259 \u018fmlak Komit\u0259sinin verdiyi \u00f6l\u00e7\u00fcl\u0259r \u0259sas\u0131nda b\u0259rpa olunur. \u018fg\u0259r evl\u0259r i\u015f\u011faldan \u00f6nc\u0259ki \u00f6l\u00e7\u00fcs\u00fcn\u0259 uy\u011fun qal\u0131bsa, h\u0259min \u00f6l\u00e7\u00fcd\u0259 d\u0259 b\u0259rpa olunur. B\u0259z\u0259n b\u0259zi sakinl\u0259r deyirl\u0259r ki, bizim i\u015f\u011faldan \u0259vv\u0259l evim daha b\u00f6y\u00fck olub, \u0259lav\u0259 ota\u011f\u0131m\u0131z olub. D\u00fczd\u00fc, \u0259g\u0259r hans\u0131sa ail\u0259nin t\u0259rkibi geni\u015fl\u0259nibs\u0259, bu, D\u00f6vl\u0259t Qa\u00e7q\u0131nkom t\u0259r\u0259find\u0259n n\u0259z\u0259r\u0259 al\u0131n\u0131r v\u0259 o zaman h\u0259min ail\u0259 \u00fc\u00e7\u00fcn \u0259lav\u0259 otaqlar da tikilir.\u00a0Amma yax\u0131n g\u0259l\u0259c\u0259kd\u0259 art\u0131q tamamil\u0259 da\u011f\u0131d\u0131lm\u0131\u015f evl\u0259rin tikintisin\u0259 g\u0259ldikd\u0259, burada D\u00f6vl\u0259t Qa\u00e7q\u0131nkomun verdiyi siyah\u0131 \u0259sas\u0131nda h\u0259r bir ail\u0259nin t\u0259rkibi m\u0259lum oldu\u011fundan otaqlar\u0131n say\u0131 da ona uy\u011fun tikil\u0259c\u0259k. Hesab edir\u0259m ki, o zaman art\u0131q he\u00e7 bir sakin t\u0259r\u0259find\u0259n ciddi naraz\u0131l\u0131q olmayacaq.<\/p>\n<p><strong>&#8211; La\u00e7\u0131nda bina tipli mehmanxanalar\u0131n tikintisi n\u0259z\u0259rd\u0259 tutulubmu?<\/strong><\/p>\n<p>&#8211; B\u0259li, La\u00e7\u0131nda bina tipli hotell\u0259rin tikintisi n\u0259z\u0259rd\u0259 tutulub. Ancaq biz\u0259 r\u0259hb\u0259r qurumlardan konkret tap\u015f\u0131r\u0131q g\u0259lm\u0259yib. Bildiyim\u0259 g\u00f6r\u0259, yax\u0131n\u00a0vaxtlarda bel\u0259 mehmanxanalar\u0131n tikintisi ba\u015flanmal\u0131d\u0131r. Haz\u0131rda \u015f\u0259h\u0259rin m\u0259rk\u0259zind\u0259ki ke\u00e7mi\u015f ikim\u0259rt\u0259b\u0259li mehmanxana binas\u0131 v\u0259\u00a0dig\u0259r ikim\u0259rt\u0259b\u0259li binalardan biri hotel kimi b\u0259rpa olunur. S\u00f6hb\u0259t i\u015f\u011falad\u0259k Qar\u0131kahas\u0131 \u0259razisind\u0259 pe\u015f\u0259 m\u0259kt\u0259bi \u00fc\u00e7\u00fcn n\u0259z\u0259rd\u0259 tutulmu\u015f v\u0259 tikintisi yar\u0131m\u00e7\u0131q qalm\u0131\u015f binadan gedir. H\u0259min bina m\u00fcasir formada restavrasiya olunub tikil\u0259r\u0259k mehmanxana kimi istifad\u0259y\u0259 veril\u0259c\u0259k.<\/p>\n<p><strong>&#8211; Bildiyimiz\u0259 g\u00f6r\u0259, La\u00e7\u0131nda m\u0259skunla\u015fm\u0131\u015f \u0259halinin i\u015fl\u0259 t\u0259min olunmas\u0131 istiqam\u0259tind\u0259 d\u0259 \u00e7al\u0131\u015f\u0131rs\u0131z?<\/strong><\/p>\n<p><img src=\"https:\/\/cdn.oxu.az\/uploads\/W1siZiIsIjIwMjQvMDEvMzAvMDEvMDQvNTMvOTQ1ODI0M2UtZTI1Ni00OWQ3LTg1ZjQtYjZmOTFjZTI5Y2YwLzE3MDY1NDY0NDdfbGFpbi1xZXNzYWJ4YW5hLmpwZyJdLFsicCIsImVuY29kZSIsImpwZyIsIi1xdWFsaXR5IDgwIl0sWyJwIiwidGh1bWIiLCI1OTB4NTkwXHUwMDNlIl1d?sha=3a830a0a61e73c53\" alt=\"\" \/><\/p>\n<p>&#8211; B\u0259li, haz\u0131rda qar\u015f\u0131m\u0131zda duran bir n\u00f6mr\u0259li v\u0259zif\u0259 v\u0259 m\u0259s\u0259l\u0259l\u0259rd\u0259n biri La\u00e7\u0131n \u015f\u0259h\u0259rin\u0259 k\u00f6\u00e7\u00fcr\u00fclm\u00fc\u015f v\u0259t\u0259nda\u015flar\u0131n i\u015f yerl\u0259ri il\u0259 t\u0259min olunmas\u0131d\u0131r. Bununla ba\u011fl\u0131 \u201cBak\u0131 Abadl\u0131q Xidm\u0259ti\u201d t\u0259r\u0259find\u0259n evl\u0259rin b\u0259rpas\u0131 v\u0259 tikintisi il\u0259 yana\u015f\u0131, i\u015f yerl\u0259rinin yarad\u0131lmas\u0131 v\u0259zif\u0259sini d\u0259 h\u0259yata ke\u00e7irir. V\u0259 bu istiqam\u0259td\u0259 \u0259sas i\u015fl\u0259rd\u0259n biri \u015f\u0259h\u0259rin k\u0259nar hiss\u0259sind\u0259 aqropark\u0131n yarad\u0131lmas\u0131 oldu. Orada 46 m\u00fc\u0259ssis\u0259nin istifad\u0259y\u0259 verilm\u0259si n\u0259z\u0259rd\u0259 tutulub ki, bu is\u0259 \u00fcmumilikd\u0259 1200-\u0259 yax\u0131n i\u015f yeri dem\u0259kdir.\u00a0 Bu, b\u00f6y\u00fck bir layih\u0259dir. Art\u0131q bir ne\u00e7\u0259 m\u00fc\u0259ssis\u0259miz \u00f6t\u0259n ild\u0259n i\u015f\u0259 d\u00fc\u015f\u00fcb v\u0259\u00a0 La\u00e7\u0131n sakinl\u0259ri orada i\u015f\u0259 q\u0259bul olunublar. Yeni il \u0259r\u0259f\u0259sind\u0259 d\u0259 daha iki yeni m\u00fc\u0259ssis\u0259 i\u015f\u0259 d\u00fc\u015fd\u00fc: xal\u00e7a\u00e7\u0131l\u0131q emalatxanas\u0131 v\u0259 keramik qablar\u0131n istehsal\u0131 sexi. 2024-c\u00fc ilin ilk ay\u0131nda is\u0259 breket istehsal\u0131, dam \u00f6rt\u00fckl\u0259rinin istehsal\u0131, yuyucu vasit\u0259l\u0259rin istehsal\u0131 m\u00fc\u0259ssis\u0259l\u0259ri i\u015f\u0259 ba\u015flay\u0131b. Bu g\u00fcnl\u0259rd\u0259 ayaqqab\u0131 fabriki d\u0259 i\u015f\u0259 d\u00fc\u015fm\u0259lidir. Bulvara yax\u0131n \u0259razid\u0259 d\u0259 tiki\u015f sexinin a\u00e7\u0131lmas\u0131 v\u0259 35 xan\u0131m\u0131n i\u015fl\u0259 t\u0259min edilm\u0259si n\u0259z\u0259rd\u0259 tutulub. Bir s\u00f6zl\u0259, biz tikinti v\u0259 b\u0259rpa i\u015fl\u0259ri il\u0259 yana\u015f\u0131, \u015f\u0259h\u0259r sakinl\u0259rinin i\u015fl\u0259 t\u0259min olunmas\u0131 v\u0259 onlar\u0131n rifah hal\u0131n\u0131 y\u00fcks\u0259ldilm\u0259si \u00fc\u00e7\u00fcn d\u0259 \u0259limizd\u0259n g\u0259l\u0259ni edirik.<\/p>\n<p><strong>&#8211; N\u0259simi m\u00fc\u0259llim, sizin \u00f6z i\u015fl\u0259rinizd\u0259, y\u0259ni \u015f\u0259h\u0259rin b\u0259rpa-quruculuq i\u015fl\u0259rind\u0259 hans\u0131 \u00e7\u0259tinlikl\u0259r var?\u00a0Y\u0259qin ki, \u0259sas \u00e7\u0259tinlikl\u0259r ke\u00e7mi\u015fd\u0259 qal\u0131b?<\/strong><\/p>\n<p><img src=\"https:\/\/cdn.oxu.az\/uploads\/W1siZiIsIjIwMjQvMDEvMzAvMDEvMDQvNTMvMGU1YWJlZTgtNDg4YS00ZGI5LTg3NGMtNTJmY2Y1NmUxMzE0LzE3MDY1NDY1MjZfbGFpbi14YWxhaWxpcTIuanBnIl0sWyJwIiwiZW5jb2RlIiwianBnIiwiLXF1YWxpdHkgODAiXSxbInAiLCJ0aHVtYiIsIjU5MHg1OTBcdTAwM2UiXV0?sha=66b3859b16628d5a\" alt=\"\" \/><\/p>\n<p>&#8211; B\u0259li, dem\u0259k olar ki, \u0259sas \u00e7\u0259tinlikl\u0259ri ke\u00e7mi\u015fik.\u00a0V\u0259 Allah\u0131n bu g\u00fcn\u00fcn\u0259 \u015f\u00fck\u00fcrl\u0259r olsun ki, La\u00e7\u0131n \u015f\u0259h\u0259rind\u0259 ya\u015fay\u0131b-i\u015fl\u0259yirik. He\u00e7 bir \u00e7\u0259tinlik bizi qorxutmur. Ham\u0131m\u0131z\u0131n on ill\u0259rl\u0259 \u00fcr\u0259yind\u0259 olan arzusu, ist\u0259yi c\u0259nab Prezidentin r\u0259hb\u0259rliyi alt\u0131nda h\u0259yata ke\u00e7irildi v\u0259 torpaqlar\u0131m\u0131z i\u015f\u011faldan tam azad olundu. F\u0259xr edir\u0259m ki,\u00a044 g\u00fcnl\u00fck sava\u015f d\u00f6vr\u00fcnd\u0259 \u00f6z\u00fcm d\u0259 bir zabit kimi i\u015ftirak etmi\u015f\u0259m.<\/p>\n<p><img src=\"https:\/\/cdn.oxu.az\/uploads\/W1siZiIsIjIwMjQvMDEvMzAvMDEvMDQvNTIvZDNiZTVjMzEtZTRiMi00Y2NkLWFjNGEtY2MwMDFkMjMwNDBlLzE3MDY1NDkxMzRfbGFpbi1heHNhbS1ldmxlci5qcGciXSxbInAiLCJlbmNvZGUiLCJqcGciLCItcXVhbGl0eSA4MCJdLFsicCIsInRodW1iIiwiNTkweDU5MFx1MDAzZSJdXQ?sha=b080edbca9af2c9c\" alt=\"\" \/><\/p>\n<p><strong>&#8211; \u0130\u015f\u0259 ba\u015flad\u0131\u011f\u0131n\u0131z ilk g\u00fcnl\u0259r La\u00e7\u0131nda elektrik enerjisi t\u0259minat\u0131 y\u0259qin, \u00e7ox z\u0259if idi\u2026<\/strong><\/p>\n<p>&#8211; B\u0259li, \u015f\u0259h\u0259rin \u00e7ox c\u00fczi bir hiss\u0259sind\u0259, \u0259sas\u0259n indiki Bayraq meydan\u0131nda haz\u0131rda bizim ofisimiz yerl\u0259\u015fdiyi \u201cpo\u00e7t\u201d deyil\u0259n m\u0259kanad\u0259k k\u00fc\u00e7\u0259 i\u015f\u0131qlanmas\u0131 var idi. M\u0259hz elektrik, su, istilik probleml\u0259ri s\u0259b\u0259bind\u0259n La\u00e7\u0131n\u0131n b\u0259rpas\u0131 \u00fc\u00e7\u00fcn i\u015f\u00e7i q\u00fcvv\u0259sinin s\u0259f\u0259rb\u0259r olunmas\u0131 da iki ayad\u0259k s\u00fcrd\u00fc. V\u0259 Allaha \u015f\u00fck\u00fcr ki, bu g\u00fcn art\u0131q h\u0259min \u00e7\u0259tinlikl\u0259r yoxdur.<\/p>\n","protected":false},"excerpt":{"rendered":"<p>\u201cBir n\u00f6mr\u0259li v\u0259zif\u0259miz La\u00e7\u0131n sakinl\u0259rinin i\u015fl\u0259 t\u0259min olunmas\u0131d\u0131r\u2026\u201d. Bunu \u201cLa\u00e7\u0131n Abadl\u0131q Xidm\u0259ti\u201d ASC-nin direktoru N\u0259simi \u018fs\u0259dov\u00a0Moderator.az-a m\u00fcsahib\u0259si zaman\u0131 deyib. &#8211; N\u0259simi m\u00fc\u0259llim, La\u00e7\u0131n \u015f\u0259h\u0259rind\u0259ki evl\u0259rin b\u0259rpas\u0131 v\u0259 sakinl\u0259rin yerl\u0259\u015fdirilm\u0259si zaman\u0131 kimins\u0259 ev yerinin ba\u015fqas\u0131na verilm\u0259si hallar\u0131 il\u0259 ba\u011fl\u0131 siz\u0259 konkret m\u00fcraci\u0259t olubmu? &#8211; Xeyr,\u00a0biz\u0259 bel\u0259 m\u00fcraci\u0259tl\u0259r olmay\u0131b. Sad\u0259c\u0259,\u00a0hans\u0131sa \u0259razid\u0259n m\u00fc\u0259yy\u0259n d\u00f6vl\u0259t layih\u0259si \u00fczr\u0259 yol ke\u00e7\u0259 v\u0259 yaxud tikinti i\u015fl\u0259ri apar\u0131la bil\u0259r, y\u0259ni oradak\u0131 evl\u0259r plana d\u00fc\u015f\u0259 bil\u0259r.\u00a0M\u0259s\u0259l\u0259n, m\u0259nim La\u00e7\u0131ndak\u0131 \u00f6z ata evim qon\u015fuluqdak\u0131 dig\u0259r 18 evl\u0259 b\u0259rab\u0259r d\u00f6vl\u0259t layih\u0259si icra edil\u0259n \u0259raziy\u0259 d\u00fc\u015f\u00fcb. Bel\u0259 ki, orada b\u00f6y\u00fck bir park layih\u0259si&hellip;<\/p>\n","protected":false},"author":2,"featured_media":685165,"comment_status":"closed","ping_status":"closed","sticky":false,"template":"","format":"standard","meta":{"om_disable_all_campaigns":false,"_monsterinsights_skip_tracking":false,"_monsterinsights_sitenote_active":false,"_monsterinsights_sitenote_note":"","_monsterinsights_sitenote_category":0},"categories":[1],"tags":[],"aioseo_notices":[],"gutentor_comment":0,"rttpg_featured_image_url":{"full":["https:\/\/arantv.az\/wp-content\/uploads\/2024\/01\/1706546590_lain-xalailiq.jpg",620,413,false],"landscape":["https:\/\/arantv.az\/wp-content\/uploads\/2024\/01\/1706546590_lain-xalailiq.jpg",620,413,false],"portraits":["https:\/\/arantv.az\/wp-content\/uploads\/2024\/01\/1706546590_lain-xalailiq.jpg",620,413,false],"thumbnail":["https:\/\/arantv.az\/wp-content\/uploads\/2024\/01\/1706546590_lain-xalailiq-500x280.jpg",500,280,true],"medium":["https:\/\/arantv.az\/wp-content\/uploads\/2024\/01\/1706546590_lain-xalailiq-548x365.jpg",548,365,true],"large":["https:\/\/arantv.az\/wp-content\/uploads\/2024\/01\/1706546590_lain-xalailiq.jpg",620,413,false],"1536x1536":["https:\/\/arantv.az\/wp-content\/uploads\/2024\/01\/1706546590_lain-xalailiq.jpg",620,413,false],"2048x2048":["https:\/\/arantv.az\/wp-content\/uploads\/2024\/01\/1706546590_lain-xalailiq.jpg",620,413,false],"post-thumbnail":["https:\/\/arantv.az\/wp-content\/uploads\/2024\/01\/1706546590_lain-xalailiq-240x172.jpg",240,172,true],"advps-thumb-one":["https:\/\/arantv.az\/wp-content\/uploads\/2024\/01\/1706546590_lain-xalailiq.jpg",620,413,false]},"rttpg_author":{"display_name":"V\u00fcsal Rafiqo\u011flu","author_link":"https:\/\/arantv.az\/?author=2"},"rttpg_comment":0,"rttpg_category":"<a href=\"https:\/\/arantv.az\/?cat=1\" rel=\"category\">C\u0259miyy\u0259t<\/a>","rttpg_excerpt":"\u201cBir n\u00f6mr\u0259li v\u0259zif\u0259miz La\u00e7\u0131n sakinl\u0259rinin i\u015fl\u0259 t\u0259min olunmas\u0131d\u0131r\u2026\u201d. Bunu \u201cLa\u00e7\u0131n Abadl\u0131q Xidm\u0259ti\u201d ASC-nin direktoru N\u0259simi \u018fs\u0259dov\u00a0Moderator.az-a m\u00fcsahib\u0259si zaman\u0131 deyib. &#8211; N\u0259simi m\u00fc\u0259llim, La\u00e7\u0131n \u015f\u0259h\u0259rind\u0259ki evl\u0259rin b\u0259rpas\u0131 v\u0259 sakinl\u0259rin yerl\u0259\u015fdirilm\u0259si zaman\u0131 kimins\u0259 ev yerinin ba\u015fqas\u0131na verilm\u0259si hallar\u0131 il\u0259 ba\u011fl\u0131 siz\u0259 konkret m\u00fcraci\u0259t olubmu? &#8211; Xeyr,\u00a0biz\u0259 bel\u0259 m\u00fcraci\u0259tl\u0259r olmay\u0131b. Sad\u0259c\u0259,\u00a0hans\u0131sa \u0259razid\u0259n m\u00fc\u0259yy\u0259n d\u00f6vl\u0259t layih\u0259si \u00fczr\u0259 yol ke\u00e7\u0259&hellip;","_links":{"self":[{"href":"https:\/\/arantv.az\/index.php?rest_route=\/wp\/v2\/posts\/685164"}],"collection":[{"href":"https:\/\/arantv.az\/index.php?rest_route=\/wp\/v2\/posts"}],"about":[{"href":"https:\/\/arantv.az\/index.php?rest_route=\/wp\/v2\/types\/post"}],"author":[{"embeddable":true,"href":"https:\/\/arantv.az\/index.php?rest_route=\/wp\/v2\/users\/2"}],"replies":[{"embeddable":true,"href":"https:\/\/arantv.az\/index.php?rest_route=%2Fwp%2Fv2%2Fcomments&post=685164"}],"version-history":[{"count":0,"href":"https:\/\/arantv.az\/index.php?rest_route=\/wp\/v2\/posts\/685164\/revisions"}],"wp:featuredmedia":[{"embeddable":true,"href":"https:\/\/arantv.az\/index.php?rest_route=\/wp\/v2\/media\/685165"}],"wp:attachment":[{"href":"https:\/\/arantv.az\/index.php?rest_route=%2Fwp%2Fv2%2Fmedia&parent=685164"}],"wp:term":[{"taxonomy":"category","embeddable":true,"href":"https:\/\/arantv.az\/index.php?rest_route=%2Fwp%2Fv2%2Fcategories&post=685164"},{"taxonomy":"post_tag","embeddable":true,"href":"https:\/\/arantv.az\/index.php?rest_route=%2Fwp%2Fv2%2Ftags&post=685164"}],"curies":[{"name":"wp","href":"https:\/\/api.w.org\/{rel}","templated":true}]}}