{"id":685170,"date":"2024-01-30T08:52:24","date_gmt":"2024-01-30T04:52:24","guid":{"rendered":"https:\/\/arantv.az\/?p=685170"},"modified":"2024-01-30T08:52:24","modified_gmt":"2024-01-30T04:52:24","slug":"s%c9%99hid-atasi-oglunun-son-z%c9%99ngind%c9%99n-danisdi-video","status":"publish","type":"post","link":"https:\/\/arantv.az\/?p=685170","title":{"rendered":"\u015e\u0259hid atas\u0131 o\u011flunun son z\u0259ngind\u0259n DANI\u015eDI &#8211; V\u0130DEO"},"content":{"rendered":"<article class=\"news\">\n<div class=\"news-inner\">\n<p>\u201cV\u0259t\u0259n m\u00fcharib\u0259si ba\u015flayanda\u00a0\u015eah\u0259li \u015e\u0131x\u0131yevin\u00a021 ya\u015f\u0131 var idi. H\u0259qiqi h\u0259rbi xidm\u0259ti bir il \u0259vv\u0259l ba\u015fa vurmu\u015fdu. \u00c7a\u011f\u0131r\u0131\u015f g\u0259l\u0259nd\u0259 is\u0259 sevin\u0259r\u0259k c\u0259bh\u0259y\u0259 yolland\u0131\u201d.<\/p>\n<p>Bu s\u00f6zl\u0259ri \u015f\u0259hid\u00a0\u015eah\u0259li \u015e\u0131xayevin atas\u0131 \u018fflatun \u015e\u0131x\u0131yev\u00a0\u201dAzTV X\u0259b\u0259r\u201d\u0259 m\u00fcsahib\u0259si zaman\u0131 deyib.<\/p>\n<p>O bildirib ki, o\u011flunun d\u00f6y\u00fc\u015f yolu\u00a0F\u00fczulid\u0259n ba\u015flay\u0131b,\u00a0C\u0259bray\u0131l v\u0259 Qubadl\u0131 istiqam\u0259tl\u0259rind\u0259 ged\u0259n d\u00f6y\u00fc\u015fl\u0259r\u0259d\u0259k davam edib:<\/p>\n<p>\u201cTelefonla dan\u0131\u015fd\u0131\u011f\u0131m\u0131z zaman s\u0259si \u00e7ox xo\u015f g\u0259lirdi. \u201cM\u0259nd\u0259n narahat olmay\u0131n\u201d dey\u0259rdi\u201d.<\/p>\n<p>Qeyd ed\u0259k ki, ll V\u0259t\u0259n m\u00fcharib\u0259sind\u0259 q\u0259hr\u0259mancas\u0131na \u015f\u0259hid olan\u00a0\u015eah\u0259li\u00a0\u018fflatun o\u011flu \u015e\u0131x\u0131yev\u00a01999-cu il may ay\u0131n\u0131n 1-d\u0259 \u0130mi\u015fli rayonunun Qaraqa\u015fl\u0131 k\u0259ndind\u0259 anadan olub.<\/p>\n<p>Az\u0259rbaycan\u0131n \u0259razi b\u00fct\u00f6vl\u00fcy\u00fcn\u00fcn t\u0259min edilm\u0259si u\u011frunda d\u00f6y\u00fc\u015f \u0259m\u0259liyyatlar\u0131na qat\u0131lan v\u0259 h\u0259rbi hiss\u0259 qar\u015f\u0131s\u0131nda qoyulmu\u015f tap\u015f\u0131r\u0131qlar\u0131n icras\u0131 zaman\u0131 v\u0259zif\u0259 borcunu \u015f\u0259r\u0259fl\u0259 yerin\u0259 yetirdiyi \u00fc\u00e7\u00fcn\u00a0Az\u0259rbaycan Prezidenti\u00a0<strong>\u0130lham \u018fliyevin<\/strong>\u00a015.12.2020-ci il tarixli S\u0259r\u0259ncam\u0131na \u0259sas\u0259n \u015eah\u0259li \u015e\u0131x\u0131yev \u00f6l\u00fcm\u00fcnd\u0259n sonra\u00a0\u201dV\u0259t\u0259n u\u011frunda\u201d, \u201cC\u0259bray\u0131l\u0131n azad olunmas\u0131na g\u00f6r\u0259\u201d, \u201cQubadl\u0131n\u0131n azad olunmas\u0131na g\u00f6r\u0259\u201d, \u201cC\u0259sur d\u00f6y\u00fc\u015f\u00e7\u00fc\u201d medallar\u0131\u00a0il\u0259 t\u0259ltif edilib.<\/p>\n<p>\u018ftrafl\u0131 s\u00fcjetd\u0259:<\/p>\n<div><iframe loading=\"lazy\" title=\"YouTube video player\" src=\"https:\/\/www.youtube.com\/embed\/oLVfihE84W8?si=zM9P1LJRQ3Vg7Ehh\" width=\"560\" height=\"315\" frameborder=\"0\" allowfullscreen=\"allowfullscreen\" data-mce-fragment=\"1\"><\/iframe><\/div>\n<\/div>\n<\/article>\n","protected":false},"excerpt":{"rendered":"<p>\u201cV\u0259t\u0259n m\u00fcharib\u0259si ba\u015flayanda\u00a0\u015eah\u0259li \u015e\u0131x\u0131yevin\u00a021 ya\u015f\u0131 var idi. H\u0259qiqi h\u0259rbi xidm\u0259ti bir il \u0259vv\u0259l ba\u015fa vurmu\u015fdu. \u00c7a\u011f\u0131r\u0131\u015f g\u0259l\u0259nd\u0259 is\u0259 sevin\u0259r\u0259k c\u0259bh\u0259y\u0259 yolland\u0131\u201d. Bu s\u00f6zl\u0259ri \u015f\u0259hid\u00a0\u015eah\u0259li \u015e\u0131xayevin atas\u0131 \u018fflatun \u015e\u0131x\u0131yev\u00a0\u201dAzTV X\u0259b\u0259r\u201d\u0259 m\u00fcsahib\u0259si zaman\u0131 deyib. O bildirib ki, o\u011flunun d\u00f6y\u00fc\u015f yolu\u00a0F\u00fczulid\u0259n ba\u015flay\u0131b,\u00a0C\u0259bray\u0131l v\u0259 Qubadl\u0131 istiqam\u0259tl\u0259rind\u0259 ged\u0259n d\u00f6y\u00fc\u015fl\u0259r\u0259d\u0259k davam edib: \u201cTelefonla dan\u0131\u015fd\u0131\u011f\u0131m\u0131z zaman s\u0259si \u00e7ox xo\u015f g\u0259lirdi. \u201cM\u0259nd\u0259n narahat olmay\u0131n\u201d dey\u0259rdi\u201d. Qeyd ed\u0259k ki, ll V\u0259t\u0259n m\u00fcharib\u0259sind\u0259 q\u0259hr\u0259mancas\u0131na \u015f\u0259hid olan\u00a0\u015eah\u0259li\u00a0\u018fflatun o\u011flu \u015e\u0131x\u0131yev\u00a01999-cu il may ay\u0131n\u0131n 1-d\u0259 \u0130mi\u015fli rayonunun Qaraqa\u015fl\u0131 k\u0259ndind\u0259 anadan olub. Az\u0259rbaycan\u0131n \u0259razi b\u00fct\u00f6vl\u00fcy\u00fcn\u00fcn t\u0259min edilm\u0259si u\u011frunda d\u00f6y\u00fc\u015f \u0259m\u0259liyyatlar\u0131na qat\u0131lan v\u0259 h\u0259rbi hiss\u0259&hellip;<\/p>\n","protected":false},"author":2,"featured_media":685171,"comment_status":"closed","ping_status":"closed","sticky":false,"template":"","format":"standard","meta":{"om_disable_all_campaigns":false,"_monsterinsights_skip_tracking":false,"_monsterinsights_sitenote_active":false,"_monsterinsights_sitenote_note":"","_monsterinsights_sitenote_category":0},"categories":[1],"tags":[],"aioseo_notices":[],"gutentor_comment":0,"rttpg_featured_image_url":{"full":["https:\/\/arantv.az\/wp-content\/uploads\/2024\/01\/FotoJet-18-9.jpg",620,413,false],"landscape":["https:\/\/arantv.az\/wp-content\/uploads\/2024\/01\/FotoJet-18-9.jpg",620,413,false],"portraits":["https:\/\/arantv.az\/wp-content\/uploads\/2024\/01\/FotoJet-18-9.jpg",620,413,false],"thumbnail":["https:\/\/arantv.az\/wp-content\/uploads\/2024\/01\/FotoJet-18-9-500x280.jpg",500,280,true],"medium":["https:\/\/arantv.az\/wp-content\/uploads\/2024\/01\/FotoJet-18-9-548x365.jpg",548,365,true],"large":["https:\/\/arantv.az\/wp-content\/uploads\/2024\/01\/FotoJet-18-9.jpg",620,413,false],"1536x1536":["https:\/\/arantv.az\/wp-content\/uploads\/2024\/01\/FotoJet-18-9.jpg",620,413,false],"2048x2048":["https:\/\/arantv.az\/wp-content\/uploads\/2024\/01\/FotoJet-18-9.jpg",620,413,false],"post-thumbnail":["https:\/\/arantv.az\/wp-content\/uploads\/2024\/01\/FotoJet-18-9-240x172.jpg",240,172,true],"advps-thumb-one":["https:\/\/arantv.az\/wp-content\/uploads\/2024\/01\/FotoJet-18-9.jpg",620,413,false]},"rttpg_author":{"display_name":"V\u00fcsal Rafiqo\u011flu","author_link":"https:\/\/arantv.az\/?author=2"},"rttpg_comment":0,"rttpg_category":"<a href=\"https:\/\/arantv.az\/?cat=1\" rel=\"category\">C\u0259miyy\u0259t<\/a>","rttpg_excerpt":"\u201cV\u0259t\u0259n m\u00fcharib\u0259si ba\u015flayanda\u00a0\u015eah\u0259li \u015e\u0131x\u0131yevin\u00a021 ya\u015f\u0131 var idi. H\u0259qiqi h\u0259rbi xidm\u0259ti bir il \u0259vv\u0259l ba\u015fa vurmu\u015fdu. \u00c7a\u011f\u0131r\u0131\u015f g\u0259l\u0259nd\u0259 is\u0259 sevin\u0259r\u0259k c\u0259bh\u0259y\u0259 yolland\u0131\u201d. Bu s\u00f6zl\u0259ri \u015f\u0259hid\u00a0\u015eah\u0259li \u015e\u0131xayevin atas\u0131 \u018fflatun \u015e\u0131x\u0131yev\u00a0\u201dAzTV X\u0259b\u0259r\u201d\u0259 m\u00fcsahib\u0259si zaman\u0131 deyib. O bildirib ki, o\u011flunun d\u00f6y\u00fc\u015f yolu\u00a0F\u00fczulid\u0259n ba\u015flay\u0131b,\u00a0C\u0259bray\u0131l v\u0259 Qubadl\u0131 istiqam\u0259tl\u0259rind\u0259 ged\u0259n d\u00f6y\u00fc\u015fl\u0259r\u0259d\u0259k davam edib: \u201cTelefonla dan\u0131\u015fd\u0131\u011f\u0131m\u0131z zaman s\u0259si \u00e7ox xo\u015f g\u0259lirdi. \u201cM\u0259nd\u0259n narahat&hellip;","_links":{"self":[{"href":"https:\/\/arantv.az\/index.php?rest_route=\/wp\/v2\/posts\/685170"}],"collection":[{"href":"https:\/\/arantv.az\/index.php?rest_route=\/wp\/v2\/posts"}],"about":[{"href":"https:\/\/arantv.az\/index.php?rest_route=\/wp\/v2\/types\/post"}],"author":[{"embeddable":true,"href":"https:\/\/arantv.az\/index.php?rest_route=\/wp\/v2\/users\/2"}],"replies":[{"embeddable":true,"href":"https:\/\/arantv.az\/index.php?rest_route=%2Fwp%2Fv2%2Fcomments&post=685170"}],"version-history":[{"count":0,"href":"https:\/\/arantv.az\/index.php?rest_route=\/wp\/v2\/posts\/685170\/revisions"}],"wp:featuredmedia":[{"embeddable":true,"href":"https:\/\/arantv.az\/index.php?rest_route=\/wp\/v2\/media\/685171"}],"wp:attachment":[{"href":"https:\/\/arantv.az\/index.php?rest_route=%2Fwp%2Fv2%2Fmedia&parent=685170"}],"wp:term":[{"taxonomy":"category","embeddable":true,"href":"https:\/\/arantv.az\/index.php?rest_route=%2Fwp%2Fv2%2Fcategories&post=685170"},{"taxonomy":"post_tag","embeddable":true,"href":"https:\/\/arantv.az\/index.php?rest_route=%2Fwp%2Fv2%2Ftags&post=685170"}],"curies":[{"name":"wp","href":"https:\/\/api.w.org\/{rel}","templated":true}]}}