{"id":685174,"date":"2024-01-30T08:52:56","date_gmt":"2024-01-30T04:52:56","guid":{"rendered":"https:\/\/arantv.az\/?p=685174"},"modified":"2024-01-30T08:52:56","modified_gmt":"2024-01-30T04:52:56","slug":"%c9%99sir-dusm%c9%99m%c9%99k-ucun-qumbara-il%c9%99-ozunu-v%c9%99-dusm%c9%99nl%c9%99ri-partladan-az%c9%99rbaycanli-rejissor-video","status":"publish","type":"post","link":"https:\/\/arantv.az\/?p=685174","title":{"rendered":"\u018fsir d\u00fc\u015fm\u0259m\u0259k \u00fc\u00e7\u00fcn qumbara il\u0259 \u00f6z\u00fcn\u00fc v\u0259 d\u00fc\u015fm\u0259nl\u0259ri partladan az\u0259rbaycanl\u0131 rejissor &#8211; V\u0130DEO"},"content":{"rendered":"<article class=\"news\">\n<div class=\"news-inner\">\n<p>1992-ci il iyunun 30-da A\u011fd\u0259r\u0259 \u015f\u0259h\u0259ri u\u011frunda d\u00f6y\u00fc\u015fl\u0259r zaman\u0131 q\u0259hr\u0259mancas\u0131na h\u0259lak olan rejissor Vaqif \u018fhm\u0259dovun do\u011fum g\u00fcn\u00fcd\u00fcr.<\/p>\n<p>Baku TV \u015f\u0259hid rejissor haqq\u0131nda reportaj haz\u0131rlay\u0131b.<\/p>\n<p>T\u0259l\u0259b\u0259 yolda\u015f\u0131 il\u0259 ba\u011fl\u0131 xatir\u0259l\u0259rini b\u00f6l\u00fc\u015f\u0259n \u018fm\u0259kdar artist Dilar\u0259 \u018fliyeva bildirib ki, Vaqif t\u0259l\u0259b\u0259lik d\u00f6vr\u00fcnd\u0259 \u00f6z istedad\u0131 il\u0259 ham\u0131dan f\u0259rql\u0259nib:<\/p>\n<p>\u201cS\u00f6hb\u0259tl\u0259rimiz olurdu. M\u0259n ona b\u00f6y\u00fck heyranl\u0131qla qulaq as\u0131rd\u0131m. Vaqif m\u0259nim g\u00f6z\u00fcmd\u0259 g\u0259l\u0259c\u0259yin \u0259n b\u00f6y\u00fck rejissoru idi\u201d.<\/p>\n<p>S\u0259n\u0259t\u015f\u00fcnasl\u0131q \u00fczr\u0259 f\u0259ls\u0259f\u0259 doktoru El\u00e7in \u018flib\u0259yli is\u0259 V.\u018fhm\u0259dovun c\u0259bh\u0259y\u0259 yollanmas\u0131ndan b\u0259hs edib:<\/p>\n<p>\u201cXocal\u0131 faci\u0259sind\u0259n sonra biz\u0259 g\u0259lmi\u015fdi. Valideynl\u0259riml\u0259 g\u00f6r\u00fc\u015fd\u00fc. Dedil\u0259r ki, s\u0259n rejissorsan, c\u0259bh\u0259n ba\u015fqad\u0131r, m\u00fcharib\u0259y\u0259 getm\u0259. Vaqif is\u0259 dedi ki, Xocal\u0131dan sonra m\u0259n rejissorluq ed\u0259 bil\u0259r\u0259m?\u00a0Qisas almal\u0131yam ki, i\u00e7im soyusun\u201d.<\/p>\n<p>\u015e\u0259hidin d\u00f6y\u00fc\u015f yolda\u015f\u0131 R\u00f6v\u015f\u0259n Z\u00fclf\u00fcqar is\u0259 onun q\u0259hr\u0259manl\u0131\u011f\u0131ndan dan\u0131\u015f\u0131b:<\/p>\n<p>\u201cQ\u0259lp\u0259 yaras\u0131 alm\u0131\u015fd\u0131. Qumbaras\u0131n\u0131 \u0259lind\u0259 haz\u0131r v\u0259ziyy\u0259td\u0259 saxlam\u0131\u015fd\u0131. D\u00fc\u015fm\u0259n onu \u0259sir g\u00f6t\u00fcrm\u0259y\u0259 g\u0259l\u0259n zaman qumbaran\u0131 partladaraq \u00f6z\u00fc il\u0259 birlikd\u0259 onlar\u0131n da h\u0259yat\u0131na son qoydu\u201d.<\/p>\n<p>\u018ftrafl\u0131 s\u00fcjetd\u0259:<\/p>\n<div><iframe loading=\"lazy\" title=\"YouTube video player\" src=\"https:\/\/www.youtube.com\/embed\/jSXOr2VSI34?si=0DJbbWXvRG__FtrH\" width=\"560\" height=\"315\" frameborder=\"0\" allowfullscreen=\"allowfullscreen\" data-mce-fragment=\"1\"><\/iframe><\/div>\n<\/div>\n<\/article>\n","protected":false},"excerpt":{"rendered":"<p>1992-ci il iyunun 30-da A\u011fd\u0259r\u0259 \u015f\u0259h\u0259ri u\u011frunda d\u00f6y\u00fc\u015fl\u0259r zaman\u0131 q\u0259hr\u0259mancas\u0131na h\u0259lak olan rejissor Vaqif \u018fhm\u0259dovun do\u011fum g\u00fcn\u00fcd\u00fcr. Baku TV \u015f\u0259hid rejissor haqq\u0131nda reportaj haz\u0131rlay\u0131b. T\u0259l\u0259b\u0259 yolda\u015f\u0131 il\u0259 ba\u011fl\u0131 xatir\u0259l\u0259rini b\u00f6l\u00fc\u015f\u0259n \u018fm\u0259kdar artist Dilar\u0259 \u018fliyeva bildirib ki, Vaqif t\u0259l\u0259b\u0259lik d\u00f6vr\u00fcnd\u0259 \u00f6z istedad\u0131 il\u0259 ham\u0131dan f\u0259rql\u0259nib: \u201cS\u00f6hb\u0259tl\u0259rimiz olurdu. M\u0259n ona b\u00f6y\u00fck heyranl\u0131qla qulaq as\u0131rd\u0131m. Vaqif m\u0259nim g\u00f6z\u00fcmd\u0259 g\u0259l\u0259c\u0259yin \u0259n b\u00f6y\u00fck rejissoru idi\u201d. S\u0259n\u0259t\u015f\u00fcnasl\u0131q \u00fczr\u0259 f\u0259ls\u0259f\u0259 doktoru El\u00e7in \u018flib\u0259yli is\u0259 V.\u018fhm\u0259dovun c\u0259bh\u0259y\u0259 yollanmas\u0131ndan b\u0259hs edib: \u201cXocal\u0131 faci\u0259sind\u0259n sonra biz\u0259 g\u0259lmi\u015fdi. Valideynl\u0259riml\u0259 g\u00f6r\u00fc\u015fd\u00fc. Dedil\u0259r ki, s\u0259n rejissorsan, c\u0259bh\u0259n ba\u015fqad\u0131r, m\u00fcharib\u0259y\u0259 getm\u0259. Vaqif is\u0259 dedi&hellip;<\/p>\n","protected":false},"author":2,"featured_media":685175,"comment_status":"closed","ping_status":"closed","sticky":false,"template":"","format":"standard","meta":{"om_disable_all_campaigns":false,"_monsterinsights_skip_tracking":false,"_monsterinsights_sitenote_active":false,"_monsterinsights_sitenote_note":"","_monsterinsights_sitenote_category":0},"categories":[1],"tags":[],"aioseo_notices":[],"gutentor_comment":0,"rttpg_featured_image_url":{"full":["https:\/\/arantv.az\/wp-content\/uploads\/2024\/01\/FotorCreated.jpg",620,413,false],"landscape":["https:\/\/arantv.az\/wp-content\/uploads\/2024\/01\/FotorCreated.jpg",620,413,false],"portraits":["https:\/\/arantv.az\/wp-content\/uploads\/2024\/01\/FotorCreated.jpg",620,413,false],"thumbnail":["https:\/\/arantv.az\/wp-content\/uploads\/2024\/01\/FotorCreated-500x280.jpg",500,280,true],"medium":["https:\/\/arantv.az\/wp-content\/uploads\/2024\/01\/FotorCreated-548x365.jpg",548,365,true],"large":["https:\/\/arantv.az\/wp-content\/uploads\/2024\/01\/FotorCreated.jpg",620,413,false],"1536x1536":["https:\/\/arantv.az\/wp-content\/uploads\/2024\/01\/FotorCreated.jpg",620,413,false],"2048x2048":["https:\/\/arantv.az\/wp-content\/uploads\/2024\/01\/FotorCreated.jpg",620,413,false],"post-thumbnail":["https:\/\/arantv.az\/wp-content\/uploads\/2024\/01\/FotorCreated-240x172.jpg",240,172,true],"advps-thumb-one":["https:\/\/arantv.az\/wp-content\/uploads\/2024\/01\/FotorCreated.jpg",620,413,false]},"rttpg_author":{"display_name":"V\u00fcsal Rafiqo\u011flu","author_link":"https:\/\/arantv.az\/?author=2"},"rttpg_comment":0,"rttpg_category":"<a href=\"https:\/\/arantv.az\/?cat=1\" rel=\"category\">C\u0259miyy\u0259t<\/a>","rttpg_excerpt":"1992-ci il iyunun 30-da A\u011fd\u0259r\u0259 \u015f\u0259h\u0259ri u\u011frunda d\u00f6y\u00fc\u015fl\u0259r zaman\u0131 q\u0259hr\u0259mancas\u0131na h\u0259lak olan rejissor Vaqif \u018fhm\u0259dovun do\u011fum g\u00fcn\u00fcd\u00fcr. Baku TV \u015f\u0259hid rejissor haqq\u0131nda reportaj haz\u0131rlay\u0131b. T\u0259l\u0259b\u0259 yolda\u015f\u0131 il\u0259 ba\u011fl\u0131 xatir\u0259l\u0259rini b\u00f6l\u00fc\u015f\u0259n \u018fm\u0259kdar artist Dilar\u0259 \u018fliyeva bildirib ki, Vaqif t\u0259l\u0259b\u0259lik d\u00f6vr\u00fcnd\u0259 \u00f6z istedad\u0131 il\u0259 ham\u0131dan f\u0259rql\u0259nib: \u201cS\u00f6hb\u0259tl\u0259rimiz olurdu. M\u0259n ona b\u00f6y\u00fck heyranl\u0131qla qulaq as\u0131rd\u0131m. Vaqif m\u0259nim g\u00f6z\u00fcmd\u0259&hellip;","_links":{"self":[{"href":"https:\/\/arantv.az\/index.php?rest_route=\/wp\/v2\/posts\/685174"}],"collection":[{"href":"https:\/\/arantv.az\/index.php?rest_route=\/wp\/v2\/posts"}],"about":[{"href":"https:\/\/arantv.az\/index.php?rest_route=\/wp\/v2\/types\/post"}],"author":[{"embeddable":true,"href":"https:\/\/arantv.az\/index.php?rest_route=\/wp\/v2\/users\/2"}],"replies":[{"embeddable":true,"href":"https:\/\/arantv.az\/index.php?rest_route=%2Fwp%2Fv2%2Fcomments&post=685174"}],"version-history":[{"count":0,"href":"https:\/\/arantv.az\/index.php?rest_route=\/wp\/v2\/posts\/685174\/revisions"}],"wp:featuredmedia":[{"embeddable":true,"href":"https:\/\/arantv.az\/index.php?rest_route=\/wp\/v2\/media\/685175"}],"wp:attachment":[{"href":"https:\/\/arantv.az\/index.php?rest_route=%2Fwp%2Fv2%2Fmedia&parent=685174"}],"wp:term":[{"taxonomy":"category","embeddable":true,"href":"https:\/\/arantv.az\/index.php?rest_route=%2Fwp%2Fv2%2Fcategories&post=685174"},{"taxonomy":"post_tag","embeddable":true,"href":"https:\/\/arantv.az\/index.php?rest_route=%2Fwp%2Fv2%2Ftags&post=685174"}],"curies":[{"name":"wp","href":"https:\/\/api.w.org\/{rel}","templated":true}]}}