{"id":685193,"date":"2024-01-30T18:47:22","date_gmt":"2024-01-30T14:47:22","guid":{"rendered":"https:\/\/arantv.az\/?p=685193"},"modified":"2024-01-30T18:47:22","modified_gmt":"2024-01-30T14:47:22","slug":"qarabagda-torpaq-islahatinin-aparilmasina-dair-t%c9%99klifl%c9%99r-hazirlanir","status":"publish","type":"post","link":"https:\/\/arantv.az\/?p=685193","title":{"rendered":"Qaraba\u011fda torpaq islahat\u0131n\u0131n apar\u0131lmas\u0131na dair t\u0259klifl\u0259r haz\u0131rlan\u0131r"},"content":{"rendered":"<p>Az\u0259rbaycan\u0131n i\u015f\u011faldan azad edilmi\u015f \u0259razil\u0259rind\u0259 m\u0259skunla\u015fan v\u0259t\u0259nda\u015flar\u0131n istifad\u0259sin\u0259 torpaqlar\u0131n verilm\u0259si istiqam\u0259tind\u0259 m\u00fczakir\u0259l\u0259r apar\u0131l\u0131r.<\/p>\n<p>\u201cReport\u201d x\u0259b\u0259r verir ki, bunu jurnalistl\u0259r\u0259 a\u00e7\u0131qlamas\u0131nda \u0130qtisadiyyat Nazirliyi yan\u0131nda \u018fmlak M\u0259s\u0259l\u0259l\u0259ri D\u00f6vl\u0259t Xidm\u0259tinin r\u0259is m\u00fcavini R\u00fcst\u0259m \u015eahbazov bildirib.<\/p>\n<p>O, bununla ba\u011fl\u0131 \u018flaq\u0259l\u0259ndirm\u0259 \u015euras\u0131n\u0131n n\u0259zdind\u0259 i\u015f\u00e7i qrupunun yarad\u0131ld\u0131\u011f\u0131n\u0131 v\u0259 D\u00f6vl\u0259t Xidm\u0259tinin d\u0259 orada t\u0259msil olundu\u011funu qeyd edib: \u201cH\u0259min formala\u015fm\u0131\u015f istifad\u0259\u00e7ilik bazas\u0131nda da g\u0259l\u0259c\u0259kd\u0259 torpaq islahat\u0131n\u0131n h\u0259yata ke\u00e7irilm\u0259si konsepsiyas\u0131na dair t\u0259klifl\u0259r haz\u0131rlan\u0131r. K\u0259nd T\u0259s\u0259rr\u00fcfat\u0131 Nazirliyinin t\u0259qdim etdiyi layih\u0259l\u0259r i\u015f\u00e7i qrupunda m\u00fczakir\u0259 olunub, y\u0259qin ki, yax\u0131n g\u00fcnl\u0259rd\u0259 ictimaiyy\u0259t\u0259 a\u00e7\u0131qlanacaq\u201d.<\/p>\n","protected":false},"excerpt":{"rendered":"<p>Az\u0259rbaycan\u0131n i\u015f\u011faldan azad edilmi\u015f \u0259razil\u0259rind\u0259 m\u0259skunla\u015fan v\u0259t\u0259nda\u015flar\u0131n istifad\u0259sin\u0259 torpaqlar\u0131n verilm\u0259si istiqam\u0259tind\u0259 m\u00fczakir\u0259l\u0259r apar\u0131l\u0131r. \u201cReport\u201d x\u0259b\u0259r verir ki, bunu jurnalistl\u0259r\u0259 a\u00e7\u0131qlamas\u0131nda \u0130qtisadiyyat Nazirliyi yan\u0131nda \u018fmlak M\u0259s\u0259l\u0259l\u0259ri D\u00f6vl\u0259t Xidm\u0259tinin r\u0259is m\u00fcavini R\u00fcst\u0259m \u015eahbazov bildirib. O, bununla ba\u011fl\u0131 \u018flaq\u0259l\u0259ndirm\u0259 \u015euras\u0131n\u0131n n\u0259zdind\u0259 i\u015f\u00e7i qrupunun yarad\u0131ld\u0131\u011f\u0131n\u0131 v\u0259 D\u00f6vl\u0259t Xidm\u0259tinin d\u0259 orada t\u0259msil olundu\u011funu qeyd edib: \u201cH\u0259min formala\u015fm\u0131\u015f istifad\u0259\u00e7ilik bazas\u0131nda da g\u0259l\u0259c\u0259kd\u0259 torpaq islahat\u0131n\u0131n h\u0259yata ke\u00e7irilm\u0259si konsepsiyas\u0131na dair t\u0259klifl\u0259r haz\u0131rlan\u0131r. K\u0259nd T\u0259s\u0259rr\u00fcfat\u0131 Nazirliyinin t\u0259qdim etdiyi layih\u0259l\u0259r i\u015f\u00e7i qrupunda m\u00fczakir\u0259 olunub, y\u0259qin ki, yax\u0131n g\u00fcnl\u0259rd\u0259 ictimaiyy\u0259t\u0259 a\u00e7\u0131qlanacaq\u201d.<\/p>\n","protected":false},"author":2,"featured_media":681480,"comment_status":"closed","ping_status":"closed","sticky":false,"template":"","format":"standard","meta":{"om_disable_all_campaigns":false,"_monsterinsights_skip_tracking":false,"_monsterinsights_sitenote_active":false,"_monsterinsights_sitenote_note":"","_monsterinsights_sitenote_category":0},"categories":[1],"tags":[],"aioseo_notices":[],"gutentor_comment":0,"rttpg_featured_image_url":{"full":["https:\/\/arantv.az\/wp-content\/uploads\/2024\/01\/qarabag2.jpg",1200,900,false],"landscape":["https:\/\/arantv.az\/wp-content\/uploads\/2024\/01\/qarabag2.jpg",1200,900,false],"portraits":["https:\/\/arantv.az\/wp-content\/uploads\/2024\/01\/qarabag2.jpg",1200,900,false],"thumbnail":["https:\/\/arantv.az\/wp-content\/uploads\/2024\/01\/qarabag2-500x280.jpg",500,280,true],"medium":["https:\/\/arantv.az\/wp-content\/uploads\/2024\/01\/qarabag2-487x365.jpg",487,365,true],"large":["https:\/\/arantv.az\/wp-content\/uploads\/2024\/01\/qarabag2-840x630.jpg",640,480,true],"1536x1536":["https:\/\/arantv.az\/wp-content\/uploads\/2024\/01\/qarabag2.jpg",1200,900,false],"2048x2048":["https:\/\/arantv.az\/wp-content\/uploads\/2024\/01\/qarabag2.jpg",1200,900,false],"post-thumbnail":["https:\/\/arantv.az\/wp-content\/uploads\/2024\/01\/qarabag2-240x172.jpg",240,172,true],"advps-thumb-one":["https:\/\/arantv.az\/wp-content\/uploads\/2024\/01\/qarabag2-1200x620.jpg",1200,620,true]},"rttpg_author":{"display_name":"V\u00fcsal Rafiqo\u011flu","author_link":"https:\/\/arantv.az\/?author=2"},"rttpg_comment":0,"rttpg_category":"<a href=\"https:\/\/arantv.az\/?cat=1\" rel=\"category\">C\u0259miyy\u0259t<\/a>","rttpg_excerpt":"Az\u0259rbaycan\u0131n i\u015f\u011faldan azad edilmi\u015f \u0259razil\u0259rind\u0259 m\u0259skunla\u015fan v\u0259t\u0259nda\u015flar\u0131n istifad\u0259sin\u0259 torpaqlar\u0131n verilm\u0259si istiqam\u0259tind\u0259 m\u00fczakir\u0259l\u0259r apar\u0131l\u0131r. \u201cReport\u201d x\u0259b\u0259r verir ki, bunu jurnalistl\u0259r\u0259 a\u00e7\u0131qlamas\u0131nda \u0130qtisadiyyat Nazirliyi yan\u0131nda \u018fmlak M\u0259s\u0259l\u0259l\u0259ri D\u00f6vl\u0259t Xidm\u0259tinin r\u0259is m\u00fcavini R\u00fcst\u0259m \u015eahbazov bildirib. O, bununla ba\u011fl\u0131 \u018flaq\u0259l\u0259ndirm\u0259 \u015euras\u0131n\u0131n n\u0259zdind\u0259 i\u015f\u00e7i qrupunun yarad\u0131ld\u0131\u011f\u0131n\u0131 v\u0259 D\u00f6vl\u0259t Xidm\u0259tinin d\u0259 orada t\u0259msil olundu\u011funu qeyd edib: \u201cH\u0259min formala\u015fm\u0131\u015f istifad\u0259\u00e7ilik bazas\u0131nda da&hellip;","_links":{"self":[{"href":"https:\/\/arantv.az\/index.php?rest_route=\/wp\/v2\/posts\/685193"}],"collection":[{"href":"https:\/\/arantv.az\/index.php?rest_route=\/wp\/v2\/posts"}],"about":[{"href":"https:\/\/arantv.az\/index.php?rest_route=\/wp\/v2\/types\/post"}],"author":[{"embeddable":true,"href":"https:\/\/arantv.az\/index.php?rest_route=\/wp\/v2\/users\/2"}],"replies":[{"embeddable":true,"href":"https:\/\/arantv.az\/index.php?rest_route=%2Fwp%2Fv2%2Fcomments&post=685193"}],"version-history":[{"count":0,"href":"https:\/\/arantv.az\/index.php?rest_route=\/wp\/v2\/posts\/685193\/revisions"}],"wp:featuredmedia":[{"embeddable":true,"href":"https:\/\/arantv.az\/index.php?rest_route=\/wp\/v2\/media\/681480"}],"wp:attachment":[{"href":"https:\/\/arantv.az\/index.php?rest_route=%2Fwp%2Fv2%2Fmedia&parent=685193"}],"wp:term":[{"taxonomy":"category","embeddable":true,"href":"https:\/\/arantv.az\/index.php?rest_route=%2Fwp%2Fv2%2Fcategories&post=685193"},{"taxonomy":"post_tag","embeddable":true,"href":"https:\/\/arantv.az\/index.php?rest_route=%2Fwp%2Fv2%2Ftags&post=685193"}],"curies":[{"name":"wp","href":"https:\/\/api.w.org\/{rel}","templated":true}]}}