{"id":685194,"date":"2024-01-30T18:47:24","date_gmt":"2024-01-30T14:47:24","guid":{"rendered":"https:\/\/arantv.az\/?p=685194"},"modified":"2024-01-30T18:47:24","modified_gmt":"2024-01-30T14:47:24","slug":"az%c9%99rbaycan-s%c9%99firi-etimadnam%c9%99sini-cin-liderin%c9%99-t%c9%99qdim-edib","status":"publish","type":"post","link":"https:\/\/arantv.az\/?p=685194","title":{"rendered":"Az\u0259rbaycan s\u0259firi etimadnam\u0259sini \u00c7in liderin\u0259 t\u0259qdim edib"},"content":{"rendered":"<p>\u00c7in Xalq Respublikas\u0131n\u0131n S\u0259dri Si Cinpin Az\u0259rbaycan\u0131n bu \u00f6lk\u0259y\u0259 yeni t\u0259yin olunmu\u015f s\u0259firi B\u00fcnyad H\u00fcseynovun etimadnam\u0259sini q\u0259bul edib.<\/p>\n<p>Bu bar\u0259d\u0259 Xinhua \u0130nformasiya Agentliyi m\u0259lumat yay\u0131b.<\/p>\n<p>M\u0259lumata \u0259sas\u0259n, Si Cinpin bu g\u00fcn bir ne\u00e7\u0259 \u00f6lk\u0259nin, o c\u00fcml\u0259d\u0259n Az\u0259rbaycan Respublikas\u0131n\u0131n \u00c7in Xalq Respublikas\u0131ndak\u0131 s\u0259firi B\u00fcnyad H\u00fcseynovun etimadnam\u0259sini q\u0259bul edib.<\/p>\n<p>Qeyd ed\u0259k ki, Prezident\u00a0<strong>\u0130lham \u018fliyev<\/strong>\u00a02023-c\u00fc il avqustun 29-da B\u00fcnyad S\u0259m\u0259d o\u011flu H\u00fcseynovun Az\u0259rbaycan\u0131n \u00c7ind\u0259ki f\u00f6vq\u0259lad\u0259 v\u0259 s\u0259lahiyy\u0259tli s\u0259firi t\u0259yin edilm\u0259si haqq\u0131nda S\u0259r\u0259ncam imzalay\u0131b.<\/p>\n","protected":false},"excerpt":{"rendered":"<p>\u00c7in Xalq Respublikas\u0131n\u0131n S\u0259dri Si Cinpin Az\u0259rbaycan\u0131n bu \u00f6lk\u0259y\u0259 yeni t\u0259yin olunmu\u015f s\u0259firi B\u00fcnyad H\u00fcseynovun etimadnam\u0259sini q\u0259bul edib. Bu bar\u0259d\u0259 Xinhua \u0130nformasiya Agentliyi m\u0259lumat yay\u0131b. M\u0259lumata \u0259sas\u0259n, Si Cinpin bu g\u00fcn bir ne\u00e7\u0259 \u00f6lk\u0259nin, o c\u00fcml\u0259d\u0259n Az\u0259rbaycan Respublikas\u0131n\u0131n \u00c7in Xalq Respublikas\u0131ndak\u0131 s\u0259firi B\u00fcnyad H\u00fcseynovun etimadnam\u0259sini q\u0259bul edib. Qeyd ed\u0259k ki, Prezident\u00a0\u0130lham \u018fliyev\u00a02023-c\u00fc il avqustun 29-da B\u00fcnyad S\u0259m\u0259d o\u011flu H\u00fcseynovun Az\u0259rbaycan\u0131n \u00c7ind\u0259ki f\u00f6vq\u0259lad\u0259 v\u0259 s\u0259lahiyy\u0259tli s\u0259firi t\u0259yin edilm\u0259si haqq\u0131nda S\u0259r\u0259ncam imzalay\u0131b.<\/p>\n","protected":false},"author":2,"featured_media":685195,"comment_status":"closed","ping_status":"closed","sticky":false,"template":"","format":"standard","meta":{"om_disable_all_campaigns":false,"_monsterinsights_skip_tracking":false,"_monsterinsights_sitenote_active":false,"_monsterinsights_sitenote_note":"","_monsterinsights_sitenote_category":0},"categories":[4],"tags":[],"aioseo_notices":[],"gutentor_comment":0,"rttpg_featured_image_url":{"full":["https:\/\/arantv.az\/wp-content\/uploads\/2024\/01\/FotoJet-57.jpg",620,413,false],"landscape":["https:\/\/arantv.az\/wp-content\/uploads\/2024\/01\/FotoJet-57.jpg",620,413,false],"portraits":["https:\/\/arantv.az\/wp-content\/uploads\/2024\/01\/FotoJet-57.jpg",620,413,false],"thumbnail":["https:\/\/arantv.az\/wp-content\/uploads\/2024\/01\/FotoJet-57-500x280.jpg",500,280,true],"medium":["https:\/\/arantv.az\/wp-content\/uploads\/2024\/01\/FotoJet-57-548x365.jpg",548,365,true],"large":["https:\/\/arantv.az\/wp-content\/uploads\/2024\/01\/FotoJet-57.jpg",620,413,false],"1536x1536":["https:\/\/arantv.az\/wp-content\/uploads\/2024\/01\/FotoJet-57.jpg",620,413,false],"2048x2048":["https:\/\/arantv.az\/wp-content\/uploads\/2024\/01\/FotoJet-57.jpg",620,413,false],"post-thumbnail":["https:\/\/arantv.az\/wp-content\/uploads\/2024\/01\/FotoJet-57-240x172.jpg",240,172,true],"advps-thumb-one":["https:\/\/arantv.az\/wp-content\/uploads\/2024\/01\/FotoJet-57.jpg",620,413,false]},"rttpg_author":{"display_name":"V\u00fcsal Rafiqo\u011flu","author_link":"https:\/\/arantv.az\/?author=2"},"rttpg_comment":0,"rttpg_category":"<a href=\"https:\/\/arantv.az\/?cat=4\" rel=\"category\">Siyas\u0259t<\/a>","rttpg_excerpt":"\u00c7in Xalq Respublikas\u0131n\u0131n S\u0259dri Si Cinpin Az\u0259rbaycan\u0131n bu \u00f6lk\u0259y\u0259 yeni t\u0259yin olunmu\u015f s\u0259firi B\u00fcnyad H\u00fcseynovun etimadnam\u0259sini q\u0259bul edib. Bu bar\u0259d\u0259 Xinhua \u0130nformasiya Agentliyi m\u0259lumat yay\u0131b. M\u0259lumata \u0259sas\u0259n, Si Cinpin bu g\u00fcn bir ne\u00e7\u0259 \u00f6lk\u0259nin, o c\u00fcml\u0259d\u0259n Az\u0259rbaycan Respublikas\u0131n\u0131n \u00c7in Xalq Respublikas\u0131ndak\u0131 s\u0259firi B\u00fcnyad H\u00fcseynovun etimadnam\u0259sini q\u0259bul edib. Qeyd ed\u0259k ki, Prezident\u00a0\u0130lham \u018fliyev\u00a02023-c\u00fc il avqustun 29-da&hellip;","_links":{"self":[{"href":"https:\/\/arantv.az\/index.php?rest_route=\/wp\/v2\/posts\/685194"}],"collection":[{"href":"https:\/\/arantv.az\/index.php?rest_route=\/wp\/v2\/posts"}],"about":[{"href":"https:\/\/arantv.az\/index.php?rest_route=\/wp\/v2\/types\/post"}],"author":[{"embeddable":true,"href":"https:\/\/arantv.az\/index.php?rest_route=\/wp\/v2\/users\/2"}],"replies":[{"embeddable":true,"href":"https:\/\/arantv.az\/index.php?rest_route=%2Fwp%2Fv2%2Fcomments&post=685194"}],"version-history":[{"count":0,"href":"https:\/\/arantv.az\/index.php?rest_route=\/wp\/v2\/posts\/685194\/revisions"}],"wp:featuredmedia":[{"embeddable":true,"href":"https:\/\/arantv.az\/index.php?rest_route=\/wp\/v2\/media\/685195"}],"wp:attachment":[{"href":"https:\/\/arantv.az\/index.php?rest_route=%2Fwp%2Fv2%2Fmedia&parent=685194"}],"wp:term":[{"taxonomy":"category","embeddable":true,"href":"https:\/\/arantv.az\/index.php?rest_route=%2Fwp%2Fv2%2Fcategories&post=685194"},{"taxonomy":"post_tag","embeddable":true,"href":"https:\/\/arantv.az\/index.php?rest_route=%2Fwp%2Fv2%2Ftags&post=685194"}],"curies":[{"name":"wp","href":"https:\/\/api.w.org\/{rel}","templated":true}]}}