{"id":685199,"date":"2024-01-30T18:48:01","date_gmt":"2024-01-30T14:48:01","guid":{"rendered":"https:\/\/arantv.az\/?p=685199"},"modified":"2024-01-30T18:48:01","modified_gmt":"2024-01-30T14:48:01","slug":"iqtisadiyyat-nazirliyi-il%c9%99-islam-inkisaf-banki-arasinda-anlasma-memorandumu-imzalanib-yenil%c9%99nib-foto","status":"publish","type":"post","link":"https:\/\/arantv.az\/?p=685199","title":{"rendered":"\u0130qtisadiyyat Nazirliyi il\u0259 \u0130slam \u0130nki\u015faf Bank\u0131 aras\u0131nda anla\u015fma memorandumu imzalan\u0131b &#8211; YEN\u0130L\u018fN\u0130B + FOTO"},"content":{"rendered":"<p>\u0130qtisadiyyat Nazirliyi v\u0259 \u0130slam \u0130nki\u015faf Bank\u0131 aras\u0131nda \u201cAz\u0259rbaycan \u00fc\u00e7\u00fcn \u00d6lk\u0259 \u00fczr\u0259 \u018fm\u0259kda\u015fl\u0131q \u00c7\u0259r\u00e7iv\u0259sinin haz\u0131rlanmas\u0131na dair Anla\u015fma Memorandumu\u201dnun videokonfrans format\u0131nda imzalanma m\u0259rasimi ke\u00e7irilib.<\/p>\n<p>Bununla ba\u011fl\u0131 \u0130qtisadiyyat Nazirliyi m\u0259lumat yay\u0131b.<\/p>\n<p>S\u0259n\u0259di iqtisadiyyat naziri Mikay\u0131l Cabbarov v\u0259 \u0130slam \u0130nki\u015faf Bank\u0131 Qrupunun prezidenti M\u0259h\u0259mm\u0259d S\u00fcleyman \u018fl-Casir imzalay\u0131blar.<\/p>\n<p>T\u0259dbird\u0259 iqtisadiyyat naziri Mikay\u0131l Cabbarov \u0130slam \u0130nki\u015faf Bank\u0131n\u0131n (\u0130\u0130B) d\u00f6vl\u0259t v\u0259 \u00f6z\u0259l sektorun inki\u015faf\u0131 istiqam\u0259tind\u0259 \u00f6lk\u0259miz\u0259 g\u00f6st\u0259rdiyi d\u0259st\u0259yi vur\u011fulay\u0131b, Az\u0259rbaycan\u0131n \u0130\u0130B Qrupuna daxil olan institutlarla \u0259m\u0259kda\u015fl\u0131\u011fa \u00f6n\u0259m verdiyini diqq\u0259t\u0259 \u00e7atd\u0131r\u0131b.<\/p>\n<p>\u00d6lk\u0259 \u00fczr\u0259 \u018fm\u0259kda\u015fl\u0131q \u00c7\u0259r\u00e7iv\u0259 s\u0259n\u0259di Az\u0259rbaycan-\u0130\u0130B \u0259m\u0259kda\u015fl\u0131\u011f\u0131nda yeni d\u00f6vr\u00fcn ba\u015flan\u011f\u0131c\u0131 kimi d\u0259y\u0259rl\u0259ndirilib. S\u0259n\u0259din icras\u0131n\u0131n ya\u015f\u0131l v\u0259 dayan\u0131ql\u0131 infrastrukturun inki\u015faf\u0131na, iqtisadiyyat\u0131n \u015fax\u0259l\u0259ndirilm\u0259si v\u0259 r\u0259q\u0259msal transformasiyaya stimul ver\u0259c\u0259yi qeyd olunub. Bildirilib ki, s\u0259n\u0259d\u0259 uy\u011fun olaraq g\u00f6r\u00fcl\u0259c\u0259k i\u015fl\u0259r t\u0259r\u0259fl\u0259r aras\u0131nda \u0259m\u0259kda\u015fl\u0131\u011f\u0131 v\u0259 \u00f6lk\u0259mizin sosial-iqtisadi inki\u015faf h\u0259d\u0259fl\u0259ri istiqam\u0259tind\u0259 birg\u0259 f\u0259aliyy\u0259ti g\u00fccl\u0259ndir\u0259c\u0259k.<\/p>\n<p>\u0130slam \u0130nki\u015faf Bank\u0131 Qrupunun prezidenti M\u0259h\u0259mm\u0259d S\u00fcleyman \u018fl-Casir Az\u0259rbaycanda h\u0259yata ke\u00e7iril\u0259n islahatlar\u0131n v\u0259 ya\u015f\u0131l iqtisadiyyata ke\u00e7idl\u0259 ba\u011fl\u0131 realla\u015fd\u0131r\u0131lan layih\u0259l\u0259rin \u0130\u0130B t\u0259r\u0259find\u0259n d\u0259st\u0259kl\u0259ndiyini vur\u011fulay\u0131b. M\u0259h\u0259mm\u0259d S\u00fcleyman \u018fl-Casir \u00d6lk\u0259 \u00fczr\u0259 \u018fm\u0259kda\u015fl\u0131q \u00c7\u0259r\u00e7iv\u0259sinin potensial \u0259m\u0259kda\u015fl\u0131q sah\u0259l\u0259rini geni\u015fl\u0259ndir\u0259c\u0259yini v\u0259 iqtisadi art\u0131m\u0131 t\u0259\u015fviq ed\u0259c\u0259yini bildirib. S\u0259n\u0259din Az\u0259rbaycan v\u0259 \u0130\u0130B aras\u0131nda g\u0259l\u0259c\u0259k ortam\u00fcdd\u0259tli \u0259m\u0259kda\u015fl\u0131q \u00fc\u00e7\u00fcn \u0259sas platforma olaca\u011f\u0131 qeyd olunub.<\/p>\n<p>G\u00f6r\u00fc\u015fd\u0259 h\u0259m\u00e7inin, Az\u0259rbaycan\u0131n ev sahibliyi ed\u0259c\u0259yi COP29 t\u0259dbirinin g\u00fcnd\u0259liyind\u0259 yer alan m\u0259s\u0259l\u0259l\u0259r \u0259traf\u0131nda fikir m\u00fcbadil\u0259si apar\u0131l\u0131b.<\/p>\n<p><strong>16:06<\/strong><\/p>\n<p>\u201c\u0130slam \u0130nki\u015faf Bank\u0131n\u0131n prezidenti c\u0259nab M\u0259h\u0259mm\u0259d S\u00fcleyman \u018fl-Casir il\u0259 videokonfrans format\u0131nda ke\u00e7irdiyimiz g\u00f6r\u00fc\u015fd\u0259 \u201cAz\u0259rbaycan Respublikas\u0131n\u0131n \u0130qtisadiyyat Nazirliyi v\u0259 \u0130slam \u0130nki\u015faf Bank\u0131 aras\u0131nda Az\u0259rbaycan \u00fc\u00e7\u00fcn \u00d6lk\u0259 \u00fczr\u0259 \u018fm\u0259kda\u015fl\u0131q \u00c7\u0259r\u00e7iv\u0259sinin haz\u0131rlanmas\u0131na dair Anla\u015fma Memorandumu\u201dnu imzalad\u0131\u201d.<\/p>\n<p>Bu bar\u0259d\u0259 iqtisadiyyat naziri Mikay\u0131l Cabbarov \u00f6z \u201cX\u201d hesab\u0131nda payla\u015f\u0131m edib.<\/p>\n<p>Bildirilib ki, s\u0259n\u0259din icras\u0131 t\u0259r\u0259fl\u0259r aras\u0131nda \u0259m\u0259kda\u015fl\u0131\u011f\u0131n v\u0259 \u00f6lk\u0259mizin sosial-iqtisadi inki\u015faf h\u0259d\u0259fl\u0259ri istiqam\u0259tind\u0259 birg\u0259 f\u0259aliyy\u0259tin g\u00fccl\u0259ndirilm\u0259sin\u0259 t\u00f6hf\u0259 ver\u0259c\u0259k.<\/p>\n<p>\u201cH\u0259m\u00e7inin g\u00f6r\u00fc\u015fd\u0259 Az\u0259rbaycan\u0131n ev sahibliyi ed\u0259c\u0259yi COP29 t\u0259dbirinin g\u00fcnd\u0259liyind\u0259 yer alan m\u0259s\u0259l\u0259l\u0259r \u0259traf\u0131nda fikir m\u00fcbadil\u0259si apard\u0131q\u201d, &#8211;\u00a0dey\u0259, nazir qeyd edib.<\/p>\n<div>\n<div class=\"twitter-tweet twitter-tweet-rendered\"><iframe id=\"twitter-widget-0\" class=\"\" title=\"X Post\" src=\"https:\/\/platform.twitter.com\/embed\/Tweet.html?creatorScreenName=oxuaz&amp;dnt=false&amp;embedId=twitter-widget-0&amp;features=eyJ0ZndfdGltZWxpbmVfbGlzdCI6eyJidWNrZXQiOltdLCJ2ZXJzaW9uIjpudWxsfSwidGZ3X2ZvbGxvd2VyX2NvdW50X3N1bnNldCI6eyJidWNrZXQiOnRydWUsInZlcnNpb24iOm51bGx9LCJ0ZndfdHdlZXRfZWRpdF9iYWNrZW5kIjp7ImJ1Y2tldCI6Im9uIiwidmVyc2lvbiI6bnVsbH0sInRmd19yZWZzcmNfc2Vzc2lvbiI6eyJidWNrZXQiOiJvbiIsInZlcnNpb24iOm51bGx9LCJ0ZndfZm9zbnJfc29mdF9pbnRlcnZlbnRpb25zX2VuYWJsZWQiOnsiYnVja2V0Ijoib24iLCJ2ZXJzaW9uIjpudWxsfSwidGZ3X21peGVkX21lZGlhXzE1ODk3Ijp7ImJ1Y2tldCI6InRyZWF0bWVudCIsInZlcnNpb24iOm51bGx9LCJ0ZndfZXhwZXJpbWVudHNfY29va2llX2V4cGlyYXRpb24iOnsiYnVja2V0IjoxMjA5NjAwLCJ2ZXJzaW9uIjpudWxsfSwidGZ3X3Nob3dfYmlyZHdhdGNoX3Bpdm90c19lbmFibGVkIjp7ImJ1Y2tldCI6Im9uIiwidmVyc2lvbiI6bnVsbH0sInRmd19kdXBsaWNhdGVfc2NyaWJlc190b19zZXR0aW5ncyI6eyJidWNrZXQiOiJvbiIsInZlcnNpb24iOm51bGx9LCJ0ZndfdXNlX3Byb2ZpbGVfaW1hZ2Vfc2hhcGVfZW5hYmxlZCI6eyJidWNrZXQiOiJvbiIsInZlcnNpb24iOm51bGx9LCJ0ZndfdmlkZW9faGxzX2R5bmFtaWNfbWFuaWZlc3RzXzE1MDgyIjp7ImJ1Y2tldCI6InRydWVfYml0cmF0ZSIsInZlcnNpb24iOm51bGx9LCJ0ZndfbGVnYWN5X3RpbWVsaW5lX3N1bnNldCI6eyJidWNrZXQiOnRydWUsInZlcnNpb24iOm51bGx9LCJ0ZndfdHdlZXRfZWRpdF9mcm9udGVuZCI6eyJidWNrZXQiOiJvbiIsInZlcnNpb24iOm51bGx9fQ%3D%3D&amp;frame=false&amp;hideCard=false&amp;hideThread=false&amp;id=1752297519537598880&amp;lang=en&amp;origin=https%3A%2F%2Foxu.az%2Feconomy%2F832428&amp;sessionId=0bedcf6674a0eeb1000cdd7d3e41214a1e815d80&amp;siteScreenName=oxuaz&amp;theme=light&amp;widgetsVersion=2615f7e52b7e0%3A1702314776716&amp;width=550px\" frameborder=\"0\" scrolling=\"no\" allowfullscreen=\"allowfullscreen\" data-tweet-id=\"1752297519537598880\" data-mce-fragment=\"1\"><\/iframe><\/div>\n<\/div>\n<p>&nbsp;<\/p>\n","protected":false},"excerpt":{"rendered":"<p>\u0130qtisadiyyat Nazirliyi v\u0259 \u0130slam \u0130nki\u015faf Bank\u0131 aras\u0131nda \u201cAz\u0259rbaycan \u00fc\u00e7\u00fcn \u00d6lk\u0259 \u00fczr\u0259 \u018fm\u0259kda\u015fl\u0131q \u00c7\u0259r\u00e7iv\u0259sinin haz\u0131rlanmas\u0131na dair Anla\u015fma Memorandumu\u201dnun videokonfrans format\u0131nda imzalanma m\u0259rasimi ke\u00e7irilib. Bununla ba\u011fl\u0131 \u0130qtisadiyyat Nazirliyi m\u0259lumat yay\u0131b. S\u0259n\u0259di iqtisadiyyat naziri Mikay\u0131l Cabbarov v\u0259 \u0130slam \u0130nki\u015faf Bank\u0131 Qrupunun prezidenti M\u0259h\u0259mm\u0259d S\u00fcleyman \u018fl-Casir imzalay\u0131blar. T\u0259dbird\u0259 iqtisadiyyat naziri Mikay\u0131l Cabbarov \u0130slam \u0130nki\u015faf Bank\u0131n\u0131n (\u0130\u0130B) d\u00f6vl\u0259t v\u0259 \u00f6z\u0259l sektorun inki\u015faf\u0131 istiqam\u0259tind\u0259 \u00f6lk\u0259miz\u0259 g\u00f6st\u0259rdiyi d\u0259st\u0259yi vur\u011fulay\u0131b, Az\u0259rbaycan\u0131n \u0130\u0130B Qrupuna daxil olan institutlarla \u0259m\u0259kda\u015fl\u0131\u011fa \u00f6n\u0259m verdiyini diqq\u0259t\u0259 \u00e7atd\u0131r\u0131b. \u00d6lk\u0259 \u00fczr\u0259 \u018fm\u0259kda\u015fl\u0131q \u00c7\u0259r\u00e7iv\u0259 s\u0259n\u0259di Az\u0259rbaycan-\u0130\u0130B \u0259m\u0259kda\u015fl\u0131\u011f\u0131nda yeni d\u00f6vr\u00fcn ba\u015flan\u011f\u0131c\u0131 kimi d\u0259y\u0259rl\u0259ndirilib. S\u0259n\u0259din icras\u0131n\u0131n ya\u015f\u0131l v\u0259 dayan\u0131ql\u0131&hellip;<\/p>\n","protected":false},"author":2,"featured_media":685202,"comment_status":"closed","ping_status":"closed","sticky":false,"template":"","format":"standard","meta":{"om_disable_all_campaigns":false,"_monsterinsights_skip_tracking":false,"_monsterinsights_sitenote_active":false,"_monsterinsights_sitenote_note":"","_monsterinsights_sitenote_category":0},"categories":[19],"tags":[],"aioseo_notices":[],"gutentor_comment":0,"rttpg_featured_image_url":{"full":["https:\/\/arantv.az\/wp-content\/uploads\/2024\/01\/c046d8af-70af-46a0-bdfb-466b8f807422.jpg",620,413,false],"landscape":["https:\/\/arantv.az\/wp-content\/uploads\/2024\/01\/c046d8af-70af-46a0-bdfb-466b8f807422.jpg",620,413,false],"portraits":["https:\/\/arantv.az\/wp-content\/uploads\/2024\/01\/c046d8af-70af-46a0-bdfb-466b8f807422.jpg",620,413,false],"thumbnail":["https:\/\/arantv.az\/wp-content\/uploads\/2024\/01\/c046d8af-70af-46a0-bdfb-466b8f807422-500x280.jpg",500,280,true],"medium":["https:\/\/arantv.az\/wp-content\/uploads\/2024\/01\/c046d8af-70af-46a0-bdfb-466b8f807422-548x365.jpg",548,365,true],"large":["https:\/\/arantv.az\/wp-content\/uploads\/2024\/01\/c046d8af-70af-46a0-bdfb-466b8f807422.jpg",620,413,false],"1536x1536":["https:\/\/arantv.az\/wp-content\/uploads\/2024\/01\/c046d8af-70af-46a0-bdfb-466b8f807422.jpg",620,413,false],"2048x2048":["https:\/\/arantv.az\/wp-content\/uploads\/2024\/01\/c046d8af-70af-46a0-bdfb-466b8f807422.jpg",620,413,false],"post-thumbnail":["https:\/\/arantv.az\/wp-content\/uploads\/2024\/01\/c046d8af-70af-46a0-bdfb-466b8f807422-240x172.jpg",240,172,true],"advps-thumb-one":["https:\/\/arantv.az\/wp-content\/uploads\/2024\/01\/c046d8af-70af-46a0-bdfb-466b8f807422.jpg",620,413,false]},"rttpg_author":{"display_name":"V\u00fcsal Rafiqo\u011flu","author_link":"https:\/\/arantv.az\/?author=2"},"rttpg_comment":0,"rttpg_category":"<a href=\"https:\/\/arantv.az\/?cat=19\" rel=\"category\">G\u00fcnd\u0259m<\/a>","rttpg_excerpt":"\u0130qtisadiyyat Nazirliyi v\u0259 \u0130slam \u0130nki\u015faf Bank\u0131 aras\u0131nda \u201cAz\u0259rbaycan \u00fc\u00e7\u00fcn \u00d6lk\u0259 \u00fczr\u0259 \u018fm\u0259kda\u015fl\u0131q \u00c7\u0259r\u00e7iv\u0259sinin haz\u0131rlanmas\u0131na dair Anla\u015fma Memorandumu\u201dnun videokonfrans format\u0131nda imzalanma m\u0259rasimi ke\u00e7irilib. Bununla ba\u011fl\u0131 \u0130qtisadiyyat Nazirliyi m\u0259lumat yay\u0131b. S\u0259n\u0259di iqtisadiyyat naziri Mikay\u0131l Cabbarov v\u0259 \u0130slam \u0130nki\u015faf Bank\u0131 Qrupunun prezidenti M\u0259h\u0259mm\u0259d S\u00fcleyman \u018fl-Casir imzalay\u0131blar. T\u0259dbird\u0259 iqtisadiyyat naziri Mikay\u0131l Cabbarov \u0130slam \u0130nki\u015faf Bank\u0131n\u0131n (\u0130\u0130B) d\u00f6vl\u0259t v\u0259 \u00f6z\u0259l&hellip;","_links":{"self":[{"href":"https:\/\/arantv.az\/index.php?rest_route=\/wp\/v2\/posts\/685199"}],"collection":[{"href":"https:\/\/arantv.az\/index.php?rest_route=\/wp\/v2\/posts"}],"about":[{"href":"https:\/\/arantv.az\/index.php?rest_route=\/wp\/v2\/types\/post"}],"author":[{"embeddable":true,"href":"https:\/\/arantv.az\/index.php?rest_route=\/wp\/v2\/users\/2"}],"replies":[{"embeddable":true,"href":"https:\/\/arantv.az\/index.php?rest_route=%2Fwp%2Fv2%2Fcomments&post=685199"}],"version-history":[{"count":0,"href":"https:\/\/arantv.az\/index.php?rest_route=\/wp\/v2\/posts\/685199\/revisions"}],"wp:featuredmedia":[{"embeddable":true,"href":"https:\/\/arantv.az\/index.php?rest_route=\/wp\/v2\/media\/685202"}],"wp:attachment":[{"href":"https:\/\/arantv.az\/index.php?rest_route=%2Fwp%2Fv2%2Fmedia&parent=685199"}],"wp:term":[{"taxonomy":"category","embeddable":true,"href":"https:\/\/arantv.az\/index.php?rest_route=%2Fwp%2Fv2%2Fcategories&post=685199"},{"taxonomy":"post_tag","embeddable":true,"href":"https:\/\/arantv.az\/index.php?rest_route=%2Fwp%2Fv2%2Ftags&post=685199"}],"curies":[{"name":"wp","href":"https:\/\/api.w.org\/{rel}","templated":true}]}}