{"id":685201,"date":"2024-01-30T18:48:39","date_gmt":"2024-01-30T14:48:39","guid":{"rendered":"https:\/\/arantv.az\/?p=685201"},"modified":"2024-01-30T18:48:39","modified_gmt":"2024-01-30T14:48:39","slug":"az%c9%99rbaycan-ordusunda-nato-standartlarinin-t%c9%99tbiqi-turkiy%c9%99-il%c9%99-%c9%99m%c9%99kdasliq-arasdirma","status":"publish","type":"post","link":"https:\/\/arantv.az\/?p=685201","title":{"rendered":"Az\u0259rbaycan Ordusunda NATO standartlar\u0131n\u0131n t\u0259tbiqi, T\u00fcrkiy\u0259 il\u0259 \u0259m\u0259kda\u015fl\u0131q &#8211; ARA\u015eDIRMA"},"content":{"rendered":"<p>Son ill\u0259r Az\u0259rbaycan Silahl\u0131 Q\u00fcvv\u0259l\u0259rind\u0259 \u015eimali Atlantika M\u00fcqavil\u0259si T\u0259\u015fkilat\u0131 (NATO) standartlar\u0131n\u0131n t\u0259tbiqi aktual m\u0259s\u0259l\u0259y\u0259 \u00e7evrilib. Bu sah\u0259d\u0259 qarda\u015f T\u00fcrkiy\u0259 C\u00fcmhuriyy\u0259ti il\u0259 h\u0259rbi \u0259m\u0259kda\u015fl\u0131q \u00f6n plana ke\u00e7ib.<\/p>\n<p>H\u0259l\u0259 30 il \u00f6nc\u0259 &#8211; 4 may 1994-c\u00fc ild\u0259 Az\u0259rbaycan NATO-nun \u201cS\u00fclh Namin\u0259 T\u0259r\u0259fda\u015fl\u0131q\u201d (SNT) Proqram\u0131na qo\u015fulub. 2008-ci ild\u0259n etibar\u0259n t\u0259hsil sah\u0259sind\u0259 NATO il\u0259 \u0259m\u0259kda\u015fl\u0131q ed\u0259n Az\u0259rbaycan Ordusu t\u0259\u015fkilat\u0131n M\u00fcdafi\u0259 T\u0259hsilinin Geni\u015fl\u0259ndirilm\u0259si Proqram\u0131ndan yararlanmaqla tabeliyind\u0259 olan x\u00fcsusi t\u0259yinatl\u0131 h\u0259rbi t\u0259hsil m\u00fc\u0259ssis\u0259l\u0259rinin t\u0259drisinin m\u0259zmun v\u0259 formas\u0131n\u0131n Avropa t\u0259hsil standartlar\u0131na v\u0259 Boloniya prosesin\u0259 uy\u011funla\u015fd\u0131r\u0131lmas\u0131, el\u0259c\u0259 d\u0259 pedaqoji kadrlar\u0131n t\u0259kmill\u0259\u015fdirilm\u0259si sah\u0259sind\u0259 ciddi i\u015fl\u0259r g\u00f6r\u00fcb.<\/p>\n<p>B\u0259s bu g\u00fcn Az\u0259rbaycan Silahl\u0131 Q\u00fcvv\u0259l\u0259rinin strukturunda, d\u00f6y\u00fc\u015f haz\u0131rl\u0131\u011f\u0131nda, t\u0259lim-t\u0259dris prosesind\u0259 v\u0259 dig\u0259r sah\u0259l\u0259rd\u0259 hans\u0131 NATO standartlar\u0131 t\u0259tbiq edilir? Az\u0259rbaycan-NATO \u0259m\u0259kda\u015fl\u0131\u011f\u0131 haz\u0131rda n\u0259 yerd\u0259dir v\u0259 bu \u0259m\u0259kda\u015fl\u0131q Silahl\u0131 Q\u00fcvv\u0259l\u0259rd\u0259ki qo\u015fun v\u0259 birlikl\u0259r\u0259 hans\u0131 \u00fcst\u00fcnl\u00fckl\u0259r qazand\u0131r\u0131r? H\u0259m\u00e7inin, bu istiqam\u0259td\u0259 ordu quruculu\u011funda T\u00fcrkiy\u0259 h\u0259rbi sisteminin rolu n\u0259d\u0259n ibar\u0259tdir?<\/p>\n<p>\u00d6nc\u0259 qeyd ed\u0259k ki, bu vaxta q\u0259d\u0259r Az\u0259rbaycan\u0131n NATO il\u0259 \u0259m\u0259kda\u015fl\u0131\u011f\u0131 \u00e7\u0259r\u00e7iv\u0259sind\u0259 bir s\u0131ra proqramlar icra olunub. Onlara F\u0259rdi T\u0259r\u0259fda\u015fl\u0131q \u00fczr\u0259 \u018fm\u0259liyyat Plan\u0131, Planla\u015fd\u0131rma v\u0259 Analiz Prosesi, \u201cT\u0259r\u0259fda\u015fl\u0131\u011f\u0131n Q\u0259rargah V\u0259zif\u0259l\u0259ri\u201d Konsepsiyas\u0131, H\u0259rbi t\u0259hsil sah\u0259sind\u0259 \u0259m\u0259kda\u015fl\u0131q, \u201cS\u00fclh v\u0259 T\u0259hl\u00fck\u0259sizlik Namin\u0259 Elm\u201d Proqram\u0131, \u201c\u018fm\u0259liyyat \u0130mkanlar\u0131 Konsepsiyas\u0131 Qiym\u0259tl\u0259ndirm\u0259 v\u0259 R\u0259y\u201d Proqram\u0131 daxildir.<\/p>\n<p><img src=\"https:\/\/cdn.oxu.az\/uploads\/W1siZiIsIjIwMjQvMDEvMzAvMTIvNTIvNDEvMzBhMjQyMTMtOWI1My00YjdmLWFhMmMtZDMwODllNDQ1MWU5LzYxZDMwNjY5LWZkNjYtNDRlOS04ZGI5LWFhM2I4ZTlmMDM2OS5qcGciXSxbInAiLCJlbmNvZGUiLCJqcGciLCItcXVhbGl0eSA4MCJdLFsicCIsInRodW1iIiwiNTkweDU5MFx1MDAzZSJdXQ?sha=292ccea0245524c6\" alt=\"\" \/><br \/>\n<strong>\u201cAz\u0259rbaycan NATO-nun etibarl\u0131 t\u0259r\u0259fda\u015f\u0131 oldu\u011funu s\u00fcbuta yetirib\u201d<\/strong><\/p>\n<p>Bunu Prezident\u00a0<strong>\u0130lham \u018fliyev<\/strong>\u00a02021-ci ilin 14 dekabr\u0131nda NATO-nun Ba\u015f katibi Yens Stoltenberql\u0259 Br\u00fcsseld\u0259 Alyans\u0131n m\u0259nzil-q\u0259rargah\u0131nda birg\u0259 m\u0259tbuat konfrans\u0131 zaman\u0131 deyib.<\/p>\n<p>\u201cBiz \u018ffqan\u0131standak\u0131 s\u00fclhm\u0259raml\u0131 missiyam\u0131za 2002-ci ild\u0259 ba\u015flad\u0131q v\u0259 bu il avqustun sonunda onu bitirdik. Az\u0259rbaycan h\u0259rb\u00e7il\u0259ri \u018ffqan\u0131stan\u0131 sonuncu t\u0259rk ed\u0259n koalisiya q\u00fcvv\u0259l\u0259rinin h\u0259rb\u00e7il\u0259ri aras\u0131nda idi. \u018flb\u0259tt\u0259 ki, bu, birlikd\u0259 i\u015fl\u0259m\u0259yin b\u00f6y\u00fck bir t\u0259cr\u00fcb\u0259sidir. Bu g\u00fcn biz, h\u0259m\u00e7inin \u0259m\u0259kda\u015fl\u0131qla ba\u011fl\u0131 g\u0259l\u0259c\u0259k planlar\u0131m\u0131z\u0131 m\u00fczakir\u0259 etdik. Az\u0259rbaycan NATO-nun h\u0259rbi t\u0259liml\u0259rind\u0259 i\u015ftirak edir. Eyni zamanda, biz NATO-nun haz\u0131rk\u0131 v\u0259 apar\u0131c\u0131 \u00fczvl\u0259rind\u0259n biri olan T\u00fcrkiy\u0259 il\u0259 yaln\u0131z bu il yeddi birg\u0259 h\u0259rbi t\u0259lim ke\u00e7irmi\u015fik. Bu da regionda s\u00fclh v\u0259 sabitlik i\u015fin\u0259 xidm\u0259t edir\u201d, &#8211; \u0130lham \u018fliyev vur\u011fulay\u0131b.<\/p>\n<p><img src=\"https:\/\/cdn.oxu.az\/uploads\/W1siZiIsIjIwMjQvMDEvMzAvMTIvNTIvNDEvNzhlNmQwODctOTE5MS00OGM3LWFkZjUtMDU0OWYzNzBhMjU5LzUyZDg3NGRjLTg4ZWMtNDM2ZS05MjBhLWExNDZhMGUzOTMxNS5qcGciXSxbInAiLCJlbmNvZGUiLCJqcGciLCItcXVhbGl0eSA4MCJdLFsicCIsInRodW1iIiwiNTkweDU5MFx1MDAzZSJdXQ?sha=a4bc97b2b7d6a0d7\" alt=\"\" \/><\/p>\n<p>Bu arada qeyd ed\u0259k ki, Az\u0259rbaycan NATO il\u0259 S\u00fclh Namin\u0259 T\u0259r\u0259fda\u015fl\u0131q Proqram\u0131 \u00e7\u0259r\u00e7iv\u0259sind\u0259 \u018ffqan\u0131standa \u201cBeyn\u0259lxalq T\u0259hl\u00fck\u0259sizliy\u0259 Yard\u0131m Q\u00fcvv\u0259l\u0259ri\u201d Missiyas\u0131n\u0131 h\u0259yat ke\u00e7irib. Bel\u0259 ki, 2002-ci ilin 20 noyabr\u0131nda\u00a0Az\u0259rbaycan Ordusunun 22 n\u0259f\u0259rlik s\u00fclhm\u0259raml\u0131 taq\u0131m\u0131 \u018ffqan\u0131standa Beyn\u0259lxalq T\u0259hl\u00fck\u0259sizliy\u0259 Yard\u0131m Q\u00fcvv\u0259l\u0259rinin (ISAF) t\u0259rkibind\u0259 f\u0259aliyy\u0259t g\u00f6st\u0259rm\u0259y\u0259 ba\u015flay\u0131b.<\/p>\n<p>15 yanvar 2008-ci ild\u0259 Az\u0259rbaycan\u0131n \u018ffqan\u0131standak\u0131 s\u00fclhm\u0259raml\u0131 kontingentinin say\u0131 40 n\u0259f\u0259r\u0259 \u00e7atd\u0131r\u0131l\u0131b. 2 oktyabr 2009-cu ild\u0259 Az\u0259rbaycan Milli M\u0259clisi \u018ffqan\u0131standak\u0131 s\u00fclhm\u0259raml\u0131 kontingentin art\u0131r\u0131lmas\u0131 bar\u0259d\u0259 q\u0259rar q\u0259bul edib v\u0259 19 fevral 2009-cu il tarixind\u0259n Az\u0259rbaycan Ordusunun 90 n\u0259f\u0259rlik s\u00fclhm\u0259raml\u0131 kontingenti \u018ffqan\u0131standa Beyn\u0259lxalq T\u0259hl\u00fck\u0259sizliy\u0259 Yard\u0131m Q\u00fcvv\u0259l\u0259ri \u0259m\u0259liyyatlar\u0131nda T\u00fcrk taboru t\u0259rkibind\u0259 f\u0259aliyy\u0259t g\u00f6st\u0259rib. B\u00f6l\u00fcy\u00fcn \u015f\u0259xsi hey\u0259ti Kabil \u015f\u0259h\u0259rind\u0259 yerl\u0259\u015f\u0259n televiziya q\u00fcll\u0259sinin v\u0259 ISAF-\u0131n m\u0259rk\u0259zi silah-sursat anbar\u0131n\u0131n t\u0259hl\u00fck\u0259sizliyini t\u0259min edib v\u0259 patrul xidm\u0259tini h\u0259yata ke\u00e7irib. 5 oktyabr 2010-cu ild\u0259 Az\u0259rbaycan NATO-nun \u018ffqan\u0131standa ke\u00e7irdiyi ISAF \u00fczr\u0259 \u0259m\u0259liyyatlar\u0131nda Az\u0259rbaycan Ordusunun t\u00f6hf\u0259sinin art\u0131r\u0131lmas\u0131 m\u0259qs\u0259dil\u0259 missiyaya \u0259lav\u0259 olaraq 2 h\u0259rbi h\u0259kim v\u0259 2 m\u00fch\u0259ndis-istehkam ixtisas\u0131 \u00fczr\u0259 olmaqla, 4 zabit g\u00f6nd\u0259rib v\u0259 s\u00fclhm\u0259raml\u0131 kontingentin say\u0131 94 n\u0259f\u0259r\u0259 \u00e7atd\u0131r\u0131l\u0131b.<\/p>\n<p>Bu missiya 26 avqust 2021-ci ild\u0259 ba\u015fa \u00e7at\u0131b. Bel\u0259 ki, \u018ffqan\u0131stan\u0131n Kabil Beyn\u0259lxalq Hava Liman\u0131nda xidm\u0259ti v\u0259zif\u0259l\u0259rini yerin\u0259 yetir\u0259n 120 n\u0259f\u0259rd\u0259n ibar\u0259t Az\u0259rbaycan s\u00fclhm\u0259raml\u0131s\u0131 tam hey\u0259td\u0259 avqustun 26-da bu \u00f6lk\u0259d\u0259n \u00e7\u0131x\u0131b.<\/p>\n<p><img src=\"https:\/\/cdn.oxu.az\/uploads\/W1siZiIsIjIwMjQvMDEvMzAvMTIvNTIvNDEvMGQyMjFhYTUtNDc4YS00MmYzLTlhY2MtYTJkNzJhZGM0NWRjLzRkY2FlZmI1LWMyZTktNDU2OS05MzhiLWZhZGYyMjBlNTk1MC5qcGciXSxbInAiLCJlbmNvZGUiLCJqcGciLCItcXVhbGl0eSA4MCJdLFsicCIsInRodW1iIiwiNTkweDU5MFx1MDAzZSJdXQ?sha=b2387b1f34652c3d\" alt=\"\" \/><\/p>\n<p>\u018ffqan\u0131stanla yana\u015f\u0131, Az\u0259rbaycan s\u00fclhm\u0259raml\u0131lar\u0131 \u201cKosovo Q\u00fcvv\u0259l\u0259ri\u201d \u018fm\u0259liyyat\u0131nda, \u0130raq Respublikas\u0131nda, \u201cQ\u0259tiyy\u0259tli D\u0259st\u0259k\u201d Missiyas\u0131nda, Az\u0259rbaycan\u0131n Birl\u0259\u015fmi\u015f Mill\u0259tl\u0259r T\u0259\u015fkilat\u0131n\u0131n S\u00fclhm\u0259raml\u0131 \u018fm\u0259liyyatlar\u0131nda da f\u0259al i\u015ftirak edibl\u0259r.<\/p>\n<p><strong>Az\u0259rbaycan g\u0259l\u0259c\u0259kd\u0259 d\u0259 d\u00fcnyan\u0131n h\u0259r hans\u0131 bir m\u00fcnaqi\u015f\u0259 zonas\u0131na h\u0259rb\u00e7i g\u00f6nd\u0259r\u0259 bil\u0259r<\/strong><\/p>\n<p>Ehtiyatda olan polkovnik, I Qaraba\u011f m\u00fcharib\u0259si v\u0259 Silahl\u0131 Q\u00fcvv\u0259l\u0259rin veteran\u0131, h\u0259rbi ekspert \u015eair Ramaldanov \u201cReport\u201da a\u00e7\u0131qlamas\u0131nda bildirib ki, d\u00fcnyada m\u00f6vcud olan qabaqc\u0131l t\u0259cr\u00fcb\u0259l\u0259r Az\u0259rbaycan Ordusunda da t\u0259tbiq edilir. Buna s\u00fcbut olaraq 2020-ci ild\u0259 44-g\u00fcnl\u00fck V\u0259t\u0259n m\u00fcharib\u0259si, el\u0259c\u0259 d\u0259 2023-c\u00fc ild\u0259 antiterror \u0259m\u0259liyyatlar\u0131nda Az\u0259rbaycan Ordusunun u\u011furlar\u0131n\u0131 n\u00fcmun\u0259 g\u00f6st\u0259rm\u0259k olar.<\/p>\n<p>\u201cBu g\u00fcn Az\u0259rbaycan Ordusunda NATO-nun bir s\u0131ra t\u0259cr\u00fcb\u0259l\u0259ri t\u0259tbiq olunur. NATO sistemi dedikd\u0259, t\u0259\u015fkilata daxil olan \u00f6lk\u0259l\u0259rin yaratd\u0131qlar\u0131 ordu modeli n\u0259z\u0259rd\u0259 tutulur. H\u0259r bir \u00f6lk\u0259 g\u0259l\u0259c\u0259kd\u0259 ola bil\u0259c\u0259k riskl\u0259ri n\u0259z\u0259r\u0259 alaraq \u00f6z ordusunu qurur. NATO \u00f6lk\u0259l\u0259ri il\u0259 \u0259m\u0259kda\u015fl\u0131q v\u0259 bu \u00f6lk\u0259l\u0259rin t\u0259cr\u00fcb\u0259l\u0259rinin orduda t\u0259tbiq olunmas\u0131 istiqam\u0259tind\u0259 g\u00f6r\u00fcl\u0259n, el\u0259c\u0259 d\u0259 g\u00f6r\u00fcl\u0259c\u0259k i\u015fl\u0259r Az\u0259rbaycan v\u0259 T\u00fcrkiy\u0259 aras\u0131nda imzalanan \u015eu\u015fa b\u0259yannam\u0259sind\u0259 \u00f6z \u0259ksini tap\u0131b. Prezident \u0130lham \u018fliyev Az\u0259rbaycan Ordusunda T\u00fcrkiy\u0259 modelinin t\u0259tbiq olunmas\u0131 il\u0259 ba\u011fl\u0131 g\u00f6st\u0259ri\u015f verib. \u0130kinci Qaraba\u011f m\u00fcharib\u0259sind\u0259n sonra bu istiqam\u0259td\u0259 xeyli i\u015fl\u0259r g\u00f6r\u00fcl\u00fcb. \u0130ki \u00f6lk\u0259 aras\u0131nda n\u0259z\u0259rd\u0259 tutulan h\u0259rbi \u0259m\u0259kda\u015fl\u0131q daxilind\u0259 M\u00fcdafi\u0259 Nazirliyind\u0259 struktur d\u0259yi\u015fikliyi v\u0259 h\u0259rbi s\u0259nayed\u0259 bir s\u0131ra birg\u0259 layih\u0259l\u0259r h\u0259yata ke\u00e7irilib. Az\u0259rbaycan NATO-nun S\u00fclh Namin\u0259 T\u0259r\u0259fda\u015fl\u0131q Proqram\u0131 \u00e7\u0259r\u00e7iv\u0259sind\u0259 t\u0259\u015fkilatla s\u0131x \u0259m\u0259kda\u015fl\u0131q edir\u201d, &#8211; \u015e.Ramaldanov deyib.<\/p>\n<p><img src=\"https:\/\/cdn.oxu.az\/uploads\/W1siZiIsIjIwMjQvMDEvMzAvMTIvNTIvNDEvYjI4NzUzNTEtZjg5Yi00Njc0LTg2MTYtNzE1MTM0NjQ3NWIwL2VjNzU4MzFlLWY0OTMtNDI0ZC1iMzE5LWJmYjg5MGVmMWMzMS5qcGciXSxbInAiLCJlbmNvZGUiLCJqcGciLCItcXVhbGl0eSA4MCJdLFsicCIsInRodW1iIiwiNTkweDU5MFx1MDAzZSJdXQ?sha=b29d00e64c28db37\" alt=\"\" \/><\/p>\n<p>H\u0259rbi ekspert vur\u011fulay\u0131b ki, Az\u0259rbaycan\u0131n NATO yan\u0131ndak\u0131 n\u00fcmay\u0259nd\u0259liyi indiy\u0259 q\u0259d\u0259r Balkan \u00f6lk\u0259l\u0259rind\u0259, \u018ffqan\u0131standa v\u0259 \u0130raqda f\u0259aliyy\u0259t g\u00f6st\u0259rib, el\u0259c\u0259 d\u0259 haz\u0131rda Afrika \u00f6lk\u0259l\u0259rind\u0259 t\u0259\u015fkilat\u0131n t\u0259dbirl\u0259rind\u0259 f\u0259al i\u015ftirak edir: \u201cAz\u0259rbaycan Ordusunun t\u0259\u015fkilat\u0131n s\u00fclhm\u0259raml\u0131 kontingentind\u0259 f\u0259aliyy\u0259t g\u00f6st\u0259r\u0259n x\u00fcsusi b\u00f6lm\u0259l\u0259ri var, NATO bu b\u00f6lm\u0259l\u0259ri m\u00fct\u0259madi olaraq yoxlan\u0131\u015fdan ke\u00e7ir\u0259r\u0259k sertifikatla\u015fd\u0131r\u0131r. Az\u0259rbaycan g\u0259l\u0259c\u0259kd\u0259 d\u0259 d\u00fcnyan\u0131n h\u0259r hans\u0131 bir m\u00fcnaqi\u015f\u0259 zonas\u0131na S\u00fclh namin\u0259 T\u0259r\u0259fda\u015fl\u0131q Proqram\u0131 \u00e7\u0259r\u00e7iv\u0259sind\u0259 h\u0259rb\u00e7i g\u00f6nd\u0259r\u0259 bil\u0259r. Ordunun bu istiqam\u0259td\u0259 t\u0259cr\u00fcb\u0259si var, el\u0259c\u0259 d\u0259 t\u0259\u015fkilat Az\u0259rbaycan\u0131n s\u00fclhm\u0259raml\u0131 kontingentin n\u0259zdind\u0259 \u018ffqan\u0131standak\u0131 f\u0259aliyy\u0259tini d\u0259f\u0259l\u0259rl\u0259 m\u00fckafatland\u0131r\u0131b. T\u0259\u015fkilat\u0131n \u018ffqan\u0131standak\u0131 s\u00fclhm\u0259raml\u0131 kontingenti il\u0259 ba\u011fl\u0131 film \u00e7\u0259kilib, bu filmd\u0259 Az\u0259rbaycan h\u0259rb\u00e7il\u0259rinin s\u00fclhm\u0259raml\u0131 kontingentd\u0259 n\u00fcmun\u0259vi f\u0259aliyy\u0259ti qeyd olunub, s\u00f6z\u00fcged\u0259n film t\u0259\u015fkilata \u00fczv olan \u00f6lk\u0259l\u0259rd\u0259 ali h\u0259rbi m\u0259kt\u0259bl\u0259r \u00fc\u00e7\u00fcn d\u0259rs v\u0259saiti kimi istifad\u0259 olunur\u201d.<\/p>\n<p><strong>Az\u0259rbaycan\u0131n NATO il\u0259 6-c\u0131 d\u00f6vr \u00fczr\u0259 \u0259m\u0259kda\u015fl\u0131\u011f\u0131n davam etdirilm\u0259si m\u00fczakir\u0259 olunur<\/strong><\/p>\n<p>H\u0259rbi ekspert \u018fdal\u0259t Verdiyev is\u0259 \u201cReport\u201da bildirdi ki, NATO standartlar\u0131n\u0131n Az\u0259rbaycanda t\u0259tbiqi 1994-c\u00fc ild\u0259n sonra ba\u015flay\u0131b.<\/p>\n<p>Onun s\u00f6zl\u0259rin\u0259 g\u00f6r\u0259, T\u00fcrkiy\u0259 il\u0259 \u015eu\u015fa B\u0259yannam\u0259sinin imzalanmas\u0131, Az\u0259rbaycan\u0131n T\u00fcrkiy\u0259 Silahl\u0131 Q\u00fcvv\u0259l\u0259ri il\u0259 daha yax\u0131ndan \u0259m\u0259kda\u015fl\u0131q etm\u0259si v\u0259 bu \u00f6lk\u0259nin h\u0259rbi modelinin Az\u0259rbaycanda t\u0259tbiq olunmas\u0131 NATO standartlar\u0131n\u0131n t\u0259tbiqi kimi d\u0259y\u0259rl\u0259ndirilm\u0259lidir:<\/p>\n<p>\u201cAz\u0259rbaycan Alyans il\u0259 bir ne\u00e7\u0259 proqram \u00fczr\u0259 \u0259m\u0259kda\u015fl\u0131q edir. F\u0259rdi T\u0259r\u0259fda\u015fl\u0131q \u00fczr\u0259 \u018fm\u0259liyyat Plan\u0131 bunlardan biridir. Bu proqramda 5 d\u00f6vr \u00fczr\u0259 M\u00fcdafi\u0259 Nazirliyi il\u0259 t\u0259r\u0259fda\u015fl\u0131q n\u0259z\u0259rd\u0259 tutulurdu. Nazirlik Alyans il\u0259 10 il bu \u0259m\u0259kda\u015fl\u0131\u011f\u0131 davam etdirmi\u015fdi. Haz\u0131rda 6-c\u0131 d\u00f6vr \u00fczr\u0259 \u0259m\u0259kda\u015fl\u0131\u011f\u0131n davam etdirilm\u0259si m\u00fczakir\u0259 olunur. Az\u0259rbaycanda NATO standartlar\u0131 b\u00fct\u00fcn qo\u015fun n\u00f6vl\u0259rind\u0259 &#8211; h\u0259m M\u00fcdafi\u0259 Nazirliyind\u0259, h\u0259m D\u00f6vl\u0259t S\u0259rh\u0259d Xidm\u0259tind\u0259, h\u0259m d\u0259 Daxili Qo\u015funlarda t\u0259tbiq olunur. Az\u0259rbaycan Alyans il\u0259 22 ildir t\u0259r\u0259fda\u015fl\u0131q edir. Silahl\u0131 Q\u00fcvv\u0259l\u0259rin zabitl\u0259ri NATO-nun t\u0259liml\u0259rind\u0259 i\u015ftirak edir, el\u0259c\u0259 d\u0259 t\u0259\u015fkilat\u0131n t\u0259dris proqram\u0131ndan istifad\u0259 edirl\u0259r. H\u0259m\u00e7inin, NATO yan\u0131nda daimi n\u00fcmay\u0259nd\u0259lik f\u0259aliyy\u0259t g\u00f6st\u0259rir\u201d.<\/p>\n<p><img src=\"https:\/\/cdn.oxu.az\/uploads\/W1siZiIsIjIwMjQvMDEvMzAvMTIvNTIvNDIvNGRiMjk0ZTItODhmMS00MDNkLWIzMWQtNjhjNzU0OTBkOWU4LzFhYzYzZWJlLWI3ZmEtNDZmMy1hOGZkLTBiNzI0YmRiNThhYS5qcGciXSxbInAiLCJlbmNvZGUiLCJqcGciLCItcXVhbGl0eSA4MCJdLFsicCIsInRodW1iIiwiNTkweDU5MFx1MDAzZSJdXQ?sha=1e34d9582b36c524\" alt=\"\" \/><\/p>\n<p>\u018f.Verdiyev \u0259lav\u0259 etdi ki, Alyansla geni\u015f h\u0259rbi t\u0259r\u0259fda\u015fl\u0131q daha \u00e7ox \u00f6z\u00fcn\u00fc t\u0259dris sah\u0259sind\u0259 g\u00f6st\u0259rir. B\u00fct\u00fcn h\u0259rbi t\u0259hsil m\u00fc\u0259ssis\u0259l\u0259ri Milli M\u00fcdafi\u0259 Ordusunun n\u0259zdind\u0259 f\u0259aliyy\u0259t g\u00f6st\u0259rir. Burada t\u0259dris plan\u0131 T\u00fcrkiy\u0259 h\u0259rbi t\u0259hsilin\u0259 uy\u011funla\u015fd\u0131r\u0131l\u0131b.<\/p>\n<p>\u201cAz\u0259rbaycan eyni zamanda, NATO-ya \u00fczv olan m\u00fcxt\u0259lif \u00f6lk\u0259l\u0259rl\u0259 ayr\u0131l\u0131qda \u0259m\u0259kda\u015fl\u0131q edir. Bu \u00f6lk\u0259l\u0259r\u0259 T\u00fcrkiy\u0259, Macar\u0131stan, \u0130taliya, Serbiya, Rum\u0131niya v\u0259 s. daxildir. M\u00fcst\u0259qillik b\u0259rpa olunduqdan sonra Alyansa \u00fczv olan b\u0259zi \u00f6lk\u0259l\u0259r il\u0259 d\u0259 m\u00fcbahis\u0259l\u0259r yaran\u0131b, lakin bu m\u00fcbahis\u0259l\u0259r h\u0259rbi yox, siyasi m\u00fcst\u0259vid\u0259 olub. Az\u0259rbaycan \u00f6z maraqlar\u0131 \u00e7\u0259r\u00e7iv\u0259sind\u0259 t\u0259\u015fkilata \u00fczv olan ist\u0259nil\u0259n \u00f6lk\u0259 il\u0259 \u0259m\u0259kda\u015fl\u0131q ed\u0259 bil\u0259r. G\u0259l\u0259c\u0259kd\u0259 NATO-nun S\u00fclh Namin\u0259 T\u0259r\u0259fda\u015fl\u0131q Proqram\u0131 \u00e7\u0259r\u00e7iv\u0259sind\u0259 d\u00fcnyan\u0131n h\u0259r hans\u0131 bir m\u00fcnaqi\u015f\u0259 zonas\u0131na h\u0259rb\u00e7i g\u00f6nd\u0259rm\u0259k h\u0259rbi r\u0259hb\u0259rlik s\u0259viyy\u0259sind\u0259 m\u00fczakir\u0259 olunmur, lakin z\u0259rur\u0259t yarand\u0131qda bu hey\u0259t d\u00fcnyan\u0131n m\u00fcnaqi\u015f\u0259 zonalar\u0131nda ist\u0259nil\u0259n v\u0259zif\u0259ni yerin\u0259 yetirm\u0259y\u0259 haz\u0131rd\u0131r\u201d, &#8211; dey\u0259 h\u0259rbi ekspert vur\u011fulad\u0131.<\/p>\n<p><strong>Az\u0259rbaycan \u00f6z ordusunda NATO v\u0259 ke\u00e7mi\u015f Sovet \u0130ttifaq\u0131 t\u0259cr\u00fcb\u0259sini birl\u0259\u015fdir\u0259n yegan\u0259 d\u00f6vl\u0259tdir<\/strong><\/p>\n<p>M\u00f6vzu \u0259traf\u0131nda T\u00fcrkiy\u0259 Silahl\u0131 Q\u00fcvv\u0259l\u0259nin ehtiyatda olan general\u0131 Y\u00fccel Karauzla da dan\u0131\u015fd\u0131q.<\/p>\n<p>O qeyd etdi ki, Az\u0259rbaycan v\u0259 T\u00fcrkiy\u0259 aras\u0131nda h\u0259rbi \u0259m\u0259kda\u015fl\u0131q Az\u0259rbaycan\u0131n m\u00fcst\u0259qilliyini qazand\u0131qdan sonra ba\u015flay\u0131b. Bu h\u0259rbi \u0259m\u0259kda\u015fl\u0131q artan s\u0259viyy\u0259d\u0259 davam edir: \u201cT\u00fcrkiy\u0259 Silahl\u0131 Q\u00fcvv\u0259l\u0259ri d\u00fcnyada 8-ci, NATO \u00f6lk\u0259l\u0259ri aras\u0131nda is\u0259 ikinci \u0259n g\u00fccl\u00fc ordudur. T\u00fcrkiy\u0259 h\u0259rbi m\u0259kt\u0259bl\u0259rind\u0259 az\u0259rbaycanl\u0131 h\u0259rb\u00e7il\u0259r d\u0259 t\u0259hsil al\u0131r. Az\u0259rbaycanda T\u00fcrkiy\u0259 h\u0259rbi t\u0259hsil standartlar\u0131 \u00e7\u0259r\u00e7iv\u0259sind\u0259 h\u0259rbi t\u0259hsil m\u00fc\u0259ssis\u0259l\u0259ri Milli M\u00fcdafi\u0259 Universiteti n\u0259zdind\u0259 c\u0259ml\u0259nib. Eyni zamanda, iki \u00f6lk\u0259 h\u0259rb\u00e7il\u0259ri \u018ffqan\u0131standa NATO-nun s\u00fclhm\u0259raml\u0131 kontingentind\u0259 birg\u0259 f\u0259aliyy\u0259t g\u00f6st\u0259rib, Az\u0259rbaycanl\u0131 zabitl\u0259r NATO q\u0259rargah\u0131nda bu qurumla s\u0131x \u0259m\u0259kda\u015fl\u0131q edibl\u0259r. NATO-nun h\u0259r iki \u00f6lk\u0259d\u0259 ba\u015flatd\u0131\u011f\u0131 illik h\u0259rbi t\u0259liml\u0259rin say\u0131 17-18-\u0259 qalx\u0131b. Bu t\u0259liml\u0259r\u0259 son d\u00f6vrl\u0259rd\u0259 G\u00fcrc\u00fcstan v\u0259 Pakistan da qo\u015fulub\u201d.<\/p>\n<p><img src=\"https:\/\/cdn.oxu.az\/uploads\/W1siZiIsIjIwMjQvMDEvMzAvMTIvNTIvNDIvNTgyNjJhNTMtMzc0OC00ZDM2LWFjYzYtOTdhZmUzOTFkYzY1LzM0ZmI2MWIzLWIyNGYtNGUzYy1hODRiLWJjYmQ5NzRkOGJiMy5qcGciXSxbInAiLCJlbmNvZGUiLCJqcGciLCItcXVhbGl0eSA4MCJdLFsicCIsInRodW1iIiwiNTkweDU5MFx1MDAzZSJdXQ?sha=e34cfc30b4b5b2d4\" alt=\"\" \/><\/p>\n<p>Y.Karauz 44-g\u00fcnl\u00fck V\u0259t\u0259n m\u00fcharib\u0259sind\u0259n sonra iki \u00f6lk\u0259 aras\u0131nda olan h\u0259rbi \u0259m\u0259kda\u015fl\u0131\u011f\u0131n n\u0259tic\u0259si kimi Az\u0259rbaycan Ordusunda Quru Qo\u015funlar Komandanl\u0131\u011f\u0131n\u0131n v\u0259 Komando briqadalar\u0131n\u0131n yarad\u0131lmas\u0131n\u0131, ordunun 24 saat \u0259rzind\u0259 ist\u0259nil\u0259n \u0259razi v\u0259 hava \u015f\u0259raitind\u0259 h\u0259rbi \u0259m\u0259liyyatlara haz\u0131r hala g\u0259tirilm\u0259si \u00fc\u00e7\u00fcn birg\u0259 f\u0259aliyy\u0259tl\u0259rin h\u0259yata ke\u00e7irildiyini vur\u011fulad\u0131.<\/p>\n<p>\u201cAz\u0259rbaycan d\u00fcnyada yegan\u0259 d\u00f6vl\u0259tdir ki, ordusunda NATO v\u0259 ke\u00e7mi\u015f Sovet \u0130ttifaq\u0131 t\u0259cr\u00fcb\u0259sini birl\u0259\u015fdirir. Az\u0259rbaycan\u0131n NATO missiyas\u0131nda f\u0259aliyy\u0259t g\u00f6st\u0259r\u0259n bir taboru var. Bu taborda T\u00fcrkiy\u0259 v\u0259 Az\u0259rbaycan zabitl\u0259ri birg\u0259 f\u0259aliyy\u0259t g\u00f6st\u0259rirl\u0259r. NATO n\u00fcmay\u0259nd\u0259l\u0259ri ild\u0259 bir d\u0259f\u0259 bu birlikl\u0259rin d\u00f6y\u00fc\u015f haz\u0131rl\u0131\u011f\u0131n\u0131, t\u0259lim v\u0259 t\u0259drisini, el\u0259c\u0259 d\u0259 t\u0259chizat\u0131n\u0131 yoxlay\u0131rlar. Az\u0259rbaycan v\u0259 T\u00fcrkiy\u0259 is\u0259 eyni anda m\u00fcdafi\u0259 s\u0259nayesi sah\u0259sind\u0259, h\u0259rbi aviasiyada, el\u0259c\u0259 d\u0259 d\u0259niz \u015f\u0259raitind\u0259 birg\u0259 h\u0259rbi \u0259m\u0259kda\u015fl\u0131q edir. \u0130ki \u00f6lk\u0259 aras\u0131nda imzalanan \u015eu\u015fa b\u0259yannam\u0259si Bak\u0131n\u0131n t\u0259hl\u00fck\u0259sizliyini Ankaradan, Ankaran\u0131n t\u0259hl\u00fck\u0259sizliyini is\u0259 Bak\u0131dan t\u0259min edir\u201d, &#8211; dey\u0259 t\u00fcrkiy\u0259li general \u0259lav\u0259 etdi.<\/p>\n<p><strong>NATO-nun Az\u0259rbaycan h\u0259rb\u00e7il\u0259rin\u0259 m\u00fcnasib\u0259ti<\/strong><\/p>\n<p>NATO-nun \u018ffqan\u0131standak\u0131 s\u00fclhm\u0259raml\u0131 kontingentind\u0259 xidm\u0259t etmi\u015f Az\u0259rbaycan h\u0259rb\u00e7isi El\u00e7in \u018fhm\u0259dov \u201cReport\u201da bildirdi ki, o, dig\u0259r az\u0259rbaycanl\u0131 h\u0259rb\u00e7il\u0259rl\u0259 birg\u0259 \u018ffqan\u0131standa H\u0259mid Karzai ad\u0131na Beyn\u0259lxalq Hava Liman\u0131n\u0131n m\u00fchafiz\u0259sini t\u0259\u015fkil edibl\u0259r:<\/p>\n<p>\u201cH\u0259min hava liman\u0131n\u0131n n\u0259zar\u0259t-burax\u0131l\u0131\u015f m\u0259nt\u0259q\u0259sini (MBM) az\u0259rbaycanl\u0131 h\u0259rb\u00e7il\u0259r m\u00fchafiz\u0259 edirdil\u0259r. Biz h\u0259min NBM-in gec\u0259l\u0259r m\u00fcdafi\u0259sini, g\u00fcnd\u00fczl\u0259r is\u0259 m\u00fc\u015fahid\u0259sini t\u0259\u015fkil edirdik. Bel\u0259 ki, h\u0259min burax\u0131l\u0131\u015f m\u0259nt\u0259q\u0259sind\u0259n ke\u00e7\u0259n avtomobill\u0259r\u0259, el\u0259c\u0259 d\u0259 \u015f\u0259xsl\u0259r\u0259 n\u0259zar\u0259t edirdik. Xidm\u0259t \u00e7ox y\u00fcks\u0259k s\u0259viyy\u0259d\u0259 t\u0259\u015fkil olunurdu. Az\u0259rbaycanl\u0131 h\u0259rb\u00e7il\u0259r onlara h\u0259val\u0259 olunan m\u0259nt\u0259q\u0259ni etibarl\u0131 m\u00fchafiz\u0259 v\u0259 m\u00fcdafi\u0259 edirdil\u0259r. \u015e\u0259xsi hey\u0259tin qidalanmas\u0131nda T\u00fcrkiy\u0259 yem\u0259kl\u0259rind\u0259n istifad\u0259 olunurdu. Xarici h\u0259rb\u00e7il\u0259r d\u0259 bizi \u00f6z yem\u0259kxanalar\u0131na d\u0259v\u0259t edirdil\u0259r. G\u00fcnd\u0259lik xidm\u0259timizd\u0259 ay\u0131q-say\u0131ql\u0131q t\u0259l\u0259b olunurdu. Biz Az\u0259rbaycan\u0131n ad\u0131n\u0131 xarici \u00f6lk\u0259d\u0259 t\u0259msil edirdik, ona g\u00f6r\u0259 d\u0259 xidm\u0259timizi el\u0259 t\u0259\u015fkil edirdik ki, h\u0259r hans\u0131 bir n\u00f6qsan olmas\u0131n. T\u0259hl\u00fck\u0259li \u0259razini m\u00fchafiz\u0259 etdiyimiz \u00fc\u00e7\u00fcn maksimum d\u0259r\u0259c\u0259d\u0259 diqq\u0259tli olma\u011f\u0131m\u0131z t\u0259l\u0259b edilirdi. H\u0259min d\u00f6vrd\u0259 T\u00fcrkiy\u0259 h\u0259rb\u00e7il\u0259ri il\u0259 birg\u0259 t\u0259liml\u0259rd\u0259 i\u015ftirak edirdik\u201d.<\/p>\n<p><img src=\"https:\/\/cdn.oxu.az\/uploads\/W1siZiIsIjIwMjQvMDEvMzAvMTIvNTIvNDIvOTUwODdjM2MtMjFkMy00ZGE0LTk3YWQtMTdjZmY0ZGFlMmEzL2FjMTVjNGQxLWEwNmEtNGI0OS1iODg0LWI5YzA4MzI1MWEzZS5qcGciXSxbInAiLCJlbmNvZGUiLCJqcGciLCItcXVhbGl0eSA4MCJdLFsicCIsInRodW1iIiwiNTkweDU5MFx1MDAzZSJdXQ?sha=0984477155524d38\" alt=\"\" \/><\/p>\n<p>H\u0259rb\u00e7i \u0259lav\u0259 etdi ki, xidm\u0259t d\u00f6vr\u00fcnd\u0259 NATO-nun Az\u0259rbaycan h\u0259rb\u00e7il\u0259rin\u0259 m\u00fcnasib\u0259ti \u00e7ox yax\u015f\u0131 idi: \u201cOnlar bizim xidm\u0259ti y\u00fcks\u0259k qiym\u0259tl\u0259ndirir, b\u00fct\u00fcn t\u0259dbirl\u0259rd\u0259 az\u0259rbaycanl\u0131lar\u0131n xidm\u0259tl\u0259rini x\u00fcsusi qeyd edirdil\u0259r. H\u0259m\u00e7inin, bizim h\u0259rb\u00e7il\u0259ri t\u0259rifnam\u0259 v\u0259 t\u0259\u015f\u0259kk\u00fcrnam\u0259 il\u0259 d\u0259 t\u0259ltif edirdil\u0259r. T\u00fcrkiy\u0259 h\u0259rb\u00e7il\u0259ri d\u0259 az\u0259rbaycanl\u0131 h\u0259rb\u00e7il\u0259rin s\u00fclhm\u0259raml\u0131 missiyas\u0131n\u0131 v\u0259 xidm\u0259td\u0259 f\u0259aliyy\u0259tl\u0259rini x\u00fcsusi qeyd edirdil\u0259r\u201d.<\/p>\n<p><strong>Az\u0259rbaycan\u0131n NATO Ortaq Q\u00fcvv\u0259l\u0259r Birliyin\u0259 b\u0259yan edil\u0259n h\u0259rbi b\u00f6lm\u0259l\u0259ri<\/strong><\/p>\n<p>Az\u0259rbaycan M\u00fcdafi\u0259 Nazirliyind\u0259n \u201cReport\u201dun sor\u011fusuna cavab olaraq bildirildi ki, NATO-nun \u201c\u018fm\u0259liyyat \u0130mkanlar\u0131 Konsepsiyas\u0131 Qiym\u0259tl\u0259ndirm\u0259 v\u0259 R\u0259y Proqram\u0131\u201d Az\u0259rbaycan Ordusunun inki\u015faf\u0131na xidm\u0259t ed\u0259n NATO-nun \u00e7oxmill\u0259tli m\u00fcasir ordu quruculu\u011fu t\u0259cr\u00fcb\u0259sini \u00f6z\u00fcnd\u0259 c\u0259ml\u0259\u015fdir\u0259n \u0259h\u0259miyy\u0259tli mexanizml\u0259rd\u0259n biridir:<\/p>\n<p>\u201cBu proqram Ordunun m\u00fcvafiq b\u00f6lm\u0259l\u0259rinin m\u00fcasir d\u00f6y\u00fc\u015f\u00fcn t\u0259l\u0259bl\u0259rin\u0259 v\u0259 inki\u015faf etmi\u015f d\u00f6vl\u0259tl\u0259rin standartlar\u0131na uy\u011fun haz\u0131rlanmas\u0131, habel\u0259 NATO-nun z\u0259ruri \u201c\u0259m\u0259liyyat qabiliyy\u0259tl\u0259ri\u201dn\u0259 nail olmas\u0131 bax\u0131m\u0131ndan \u00e7ox \u0259h\u0259miyy\u0259tli bir mexanizmdir. Bu proqramla \u0259ld\u0259 edilmi\u015f t\u0259cr\u00fcb\u0259 v\u0259 bilik b\u00f6lm\u0259l\u0259rimizin beyn\u0259lxalq \u0259m\u0259liyyatlarda v\u0259 t\u0259liml\u0259rd\u0259 pe\u015f\u0259kar s\u0259viyy\u0259d\u0259 i\u015ftirak\u0131n\u0131 t\u0259min ed\u0259r\u0259k, t\u0259msil\u00e7ilik imkanlar\u0131n\u0131n v\u0259 n\u00fcfuzunun art\u0131r\u0131lmas\u0131na imkan yarad\u0131r. Az\u0259rbaycan Ordusunun S\u00fclhm\u0259raml\u0131 Q\u00fcvv\u0259l\u0259r Taboru, K\u0259\u015ffiyyat B\u00f6l\u00fcy\u00fc, \u201cM\u0130-17\u201d Helikopter C\u00fctl\u00fcy\u00fc v\u0259 D\u0259nizd\u0259 Qada\u011fa \u018fm\u0259liyyatlar\u0131 \u00fczr\u0259 G\u00f6y\u0259rt\u0259-Axtar\u0131\u015f Qrupu NATO-nun \u018f\u0130K Ortaq Q\u00fcvv\u0259l\u0259r Birliyin\u0259 b\u0259yan edil\u0259n b\u00f6lm\u0259l\u0259rdir\u201d.<\/p>\n<p>Bel\u0259likl\u0259, bu q\u0259na\u0259t\u0259 g\u0259lm\u0259k olar ki, Az\u0259rbaycan Silahl\u0131 Q\u00fcvv\u0259l\u0259ri NATO-nun t\u0259cr\u00fcb\u0259sind\u0259n yararlanmaqla yana\u015f\u0131, bu t\u0259\u015fkilat\u0131n s\u00fclhm\u0259raml\u0131 missiyas\u0131nda beyn\u0259lxalq s\u00fclh\u0259 d\u0259 \u00f6z t\u00f6hf\u0259sini verir. Dig\u0259r t\u0259r\u0259fd\u0259n, art\u0131q Az\u0259rbaycan Ordusunun II Qaraba\u011f m\u00fcharib\u0259si kimi bir t\u0259cr\u00fcb\u0259si var. Bel\u0259 ki, 44 g\u00fcn \u00e7\u0259k\u0259n v\u0259 30 il d\u00fc\u015fm\u0259n tapda\u011f\u0131 alt\u0131nda qalan torpaqlar\u0131m\u0131z\u0131n azad edilm\u0259si il\u0259 n\u0259tic\u0259l\u0259n\u0259n V\u0259t\u0259n m\u00fcharib\u0259si il\u0259 Ordumuz ad\u0131n\u0131 d\u00fcnya h\u0259rb tarixin\u0259 q\u0131z\u0131l h\u0259rfl\u0259rl\u0259 yazd\u0131rd\u0131. B\u00fct\u00fcn bu faktlar g\u00f6st\u0259rir ki, Az\u0259rbaycan bundan sonra da h\u0259m NATO, h\u0259m d\u0259 ayr\u0131-ayr\u0131 d\u00f6vl\u0259tl\u0259rl\u0259 h\u0259rbi \u0259m\u0259kda\u015fl\u0131q \u00e7\u0259r\u00e7iv\u0259sind\u0259 u\u011furla f\u0259aliyy\u0259t g\u00f6st\u0259r\u0259c\u0259k.<\/p>\n","protected":false},"excerpt":{"rendered":"<p>Son ill\u0259r Az\u0259rbaycan Silahl\u0131 Q\u00fcvv\u0259l\u0259rind\u0259 \u015eimali Atlantika M\u00fcqavil\u0259si T\u0259\u015fkilat\u0131 (NATO) standartlar\u0131n\u0131n t\u0259tbiqi aktual m\u0259s\u0259l\u0259y\u0259 \u00e7evrilib. Bu sah\u0259d\u0259 qarda\u015f T\u00fcrkiy\u0259 C\u00fcmhuriyy\u0259ti il\u0259 h\u0259rbi \u0259m\u0259kda\u015fl\u0131q \u00f6n plana ke\u00e7ib. H\u0259l\u0259 30 il \u00f6nc\u0259 &#8211; 4 may 1994-c\u00fc ild\u0259 Az\u0259rbaycan NATO-nun \u201cS\u00fclh Namin\u0259 T\u0259r\u0259fda\u015fl\u0131q\u201d (SNT) Proqram\u0131na qo\u015fulub. 2008-ci ild\u0259n etibar\u0259n t\u0259hsil sah\u0259sind\u0259 NATO il\u0259 \u0259m\u0259kda\u015fl\u0131q ed\u0259n Az\u0259rbaycan Ordusu t\u0259\u015fkilat\u0131n M\u00fcdafi\u0259 T\u0259hsilinin Geni\u015fl\u0259ndirilm\u0259si Proqram\u0131ndan yararlanmaqla tabeliyind\u0259 olan x\u00fcsusi t\u0259yinatl\u0131 h\u0259rbi t\u0259hsil m\u00fc\u0259ssis\u0259l\u0259rinin t\u0259drisinin m\u0259zmun v\u0259 formas\u0131n\u0131n Avropa t\u0259hsil standartlar\u0131na v\u0259 Boloniya prosesin\u0259 uy\u011funla\u015fd\u0131r\u0131lmas\u0131, el\u0259c\u0259 d\u0259 pedaqoji kadrlar\u0131n t\u0259kmill\u0259\u015fdirilm\u0259si sah\u0259sind\u0259 ciddi i\u015fl\u0259r g\u00f6r\u00fcb. B\u0259s bu g\u00fcn&hellip;<\/p>\n","protected":false},"author":2,"featured_media":685205,"comment_status":"closed","ping_status":"closed","sticky":false,"template":"","format":"standard","meta":{"om_disable_all_campaigns":false,"_monsterinsights_skip_tracking":false,"_monsterinsights_sitenote_active":false,"_monsterinsights_sitenote_note":"","_monsterinsights_sitenote_category":0},"categories":[4],"tags":[],"aioseo_notices":[],"gutentor_comment":0,"rttpg_featured_image_url":{"full":["https:\/\/arantv.az\/wp-content\/uploads\/2024\/01\/eb760223-a7dc-33c7-813a-c946f8f78e6d_850.jpg",620,413,false],"landscape":["https:\/\/arantv.az\/wp-content\/uploads\/2024\/01\/eb760223-a7dc-33c7-813a-c946f8f78e6d_850.jpg",620,413,false],"portraits":["https:\/\/arantv.az\/wp-content\/uploads\/2024\/01\/eb760223-a7dc-33c7-813a-c946f8f78e6d_850.jpg",620,413,false],"thumbnail":["https:\/\/arantv.az\/wp-content\/uploads\/2024\/01\/eb760223-a7dc-33c7-813a-c946f8f78e6d_850-500x280.jpg",500,280,true],"medium":["https:\/\/arantv.az\/wp-content\/uploads\/2024\/01\/eb760223-a7dc-33c7-813a-c946f8f78e6d_850-548x365.jpg",548,365,true],"large":["https:\/\/arantv.az\/wp-content\/uploads\/2024\/01\/eb760223-a7dc-33c7-813a-c946f8f78e6d_850.jpg",620,413,false],"1536x1536":["https:\/\/arantv.az\/wp-content\/uploads\/2024\/01\/eb760223-a7dc-33c7-813a-c946f8f78e6d_850.jpg",620,413,false],"2048x2048":["https:\/\/arantv.az\/wp-content\/uploads\/2024\/01\/eb760223-a7dc-33c7-813a-c946f8f78e6d_850.jpg",620,413,false],"post-thumbnail":["https:\/\/arantv.az\/wp-content\/uploads\/2024\/01\/eb760223-a7dc-33c7-813a-c946f8f78e6d_850-240x172.jpg",240,172,true],"advps-thumb-one":["https:\/\/arantv.az\/wp-content\/uploads\/2024\/01\/eb760223-a7dc-33c7-813a-c946f8f78e6d_850.jpg",620,413,false]},"rttpg_author":{"display_name":"V\u00fcsal Rafiqo\u011flu","author_link":"https:\/\/arantv.az\/?author=2"},"rttpg_comment":0,"rttpg_category":"<a href=\"https:\/\/arantv.az\/?cat=4\" rel=\"category\">Siyas\u0259t<\/a>","rttpg_excerpt":"Son ill\u0259r Az\u0259rbaycan Silahl\u0131 Q\u00fcvv\u0259l\u0259rind\u0259 \u015eimali Atlantika M\u00fcqavil\u0259si T\u0259\u015fkilat\u0131 (NATO) standartlar\u0131n\u0131n t\u0259tbiqi aktual m\u0259s\u0259l\u0259y\u0259 \u00e7evrilib. Bu sah\u0259d\u0259 qarda\u015f T\u00fcrkiy\u0259 C\u00fcmhuriyy\u0259ti il\u0259 h\u0259rbi \u0259m\u0259kda\u015fl\u0131q \u00f6n plana ke\u00e7ib. H\u0259l\u0259 30 il \u00f6nc\u0259 &#8211; 4 may 1994-c\u00fc ild\u0259 Az\u0259rbaycan NATO-nun \u201cS\u00fclh Namin\u0259 T\u0259r\u0259fda\u015fl\u0131q\u201d (SNT) Proqram\u0131na qo\u015fulub. 2008-ci ild\u0259n etibar\u0259n t\u0259hsil sah\u0259sind\u0259 NATO il\u0259 \u0259m\u0259kda\u015fl\u0131q ed\u0259n Az\u0259rbaycan Ordusu t\u0259\u015fkilat\u0131n&hellip;","_links":{"self":[{"href":"https:\/\/arantv.az\/index.php?rest_route=\/wp\/v2\/posts\/685201"}],"collection":[{"href":"https:\/\/arantv.az\/index.php?rest_route=\/wp\/v2\/posts"}],"about":[{"href":"https:\/\/arantv.az\/index.php?rest_route=\/wp\/v2\/types\/post"}],"author":[{"embeddable":true,"href":"https:\/\/arantv.az\/index.php?rest_route=\/wp\/v2\/users\/2"}],"replies":[{"embeddable":true,"href":"https:\/\/arantv.az\/index.php?rest_route=%2Fwp%2Fv2%2Fcomments&post=685201"}],"version-history":[{"count":0,"href":"https:\/\/arantv.az\/index.php?rest_route=\/wp\/v2\/posts\/685201\/revisions"}],"wp:featuredmedia":[{"embeddable":true,"href":"https:\/\/arantv.az\/index.php?rest_route=\/wp\/v2\/media\/685205"}],"wp:attachment":[{"href":"https:\/\/arantv.az\/index.php?rest_route=%2Fwp%2Fv2%2Fmedia&parent=685201"}],"wp:term":[{"taxonomy":"category","embeddable":true,"href":"https:\/\/arantv.az\/index.php?rest_route=%2Fwp%2Fv2%2Fcategories&post=685201"},{"taxonomy":"post_tag","embeddable":true,"href":"https:\/\/arantv.az\/index.php?rest_route=%2Fwp%2Fv2%2Ftags&post=685201"}],"curies":[{"name":"wp","href":"https:\/\/api.w.org\/{rel}","templated":true}]}}