{"id":685211,"date":"2024-01-30T18:51:04","date_gmt":"2024-01-30T14:51:04","guid":{"rendered":"https:\/\/arantv.az\/?p=685211"},"modified":"2024-01-30T18:51:04","modified_gmt":"2024-01-30T14:51:04","slug":"yaxin-gunl%c9%99rd%c9%99-avtomobill%c9%99rin-utilizasiya-haqqinin-m%c9%99bl%c9%99gi-bar%c9%99d%c9%99-q%c9%99rar-olacaq-r%c9%99smi","status":"publish","type":"post","link":"https:\/\/arantv.az\/?p=685211","title":{"rendered":"Yax\u0131n g\u00fcnl\u0259rd\u0259 avtomobill\u0259rin utilizasiya haqq\u0131n\u0131n m\u0259bl\u0259\u011fi bar\u0259d\u0259 q\u0259rar olacaq &#8211; R\u018fSM\u0130"},"content":{"rendered":"<p>\u201cAvtomobill\u0259rin utilizasiya haqq\u0131n\u0131n m\u0259bl\u0259\u011fi, g\u00fcz\u0259\u015ft m\u0259bl\u0259\u011fi v\u0259 bird\u0259f\u0259lik \u00f6d\u0259ni\u015fin h\u0259cminin m\u00fc\u0259yy\u0259nl\u0259\u015fdirilm\u0259si il\u0259 ba\u011fl\u0131 \u0259sas prosedurlar ba\u015fa \u00e7at\u0131b, proses son m\u0259rh\u0259l\u0259d\u0259dir\u201d.<\/p>\n<p>Bunu APA-ya a\u00e7\u0131qlamas\u0131nda Nazirl\u0259r Kabinetinin m\u0259tbuat xidm\u0259tinin r\u0259hb\u0259ri \u0130brahim M\u0259mm\u0259dov bildirib.<\/p>\n<p>\u0130brahim M\u0259mm\u0259dov qeyd edib ki, yax\u0131n g\u00fcnl\u0259rd\u0259 Nazirl\u0259r Kabinetinin bununla ba\u011fl\u0131 q\u0259rar\u0131 olacaq.<\/p>\n","protected":false},"excerpt":{"rendered":"<p>\u201cAvtomobill\u0259rin utilizasiya haqq\u0131n\u0131n m\u0259bl\u0259\u011fi, g\u00fcz\u0259\u015ft m\u0259bl\u0259\u011fi v\u0259 bird\u0259f\u0259lik \u00f6d\u0259ni\u015fin h\u0259cminin m\u00fc\u0259yy\u0259nl\u0259\u015fdirilm\u0259si il\u0259 ba\u011fl\u0131 \u0259sas prosedurlar ba\u015fa \u00e7at\u0131b, proses son m\u0259rh\u0259l\u0259d\u0259dir\u201d. Bunu APA-ya a\u00e7\u0131qlamas\u0131nda Nazirl\u0259r Kabinetinin m\u0259tbuat xidm\u0259tinin r\u0259hb\u0259ri \u0130brahim M\u0259mm\u0259dov bildirib. \u0130brahim M\u0259mm\u0259dov qeyd edib ki, yax\u0131n g\u00fcnl\u0259rd\u0259 Nazirl\u0259r Kabinetinin bununla ba\u011fl\u0131 q\u0259rar\u0131 olacaq.<\/p>\n","protected":false},"author":2,"featured_media":685212,"comment_status":"closed","ping_status":"closed","sticky":false,"template":"","format":"standard","meta":{"om_disable_all_campaigns":false,"_monsterinsights_skip_tracking":false,"_monsterinsights_sitenote_active":false,"_monsterinsights_sitenote_note":"","_monsterinsights_sitenote_category":0},"categories":[19],"tags":[],"aioseo_notices":[],"gutentor_comment":0,"rttpg_featured_image_url":{"full":["https:\/\/arantv.az\/wp-content\/uploads\/2024\/01\/65b8e3c69fcf965b8e3c69fcfa170661575065b8e3c69fcf765b8e3c69fcf8.jpg",620,413,false],"landscape":["https:\/\/arantv.az\/wp-content\/uploads\/2024\/01\/65b8e3c69fcf965b8e3c69fcfa170661575065b8e3c69fcf765b8e3c69fcf8.jpg",620,413,false],"portraits":["https:\/\/arantv.az\/wp-content\/uploads\/2024\/01\/65b8e3c69fcf965b8e3c69fcfa170661575065b8e3c69fcf765b8e3c69fcf8.jpg",620,413,false],"thumbnail":["https:\/\/arantv.az\/wp-content\/uploads\/2024\/01\/65b8e3c69fcf965b8e3c69fcfa170661575065b8e3c69fcf765b8e3c69fcf8-500x280.jpg",500,280,true],"medium":["https:\/\/arantv.az\/wp-content\/uploads\/2024\/01\/65b8e3c69fcf965b8e3c69fcfa170661575065b8e3c69fcf765b8e3c69fcf8-548x365.jpg",548,365,true],"large":["https:\/\/arantv.az\/wp-content\/uploads\/2024\/01\/65b8e3c69fcf965b8e3c69fcfa170661575065b8e3c69fcf765b8e3c69fcf8.jpg",620,413,false],"1536x1536":["https:\/\/arantv.az\/wp-content\/uploads\/2024\/01\/65b8e3c69fcf965b8e3c69fcfa170661575065b8e3c69fcf765b8e3c69fcf8.jpg",620,413,false],"2048x2048":["https:\/\/arantv.az\/wp-content\/uploads\/2024\/01\/65b8e3c69fcf965b8e3c69fcfa170661575065b8e3c69fcf765b8e3c69fcf8.jpg",620,413,false],"post-thumbnail":["https:\/\/arantv.az\/wp-content\/uploads\/2024\/01\/65b8e3c69fcf965b8e3c69fcfa170661575065b8e3c69fcf765b8e3c69fcf8-240x172.jpg",240,172,true],"advps-thumb-one":["https:\/\/arantv.az\/wp-content\/uploads\/2024\/01\/65b8e3c69fcf965b8e3c69fcfa170661575065b8e3c69fcf765b8e3c69fcf8.jpg",620,413,false]},"rttpg_author":{"display_name":"V\u00fcsal Rafiqo\u011flu","author_link":"https:\/\/arantv.az\/?author=2"},"rttpg_comment":0,"rttpg_category":"<a href=\"https:\/\/arantv.az\/?cat=19\" rel=\"category\">G\u00fcnd\u0259m<\/a>","rttpg_excerpt":"\u201cAvtomobill\u0259rin utilizasiya haqq\u0131n\u0131n m\u0259bl\u0259\u011fi, g\u00fcz\u0259\u015ft m\u0259bl\u0259\u011fi v\u0259 bird\u0259f\u0259lik \u00f6d\u0259ni\u015fin h\u0259cminin m\u00fc\u0259yy\u0259nl\u0259\u015fdirilm\u0259si il\u0259 ba\u011fl\u0131 \u0259sas prosedurlar ba\u015fa \u00e7at\u0131b, proses son m\u0259rh\u0259l\u0259d\u0259dir\u201d. Bunu APA-ya a\u00e7\u0131qlamas\u0131nda Nazirl\u0259r Kabinetinin m\u0259tbuat xidm\u0259tinin r\u0259hb\u0259ri \u0130brahim M\u0259mm\u0259dov bildirib. \u0130brahim M\u0259mm\u0259dov qeyd edib ki, yax\u0131n g\u00fcnl\u0259rd\u0259 Nazirl\u0259r Kabinetinin bununla ba\u011fl\u0131 q\u0259rar\u0131 olacaq.","_links":{"self":[{"href":"https:\/\/arantv.az\/index.php?rest_route=\/wp\/v2\/posts\/685211"}],"collection":[{"href":"https:\/\/arantv.az\/index.php?rest_route=\/wp\/v2\/posts"}],"about":[{"href":"https:\/\/arantv.az\/index.php?rest_route=\/wp\/v2\/types\/post"}],"author":[{"embeddable":true,"href":"https:\/\/arantv.az\/index.php?rest_route=\/wp\/v2\/users\/2"}],"replies":[{"embeddable":true,"href":"https:\/\/arantv.az\/index.php?rest_route=%2Fwp%2Fv2%2Fcomments&post=685211"}],"version-history":[{"count":0,"href":"https:\/\/arantv.az\/index.php?rest_route=\/wp\/v2\/posts\/685211\/revisions"}],"wp:featuredmedia":[{"embeddable":true,"href":"https:\/\/arantv.az\/index.php?rest_route=\/wp\/v2\/media\/685212"}],"wp:attachment":[{"href":"https:\/\/arantv.az\/index.php?rest_route=%2Fwp%2Fv2%2Fmedia&parent=685211"}],"wp:term":[{"taxonomy":"category","embeddable":true,"href":"https:\/\/arantv.az\/index.php?rest_route=%2Fwp%2Fv2%2Fcategories&post=685211"},{"taxonomy":"post_tag","embeddable":true,"href":"https:\/\/arantv.az\/index.php?rest_route=%2Fwp%2Fv2%2Ftags&post=685211"}],"curies":[{"name":"wp","href":"https:\/\/api.w.org\/{rel}","templated":true}]}}