{"id":685214,"date":"2024-01-30T18:51:52","date_gmt":"2024-01-30T14:51:52","guid":{"rendered":"https:\/\/arantv.az\/?p=685214"},"modified":"2024-01-30T18:51:52","modified_gmt":"2024-01-30T14:51:52","slug":"ekspert-baki-il%c9%99-ir%c9%99van-arasinda-munasib%c9%99tl%c9%99rd%c9%99-musb%c9%99t-ir%c9%99lil%c9%99yis-var","status":"publish","type":"post","link":"https:\/\/arantv.az\/?p=685214","title":{"rendered":"Ekspert: \u201cBak\u0131 il\u0259 \u0130r\u0259van aras\u0131nda m\u00fcnasib\u0259tl\u0259rd\u0259 m\u00fcsb\u0259t ir\u0259lil\u0259yi\u015f var\u201d"},"content":{"rendered":"<p>\u201cAz\u0259rbaycanla Erm\u0259nistan aras\u0131nda m\u00fcnasib\u0259tl\u0259rin normalla\u015fmas\u0131 prosesind\u0259 m\u00fcsb\u0259t ir\u0259lil\u0259yi\u015f var ki, bu da 2024-c\u00fc ild\u0259 s\u00fclh sazi\u015finin imzalanmas\u0131n\u0131n m\u00fcmk\u00fcnl\u00fcy\u00fcn\u0259 \u00fcmid etm\u0259y\u0259 \u0259sas verir\u201d.<\/p>\n<p>Bunu \u201cReport\u201da a\u00e7\u0131qlamas\u0131nda italiyal\u0131 analitik, Roma Sapienza Universitetinin beyn\u0259lxalq h\u00fcquq \u00fczr\u0259 f\u0259ls\u0259f\u0259 doktoru Valentina \u015eabert deyib.<\/p>\n<p>\u201cXarici vasit\u0259\u00e7il\u0259rd\u0259n imtina edilm\u0259si h\u0259r iki \u00f6lk\u0259y\u0259 ciddi u\u011fur qazand\u0131r\u0131b. Az\u0259rbaycan Respublikas\u0131 Prezidentinin Administrasiyas\u0131 v\u0259 Erm\u0259nistan Respublikas\u0131 Ba\u015f nazirinin Aparat\u0131 aras\u0131nda \u00f6t\u0259n il dekabr\u0131n 7-d\u0259 apar\u0131lm\u0131\u015f dan\u0131\u015f\u0131qlar \u0259h\u0259miyy\u0259tli m\u0259qam olub. Bu, \u00f6lk\u0259l\u0259r aras\u0131nda qar\u015f\u0131l\u0131ql\u0131 etimad\u0131n m\u00f6hk\u0259ml\u0259ndirilm\u0259si \u00fc\u00e7\u00fcn fundamental add\u0131md\u0131r. H\u0259rbi personal m\u00fcbadil\u0259sin\u0259, el\u0259c\u0259 d\u0259 Erm\u0259nistan\u0131n Az\u0259rbaycan\u0131n BMT-nin \u0130qlim D\u0259yi\u015fikliyi \u00fczr\u0259 \u00c7\u0259r\u00e7iv\u0259 Konvensiyas\u0131n\u0131n T\u0259r\u0259fl\u0259r Konfrans\u0131n\u0131n 29-cu sessiyas\u0131na (COP29) ev sahibliyi etm\u0259k \u00fc\u00e7\u00fcn namiz\u0259dliyini d\u0259st\u0259kl\u0259m\u0259sin\u0259 imkan yarad\u0131b\u201d, &#8211; o vur\u011fulay\u0131b.<\/p>\n<div id=\"22889818619\"><\/div>\n<p>V.\u015eabertin s\u00f6zl\u0259rin\u0259 g\u00f6r\u0259, r\u0259smi Bak\u0131 v\u0259 \u0130r\u0259van\u0131n birg\u0259 b\u0259yanat\u0131 s\u00fcbut idi ki, t\u0259r\u0259fl\u0259rin qar\u015f\u0131l\u0131ql\u0131 xo\u015fm\u0259raml\u0131l\u0131\u011f\u0131 v\u0259 siyasi \u00f6hd\u0259liyi \u00fc\u00e7 x\u00fcsusi element\u0259 diqq\u0259t yetirm\u0259kl\u0259 regional s\u0259viyy\u0259d\u0259 inki\u015faf etdiril\u0259 bil\u0259r: \u201cBuraya birba\u015fa ikit\u0259r\u0259fli qar\u015f\u0131l\u0131ql\u0131 f\u0259aliyy\u0259t, xarici t\u0259zyiqin olmamas\u0131, beyn\u0259lxalq s\u0259viyy\u0259d\u0259 qar\u015f\u0131l\u0131ql\u0131 d\u0259st\u0259k daxildir\u201d.<\/p>\n<p>Ekspert qeyd edib ki, Az\u0259rbaycan v\u0259 Erm\u0259nistan aras\u0131nda normalla\u015fmada m\u00fcsb\u0259t d\u0259yi\u015fiklikl\u0259r\u0259 baxmayaraq, realist olma\u011fa v\u0259 t\u0259r\u0259fl\u0259rin h\u0259l\u0259 d\u0259 raz\u0131la\u015fa bilm\u0259diyi m\u0259qamlar\u0131 xat\u0131rlama\u011fa d\u0259y\u0259r: \u201cBirincisi, Az\u0259rbaycan\u0131n t\u0259klif etdiyi s\u00fclh sazi\u015finin 5 madd\u0259sind\u0259n yaln\u0131z 3-\u00fc Erm\u0259nistan t\u0259r\u0259find\u0259n q\u0259bul edilib, y\u0259ni qalan iki madd\u0259 il\u0259 ba\u011fl\u0131 h\u0259l\u0259lik r\u0259smi a\u00e7\u0131qlama yoxdur. \u0130kincisi, \u00f6lk\u0259 Prezidenti\u00a0<strong>\u0130lham \u018fliyevin<\/strong>\u00a0Az\u0259rbaycan\u0131n Erm\u0259nistan\u0131n suverenliyi il\u0259 ba\u011fl\u0131 he\u00e7 bir qeyd-\u015f\u0259rtinin olmad\u0131\u011f\u0131n\u0131 d\u0259f\u0259l\u0259rl\u0259 b\u0259yan etm\u0259sin\u0259 baxmayaraq, regional n\u0259qliyyat \u0259laq\u0259l\u0259ri, x\u00fcsus\u0259n d\u0259 Z\u0259ng\u0259zur d\u0259hlizi layih\u0259sinin icras\u0131 gecikm\u0259nin dig\u0259r elementi ola bil\u0259r\u201d.<\/p>\n","protected":false},"excerpt":{"rendered":"<p>\u201cAz\u0259rbaycanla Erm\u0259nistan aras\u0131nda m\u00fcnasib\u0259tl\u0259rin normalla\u015fmas\u0131 prosesind\u0259 m\u00fcsb\u0259t ir\u0259lil\u0259yi\u015f var ki, bu da 2024-c\u00fc ild\u0259 s\u00fclh sazi\u015finin imzalanmas\u0131n\u0131n m\u00fcmk\u00fcnl\u00fcy\u00fcn\u0259 \u00fcmid etm\u0259y\u0259 \u0259sas verir\u201d. Bunu \u201cReport\u201da a\u00e7\u0131qlamas\u0131nda italiyal\u0131 analitik, Roma Sapienza Universitetinin beyn\u0259lxalq h\u00fcquq \u00fczr\u0259 f\u0259ls\u0259f\u0259 doktoru Valentina \u015eabert deyib. \u201cXarici vasit\u0259\u00e7il\u0259rd\u0259n imtina edilm\u0259si h\u0259r iki \u00f6lk\u0259y\u0259 ciddi u\u011fur qazand\u0131r\u0131b. Az\u0259rbaycan Respublikas\u0131 Prezidentinin Administrasiyas\u0131 v\u0259 Erm\u0259nistan Respublikas\u0131 Ba\u015f nazirinin Aparat\u0131 aras\u0131nda \u00f6t\u0259n il dekabr\u0131n 7-d\u0259 apar\u0131lm\u0131\u015f dan\u0131\u015f\u0131qlar \u0259h\u0259miyy\u0259tli m\u0259qam olub. Bu, \u00f6lk\u0259l\u0259r aras\u0131nda qar\u015f\u0131l\u0131ql\u0131 etimad\u0131n m\u00f6hk\u0259ml\u0259ndirilm\u0259si \u00fc\u00e7\u00fcn fundamental add\u0131md\u0131r. H\u0259rbi personal m\u00fcbadil\u0259sin\u0259, el\u0259c\u0259 d\u0259 Erm\u0259nistan\u0131n Az\u0259rbaycan\u0131n BMT-nin \u0130qlim D\u0259yi\u015fikliyi \u00fczr\u0259 \u00c7\u0259r\u00e7iv\u0259 Konvensiyas\u0131n\u0131n&hellip;<\/p>\n","protected":false},"author":2,"featured_media":685215,"comment_status":"closed","ping_status":"closed","sticky":false,"template":"","format":"standard","meta":{"om_disable_all_campaigns":false,"_monsterinsights_skip_tracking":false,"_monsterinsights_sitenote_active":false,"_monsterinsights_sitenote_note":"","_monsterinsights_sitenote_category":0},"categories":[4],"tags":[],"aioseo_notices":[],"gutentor_comment":0,"rttpg_featured_image_url":{"full":["https:\/\/arantv.az\/wp-content\/uploads\/2024\/01\/635b7c33-9b99-3d73-800c-a5f795baca6a_850.jpg",620,413,false],"landscape":["https:\/\/arantv.az\/wp-content\/uploads\/2024\/01\/635b7c33-9b99-3d73-800c-a5f795baca6a_850.jpg",620,413,false],"portraits":["https:\/\/arantv.az\/wp-content\/uploads\/2024\/01\/635b7c33-9b99-3d73-800c-a5f795baca6a_850.jpg",620,413,false],"thumbnail":["https:\/\/arantv.az\/wp-content\/uploads\/2024\/01\/635b7c33-9b99-3d73-800c-a5f795baca6a_850-500x280.jpg",500,280,true],"medium":["https:\/\/arantv.az\/wp-content\/uploads\/2024\/01\/635b7c33-9b99-3d73-800c-a5f795baca6a_850-548x365.jpg",548,365,true],"large":["https:\/\/arantv.az\/wp-content\/uploads\/2024\/01\/635b7c33-9b99-3d73-800c-a5f795baca6a_850.jpg",620,413,false],"1536x1536":["https:\/\/arantv.az\/wp-content\/uploads\/2024\/01\/635b7c33-9b99-3d73-800c-a5f795baca6a_850.jpg",620,413,false],"2048x2048":["https:\/\/arantv.az\/wp-content\/uploads\/2024\/01\/635b7c33-9b99-3d73-800c-a5f795baca6a_850.jpg",620,413,false],"post-thumbnail":["https:\/\/arantv.az\/wp-content\/uploads\/2024\/01\/635b7c33-9b99-3d73-800c-a5f795baca6a_850-240x172.jpg",240,172,true],"advps-thumb-one":["https:\/\/arantv.az\/wp-content\/uploads\/2024\/01\/635b7c33-9b99-3d73-800c-a5f795baca6a_850.jpg",620,413,false]},"rttpg_author":{"display_name":"V\u00fcsal Rafiqo\u011flu","author_link":"https:\/\/arantv.az\/?author=2"},"rttpg_comment":0,"rttpg_category":"<a href=\"https:\/\/arantv.az\/?cat=4\" rel=\"category\">Siyas\u0259t<\/a>","rttpg_excerpt":"\u201cAz\u0259rbaycanla Erm\u0259nistan aras\u0131nda m\u00fcnasib\u0259tl\u0259rin normalla\u015fmas\u0131 prosesind\u0259 m\u00fcsb\u0259t ir\u0259lil\u0259yi\u015f var ki, bu da 2024-c\u00fc ild\u0259 s\u00fclh sazi\u015finin imzalanmas\u0131n\u0131n m\u00fcmk\u00fcnl\u00fcy\u00fcn\u0259 \u00fcmid etm\u0259y\u0259 \u0259sas verir\u201d. Bunu \u201cReport\u201da a\u00e7\u0131qlamas\u0131nda italiyal\u0131 analitik, Roma Sapienza Universitetinin beyn\u0259lxalq h\u00fcquq \u00fczr\u0259 f\u0259ls\u0259f\u0259 doktoru Valentina \u015eabert deyib. \u201cXarici vasit\u0259\u00e7il\u0259rd\u0259n imtina edilm\u0259si h\u0259r iki \u00f6lk\u0259y\u0259 ciddi u\u011fur qazand\u0131r\u0131b. Az\u0259rbaycan Respublikas\u0131 Prezidentinin Administrasiyas\u0131 v\u0259 Erm\u0259nistan Respublikas\u0131&hellip;","_links":{"self":[{"href":"https:\/\/arantv.az\/index.php?rest_route=\/wp\/v2\/posts\/685214"}],"collection":[{"href":"https:\/\/arantv.az\/index.php?rest_route=\/wp\/v2\/posts"}],"about":[{"href":"https:\/\/arantv.az\/index.php?rest_route=\/wp\/v2\/types\/post"}],"author":[{"embeddable":true,"href":"https:\/\/arantv.az\/index.php?rest_route=\/wp\/v2\/users\/2"}],"replies":[{"embeddable":true,"href":"https:\/\/arantv.az\/index.php?rest_route=%2Fwp%2Fv2%2Fcomments&post=685214"}],"version-history":[{"count":0,"href":"https:\/\/arantv.az\/index.php?rest_route=\/wp\/v2\/posts\/685214\/revisions"}],"wp:featuredmedia":[{"embeddable":true,"href":"https:\/\/arantv.az\/index.php?rest_route=\/wp\/v2\/media\/685215"}],"wp:attachment":[{"href":"https:\/\/arantv.az\/index.php?rest_route=%2Fwp%2Fv2%2Fmedia&parent=685214"}],"wp:term":[{"taxonomy":"category","embeddable":true,"href":"https:\/\/arantv.az\/index.php?rest_route=%2Fwp%2Fv2%2Fcategories&post=685214"},{"taxonomy":"post_tag","embeddable":true,"href":"https:\/\/arantv.az\/index.php?rest_route=%2Fwp%2Fv2%2Ftags&post=685214"}],"curies":[{"name":"wp","href":"https:\/\/api.w.org\/{rel}","templated":true}]}}